{"id":3778,"date":"2025-02-11T07:46:27","date_gmt":"2025-02-11T10:46:27","guid":{"rendered":"https:\/\/13.com.ar\/index.php\/por-el-salto-de-las-importaciones-en-enero-argentina-tuvo-el-mayor-deficit-comercial-con-brasil-en-7-anos\/"},"modified":"2025-02-11T07:46:27","modified_gmt":"2025-02-11T10:46:27","slug":"por-el-salto-de-las-importaciones-en-enero-argentina-tuvo-el-mayor-deficit-comercial-con-brasil-en-7-anos","status":"publish","type":"post","link":"https:\/\/13.com.ar\/index.php\/por-el-salto-de-las-importaciones-en-enero-argentina-tuvo-el-mayor-deficit-comercial-con-brasil-en-7-anos\/","title":{"rendered":"Por el salto de las importaciones, en enero Argentina tuvo el mayor d\u00e9ficit comercial con Brasil en 7 a\u00f1os"},"content":{"rendered":"<p> <br \/>\n<\/p>\n<div id=\"cuerpo\">\n<div class=\"sc-80531b6b-0 chRIGJ container-text text-embed\">\n<p>En enero de 2025, Argentina tuvo <strong>un d\u00e9ficit en su balanza comercial con Brasil de US$ 326 millones<\/strong>, el m\u00e1s alto desde 2018. Este es el sexto mes consecutivo con d\u00e9ficit comercial, y se compara con un leve super\u00e1vit de US$ 29 millones en enero de 2024. <\/p>\n<\/div>\n<div class=\"sc-80531b6b-0 chRIGJ container-text text-embed\">\n<p>&#8220;La ampliaci\u00f3n del rojo comercial puede explicarse principalmente gracias a un salto importador de 57,9% interanual, que se explica mayoritariamente (57%) por<strong> el saldo del sector automotriz de US$ 255,6 millones de importaciones extra<\/strong>&#8220;, se\u00f1ala un informe de la consultora Abeceb. <\/p>\n<\/div>\n<div class=\"sc-80531b6b-0 chRIGJ container-text text-embed\">\n<p>&#8220;Sin dudas este salto importador tiene que ver con <strong>una baja base de comparaci\u00f3n <\/strong>(en enero 2024 los niveles de importaci\u00f3n fueron muy bajos reflejando el impacto de la devaluaci\u00f3n de diciembre de 2023) a lo que se suma el incentivo proveniente de la quita del impuesto PAIS el 23\/12, que abarata las importaciones&#8221;, agregan.<\/p>\n<\/div>\n<div class=\"sc-106e49c0-0 dcVumd freeHtml-embed undefined\"><picture><source media=\"(min-width: 720px)\" ><img decoding=\"async\" src=\"https:\/\/13.com.ar\/wp-content\/uploads\/2025\/02\/Por-el-salto-de-las-importaciones-en-enero-Argentina-tuvo.svg.svg+xml\" alt=\"intercambio-comercial\" loading=\"lazy\"\/><br \/>\n    <\/source><\/picture><\/div>\n<div class=\"sc-80531b6b-0 chRIGJ container-text text-embed\">\n<p>Las importaciones desde Brasil totalizaron <strong>US$ 1.212 millones<\/strong> en el primer mes del a\u00f1o. Este es el quinto mes seguido de compras externas en alza.<\/p>\n<\/div>\n<div class=\"sc-80531b6b-0 chRIGJ container-text text-embed\">\n<p>&#8220;Cabe destacar <strong>la fuerte tracci\u00f3n que proveyeron las importaciones automotrices<\/strong> en el primer mes del a\u00f1o (versus un enero de 2024 en el que las compras estuvieron pr\u00e1cticamente paralizadas). Este a\u00f1o las compras de veh\u00edculos de carretera crecieron un 3.927,2% anual (a<strong> US$ 50,7 millones)<\/strong>, mientras que las importaciones de veh\u00edculos automotores para transporte de mercanc\u00edas crecieron un 184,0% a <strong>US$ 61,5 millones<\/strong>, y los veh\u00edculos de pasajeros mostraron un incremento de 127,7% (a <strong>US$ 226,4 millones<\/strong>)&#8221;.<\/p>\n<\/div>\n<div class=\"sc-80531b6b-0 chRIGJ container-text text-embed\">\n<p>Con menor aumento porcentual pero gran peso (un 9,3% del total importado) incidi\u00f3 la suba en partes y accesorios de veh\u00edculos automotores de un 25,5% anual a <strong>US$ 112,5 millones<\/strong>.<\/p>\n<\/div>\n<div class=\"sc-80531b6b-0 chRIGJ container-text text-embed\">\n<p>Las exportaciones argentinas a Brasil alcanzaron los <strong>US$ 886 millones<\/strong> en el primer mes de 2025, una suba del 11,3% anual. As\u00ed las ventas externas vienen moviendo al alza por ocho meses consecutivos.<\/p>\n<\/div>\n<div class=\"sc-80531b6b-0 chRIGJ container-text text-embed\">\n<p><strong>En enero cayeron 35% las exportaciones de veh\u00edculos automotores para transporte de mercanc\u00edas<\/strong> y en veh\u00edculos automotores de pasajeros (-14,8% interanual).<\/p>\n<\/div>\n<div class=\"sc-80531b6b-0 chRIGJ container-text text-embed\">\n<p>En tanto, <strong>el agro mostr\u00f3 un desempe\u00f1o d\u00e9bil en el primer mes<\/strong>, empezando con el rubro de trigo y centeno sin moler, ya que las ventas al principal socio del pa\u00eds cayeron un 2,5% anua. Adem\u00e1s, las ventas de carne vacuna fresca, refrigerada, o congelada retrocedieron 36,5% anual.<\/p>\n<\/div>\n<p><h2><strong>Perspectivas 2025<\/strong><\/h2>\n<\/p>\n<div class=\"sc-80531b6b-0 chRIGJ container-text text-embed\">\n<p>&#8220;<strong>Para el resto de 2025 esperamos que el d\u00e9ficit bilateral entre Argentina y Brasil se amplifique significativamente <\/strong>y que probablemente arrime los<strong> US$ 4.000 millones<\/strong> con importaciones que dif\u00edcilmente crezcan menos del 30% (al entorno de US$ 18.000 millones como piso) y exportaciones subiendo entre el 11% y el 13% anual&#8221;, se\u00f1ala Abeceb.<\/p>\n<\/div>\n<div class=\"sc-80531b6b-0 chRIGJ container-text text-embed\">\n<p>Del lado argentino, &#8220;los principales drivers ser\u00e1n primero que nada <strong>la recuperaci\u00f3n econ\u00f3mica, traccionada por el consumo y la inversi\u00f3n<\/strong>. A esto se suma un repunte de las importaciones luego de estar comprimidas tanto por los controles y restricciones que se est\u00e1n removiendo (por ejemplo, la desregulaci\u00f3n parcial de autopartes anunciada recientemente), as\u00ed como la quita de aranceles y controles y del Impuesto Pa\u00eds&#8221;.<\/p>\n<\/div>\n<div class=\"sc-80531b6b-0 chRIGJ container-text text-embed\">\n<p>Abeceb agrega que &#8220;<strong>el \u00faltimo factor de peso ser\u00e1 la apreciaci\u00f3n cambiaria argentina, <\/strong>que con la baja del crawling peg a 1% probablemente se acent\u00fae algo m\u00e1s en lo que resta del a\u00f1o&#8221;.<\/p>\n<\/div>\n<div class=\"sc-80531b6b-0 chRIGJ container-text text-embed\">\n<p>Por el lado de Brasil, <strong>la reversi\u00f3n parcial de la depreciaci\u00f3n del real en la segunda mitad de enero<\/strong> (de un pico de 6,1 por d\u00f3lar a R$5,8 al cierre de mes) sin dudas trajo <strong>alg\u00fan alivio en la competitividad argentina <\/strong>pero es de esperar que el real brasile\u00f1o se mantenga debilitado en lo que resta del a\u00f1o en un contexto persistencia de dudas en materia fiscal y mayor incertidumbre internacional&#8221;. <\/p>\n<\/div>\n<\/div>\n<p><br \/>\n<br \/><a href=\"https:\/\/www.clarin.com\/economia\/salto-importaciones-enero-argentina-mayor-deficit-comercial-brasil-7-anos_0_GvEsP5w38n.html\">Fuente Clarin.com <\/a><\/p>\n","protected":false},"excerpt":{"rendered":"<p>En enero de 2025, Argentina tuvo un d\u00e9ficit en su balanza comercial con Brasil de US$ 326 millones, el m\u00e1s alto desde 2018. Este es el sexto mes consecutivo con d\u00e9ficit comercial, y se compara con un leve super\u00e1vit de US$ 29 millones en enero de 2024. &#8220;La ampliaci\u00f3n del rojo comercial puede explicarse principalmente [&hellip;]<\/p>\n","protected":false},"author":1,"featured_media":3779,"comment_status":"open","ping_status":"open","sticky":false,"template":"","format":"standard","meta":{"footnotes":""},"categories":[2],"tags":[636,288,85,1419,18,2485,149,2489,48,817,142,1311,507],"class_list":["post-3778","post","type-post","status-publish","format-standard","has-post-thumbnail","hentry","category-ultimas-noticias","tag-anos","tag-argentina","tag-brasil","tag-comercial","tag-con","tag-deficit","tag-enero","tag-importaciones","tag-las","tag-mayor","tag-por","tag-salto","tag-tuvo"],"_links":{"self":[{"href":"https:\/\/13.com.ar\/index.php\/wp-json\/wp\/v2\/posts\/3778","targetHints":{"allow":["GET"]}}],"collection":[{"href":"https:\/\/13.com.ar\/index.php\/wp-json\/wp\/v2\/posts"}],"about":[{"href":"https:\/\/13.com.ar\/index.php\/wp-json\/wp\/v2\/types\/post"}],"author":[{"embeddable":true,"href":"https:\/\/13.com.ar\/index.php\/wp-json\/wp\/v2\/users\/1"}],"replies":[{"embeddable":true,"href":"https:\/\/13.com.ar\/index.php\/wp-json\/wp\/v2\/comments?post=3778"}],"version-history":[{"count":0,"href":"https:\/\/13.com.ar\/index.php\/wp-json\/wp\/v2\/posts\/3778\/revisions"}],"wp:featuredmedia":[{"embeddable":true,"href":"https:\/\/13.com.ar\/index.php\/wp-json\/wp\/v2\/media\/3779"}],"wp:attachment":[{"href":"https:\/\/13.com.ar\/index.php\/wp-json\/wp\/v2\/media?parent=3778"}],"wp:term":[{"taxonomy":"category","embeddable":true,"href":"https:\/\/13.com.ar\/index.php\/wp-json\/wp\/v2\/categories?post=3778"},{"taxonomy":"post_tag","embeddable":true,"href":"https:\/\/13.com.ar\/index.php\/wp-json\/wp\/v2\/tags?post=3778"}],"curies":[{"name":"wp","href":"https:\/\/api.w.org\/{rel}","templated":true}]}}