{"id":37760,"date":"2025-06-28T08:21:30","date_gmt":"2025-06-28T11:21:30","guid":{"rendered":"https:\/\/13.com.ar\/index.php\/el-gobierno-firmo-un-acuerdo-con-francia-para-impulsar-la-llegada-de-inversiones-extranjeras\/"},"modified":"2025-06-28T08:21:30","modified_gmt":"2025-06-28T11:21:30","slug":"el-gobierno-firmo-un-acuerdo-con-francia-para-impulsar-la-llegada-de-inversiones-extranjeras","status":"publish","type":"post","link":"https:\/\/13.com.ar\/index.php\/el-gobierno-firmo-un-acuerdo-con-francia-para-impulsar-la-llegada-de-inversiones-extranjeras\/","title":{"rendered":"el Gobierno firm\u00f3 un acuerdo con Francia para impulsar la llegada de inversiones extranjeras"},"content":{"rendered":"<p> <br \/>\n<br \/><img decoding=\"async\" src=\"https:\/\/13.com.ar\/wp-content\/uploads\/2025\/06\/el-Gobierno-firmo-un-acuerdo-con-Francia-para-impulsar-la.jpg\" \/><\/p>\n<p>S\u00e1b. 28.06.2025-07:29<\/p>\n<p><h2>Acuerdo Argentina-Francia: cu\u00e1les son las claves del convenio marco entre Milei y Macron<\/h2>\n<\/p>\n<div>\n<p>El gobierno de Javier Milei firm\u00f3 con Francia un acuerdo marco sobre minerales cr\u00edticos como el litio, del que Argentina posee la tercera reserva mundial, con el objetivo de promover la financiaci\u00f3n y las inversiones en este sector estrat\u00e9gico, indispensable para la transici\u00f3n energ\u00e9tica. <\/p>\n<\/div>\n<div>\n<p>El &#8220;memor\u00e1ndum de entendimiento&#8221;, firmado en Buenos Aires por el ministro franc\u00e9s de Comercio Exterior, Laurent Saint-Martin, y el secretario de Miner\u00eda argentino, Luis Lucero, busca &#8220;hacer del sector minero una prioridad estrat\u00e9gica&#8221; en las relaciones franco-argentinas, indic\u00f3 Saint-Martin.<\/p>\n<\/div>\n<div>\n<p>Para Lucero se trata de una &#8220;hoja de ruta&#8221; y un &#8220;instrumento que abre un campo de cooperaci\u00f3n&#8221; que necesita ir seguido &#8220;de un di\u00e1logo bilateral para establecer medidas concretas&#8221;.<\/p>\n<\/div>\n<div>\n<p>El acuerdo pretende &#8220;elevar la asociaci\u00f3n mineral bilateral a nivel pol\u00edtico teniendo en cuenta los retos cruciales que plantean los minerales cr\u00edticos para las soluciones energ\u00e9ticas&#8221;, se\u00f1al\u00f3 Saint-Martin.<\/p>\n<\/div>\n<div>\n<p>Tambi\u00e9n busca &#8220;acelerar el despliegue de proyectos de inversi\u00f3n de empresas francesas en los pr\u00f3ximos meses y a\u00f1os, y reforzar la movilizaci\u00f3n de instrumentos de cooperaci\u00f3n p\u00fablicos para la financiaci\u00f3n de proyectos&#8221;, agreg\u00f3.<\/p>\n<\/div>\n<p><br \/>\n<br \/><a href=\"https:\/\/www.clarin.com\/politica\/javier-milei-medidas-vivo-gobierno-firmo-acuerdo-francia-impulsar-llegada-inversiones-extranjeras_0_OFmvOYWe6s.html\">Fuente Clarin.com <\/a><\/p>\n","protected":false},"excerpt":{"rendered":"<p>S\u00e1b. 28.06.2025-07:29 Acuerdo Argentina-Francia: cu\u00e1les son las claves del convenio marco entre Milei y Macron El gobierno de Javier Milei firm\u00f3 con Francia un acuerdo marco sobre minerales cr\u00edticos como el litio, del que Argentina posee la tercera reserva mundial, con el objetivo de promover la financiaci\u00f3n y las inversiones en este sector estrat\u00e9gico, indispensable [&hellip;]<\/p>\n","protected":false},"author":1,"featured_media":37761,"comment_status":"open","ping_status":"open","sticky":false,"template":"","format":"standard","meta":{"footnotes":""},"categories":[2],"tags":[267,18,16224,4352,2281,71,7857,2574,457,16],"class_list":["post-37760","post","type-post","status-publish","format-standard","has-post-thumbnail","hentry","category-ultimas-noticias","tag-acuerdo","tag-con","tag-extranjeras","tag-firmo","tag-francia","tag-gobierno","tag-impulsar","tag-inversiones","tag-llegada","tag-para"],"_links":{"self":[{"href":"https:\/\/13.com.ar\/index.php\/wp-json\/wp\/v2\/posts\/37760","targetHints":{"allow":["GET"]}}],"collection":[{"href":"https:\/\/13.com.ar\/index.php\/wp-json\/wp\/v2\/posts"}],"about":[{"href":"https:\/\/13.com.ar\/index.php\/wp-json\/wp\/v2\/types\/post"}],"author":[{"embeddable":true,"href":"https:\/\/13.com.ar\/index.php\/wp-json\/wp\/v2\/users\/1"}],"replies":[{"embeddable":true,"href":"https:\/\/13.com.ar\/index.php\/wp-json\/wp\/v2\/comments?post=37760"}],"version-history":[{"count":0,"href":"https:\/\/13.com.ar\/index.php\/wp-json\/wp\/v2\/posts\/37760\/revisions"}],"wp:featuredmedia":[{"embeddable":true,"href":"https:\/\/13.com.ar\/index.php\/wp-json\/wp\/v2\/media\/37761"}],"wp:attachment":[{"href":"https:\/\/13.com.ar\/index.php\/wp-json\/wp\/v2\/media?parent=37760"}],"wp:term":[{"taxonomy":"category","embeddable":true,"href":"https:\/\/13.com.ar\/index.php\/wp-json\/wp\/v2\/categories?post=37760"},{"taxonomy":"post_tag","embeddable":true,"href":"https:\/\/13.com.ar\/index.php\/wp-json\/wp\/v2\/tags?post=37760"}],"curies":[{"name":"wp","href":"https:\/\/api.w.org\/{rel}","templated":true}]}}