{"id":37756,"date":"2025-06-28T08:12:37","date_gmt":"2025-06-28T11:12:37","guid":{"rendered":"https:\/\/13.com.ar\/index.php\/entre-los-techos-azules-y-las-opacidades-de-la-gestion-insfran-antes-de-una-eleccion-clave\/"},"modified":"2025-06-28T08:12:37","modified_gmt":"2025-06-28T11:12:37","slug":"entre-los-techos-azules-y-las-opacidades-de-la-gestion-insfran-antes-de-una-eleccion-clave","status":"publish","type":"post","link":"https:\/\/13.com.ar\/index.php\/entre-los-techos-azules-y-las-opacidades-de-la-gestion-insfran-antes-de-una-eleccion-clave\/","title":{"rendered":"entre los techos azules y las opacidades de la gesti\u00f3n Insfr\u00e1n antes de una elecci\u00f3n clave"},"content":{"rendered":"<p> <br \/>\n<br \/><img decoding=\"async\" src=\"https:\/\/13.com.ar\/wp-content\/uploads\/2025\/06\/entre-los-techos-azules-y-las-opacidades-de-la-gestion.jpg\" \/><\/p>\n<div id=\"element-body-0\">\n<p>Las dos palabras m\u00e1s importantes y pol\u00e9micas de la Constituci\u00f3n que <strong>Gildo Insfr\u00e1n<\/strong> impuls\u00f3 y logr\u00f3 sancionar en 2003 no aparecen en el texto: \u201c<strong>reelecci\u00f3n indefinida<\/strong>\u201d. El art\u00edculo 132 establece -sin ninguna limitaci\u00f3n temporal- que \u201cel <strong>gobernador y el vicegobernador durar\u00e1n cuatro a\u00f1os en el ejercicio de sus cargos, y que podr\u00e1n ser reelectos<\/strong>\u201d. Esa omisi\u00f3n le permiti\u00f3 al <em>T\u00edo<\/em>, como llaman en su terru\u00f1o al mandatario provincial, haber sido electo en <strong>ocho oportunidades consecutivas desde 1995<\/strong>, luego de ser <strong>vicegobernador durante ocho a\u00f1os.<\/strong><\/p>\n<\/div>\n<div id=\"element-body-1\">\n<p>La Corte Suprema declar\u00f3 en diciembre la<strong> inconstitucionalidad de la reelecci\u00f3n indefinida<\/strong>. Insfr\u00e1n eligi\u00f3 la misma herramienta que le garantiz\u00f3 poder presentarse en 1999, luego sortear varias impugnaciones judiciales: <strong>una nueva reforma<\/strong>, que esta vez empuja con el argumento de incluir <strong>derechos de cuarta generaci\u00f3n<\/strong>, vinculados al acceso tecnol\u00f3gico y a la educaci\u00f3n inform\u00e1tica..<\/p>\n<\/div>\n<div id=\"element-body-2\">\n<p>Las dos palabras m\u00e1s famosas de la Constituci\u00f3n sancionada hace 22 a\u00f1os son otras y aparecen en el pre\u00e1mbulo. Son tambi\u00e9n las que m\u00e1s repite el gobernador, las que replican sus ministros, y se imprime en la <strong>carteler\u00eda omnipresente con la imagen del jefe <\/strong>o y se escuchaba hasta antes de la veda por los altoparlantes de las camionetas que recorren la capital: \u201c<strong>el modelo formose\u00f1o<\/strong>\u201d. Tambi\u00e9n la que aparece en contenidos escolares y ferias educativas.<\/p>\n<\/div>\n<div id=\"element-body-3\">\n<p><strong>Adri\u00e1n Muracciole<\/strong>, rector de la Universidad provincial de Laguna Blanca, el distrito donde naci\u00f3 Insfr\u00e1n hace 74 a\u00f1os, intent\u00f3 explicar el alcance de esa f\u00f3rmula &#8211;<strong>el modelo formose\u00f1o<\/strong>&#8211; el jueves, cuando el gobernador entreg\u00f3 20 ambulancias 0km e inaugur\u00f3 el primer tramo del hospital de la Madre y la Mujer, al filo de la veda en el virtual cierre de campa\u00f1a y frente a miles de militantes: <strong>1536 escuelas, 14 mil kil\u00f3metros de l\u00edneas el\u00e9ctricas, 2 mil de fibra \u00f3ptica, hospitales de alta complejidad y de medicina nuclear, un parque acu\u00e1tico, un anfiteatro, una pileta ol\u00edmpica<\/strong>. \u201c<strong>Orgullosos de que a los porte\u00f1os les moleste nuestro orgullo. Viva el modelo Formose\u00f1o<\/strong>\u201d, dijo el rector antes de pedir a los votantes que <strong>revienten las urnas con las boletas azules<\/strong>.<\/p>\n<\/div>\n<div id=\"element-body-5\">\n<p>Adem\u00e1s de las boletas de los 56 sublemas que inundar\u00e1n los centros de votaci\u00f3n en los <strong>37 municipios de la provincia<\/strong> tambi\u00e9n son azules buena parte de los techos de los edificios p\u00fablicos de la gesti\u00f3n gildista, que se confunde con el abandono hacia el oeste, donde viven la mayor\u00eda de las comunidades ind\u00edgenas entre las que se cuentan las <strong>Wich\u00ed, Qom, Plag\u00e1 y Nivacl\u00e9<\/strong>, a la que el instituto provincial no reconoce.<\/p>\n<\/div>\n<div id=\"element-body-7\">\n<p><strong>Hay otros n\u00fameros<\/strong> que explican el modelo formose\u00f1o. Por ejemplo, los del Sistema Integrado Previsional Argentino (SIPA) que da cuenta de que se trata de <strong>la provincia con m\u00e1s empleados p\u00fablicos del pa\u00eds<\/strong>: el 70 por ciento trabaja en alguno de los tres niveles del Estado. Solo hay <strong>22.800 empleados en el sector privado<\/strong>, el \u00edndice m\u00e1s bajo de la naci\u00f3n a pesar de sus <strong>530.132 habitantes<\/strong>. Seg\u00fan el observatorio Pyme, se trata de la provincia con <strong>menor densidad empresarial<\/strong>. Aporta el 0.04 por ciento a las exportaciones argentinas y su presupuesto se financia en un <strong>95 por ciento por transferencias de la coparticipaci\u00f3n federal<\/strong>. <\/p>\n<\/div>\n<div id=\"element-body-8\">\n<p><strong>Nueve de cada diez jubilados<\/strong> en Formosa lograron su status v\u00eda <strong>moratoria<\/strong>. Ochenta y cinco mil chicos -repartidos en 165 mil hogares- reciben <strong>AUH y Tarjeta Alimentar<\/strong>. <\/p>\n<\/div>\n<div id=\"element-body-9\">\n<p><strong>Ninguna cifra es tan espeluznante<\/strong> como la que convierte en la provincia con la <strong>tasa de mortalidad infantil<\/strong> m\u00e1s alta: <strong>11 cada mil chicos<\/strong>, seg\u00fan un informe de 2021 del gobierno de <strong>Alberto Fern\u00e1ndez<\/strong>, el presidente que ped\u00eda \u201c<strong>copiar el modelo formose\u00f1o<\/strong>\u201d.<\/p>\n<\/div>\n<div id=\"element-body-11\">\n<p>El <strong>Instituto Provincial de la Vivienda<\/strong> es uno de los \u00f3rganos m\u00e1s relevantes de la administraci\u00f3n gildista. La migraci\u00f3n del campo a la ciudad por la <strong>baja de la producci\u00f3n de algod\u00f3n, la ca\u00edda del stock vacuno<\/strong> gener\u00f3 una crisis habitacional en <strong>barrios y pueblos donde no llega el asfalto<\/strong>. Tambi\u00e9n en la mism\u00edsima capital donde se multiplican las obras y vive la mitad de la poblaci\u00f3n.<\/p>\n<\/div>\n<div id=\"element-body-13\">\n<p>En el lote 111, el mismo donde la candidata a diputada radical <strong>Agostina Villogi fue arrastrada por una patota d\u00edas atr\u00e1s<\/strong>, Mario -jubilado- espera al igual que cientos de vecinos que la provincia le entregue el t\u00edtulo de la <strong>casa de 20 metros x 10<\/strong>: una pieza con ba\u00f1o, sin cloaca y un fondo donde el que se anima puede seguir construyendo. \u201c<strong>Si te vas a trabajar a otra parte o mucho tiempo, te la sacan<\/strong>\u201d, se queja.<\/p>\n<\/div>\n<div id=\"element-body-14\">\n<p>El problema, como explica un dirigente con pasado en el gildismo que ser\u00e1 candidato el domingo, es que -por ley- los <strong>hogares habilitados para transferir deben ser de 20&#215;30<\/strong>. Tambi\u00e9n se quejan de que hay militantes que tienen <strong>m\u00e1s suerte que otros vecinos<\/strong> para ocupar algunas de las casas de <strong>Nueva Formosa<\/strong>, el flamante barrio inaugurado al pie del aeropuerto, lo primero que ve cualquiera que llegue a la provincia, <strong>adem\u00e1s de la cara de Gildo<\/strong>.<\/p>\n<\/div>\n<div id=\"element-body-15\">\n<p>Los <strong>bolsones de comida<\/strong> se reparten con m\u00e1s velocidad en los d\u00edas previos a la elecci\u00f3n. La oposici\u00f3n viraliz\u00f3 un video del <strong>intendente de El Colorado <\/strong>en el que les pide a sus militantes que solo hay que entregar \u201cuna mercader\u00eda por voto\u201d. Nadie dijo que fuera falso.<\/p>\n<\/div>\n<div id=\"element-body-16\">\n<p>A 110 kil\u00f3metros de la capital, en <strong>Piran\u00e9<\/strong>, la <strong>tercera ciudad de la provincia<\/strong>, hab\u00eda <strong>cola para esperar bolsones<\/strong> igual que en el lote 110 y 111. <\/p>\n<\/div>\n<div id=\"element-body-18\">\n<p>Una vecina esperaba que bajara el agua en una <strong>casilla improvisada de silobolsa<\/strong> que le arm\u00f3 la municipalidad despu\u00e9s de que la inundaci\u00f3n en Palo Santo tapara el piso de su casa. <strong>Prefiri\u00f3 no irse a la escuela para poder vigilar sus pocas pertenencias<\/strong>.<\/p>\n<\/div>\n<div id=\"element-body-20\">\n<p>La inundaci\u00f3n lleg\u00f3 tambi\u00e9n hasta la puerta de la casa de Sergio y tap\u00f3 el pozo s\u00e9ptico. Como muchos formose\u00f1os, dice que est\u00e1 cansado de los pol\u00edticos. Tiene un freezer, un televisor y cuatro l\u00e1mparas: pag\u00f3 en el \u00faltimo mes $80 mil de luz, aunque no tiene t\u00edtulo de propiedad. Cobr\u00f3 Refsa, la empresa distribuidora de la provincia. <\/p>\n<\/div>\n<div id=\"element-body-22\">\n<p>La oposici\u00f3n denuncia que Insfr\u00e1n domina los tres poderes del Estado y tambi\u00e9n el tribunal electoral. Hablan de un estado policial y paraestatal con seguimientos en autos sin patentes, a cargo de las fuerzas de seguridad y de la direcci\u00f3n de Informaciones, que piden explicaciones y documentos sin razones.<\/p>\n<\/div>\n<p><br \/>\n<br \/><a href=\"https:\/\/www.clarin.com\/politica\/radiografia-numeros-modelo-formoseno-techos-azules-opacidades-gestion-insfran-eleccion-clave_0_s0mNReVCbW.html\">Fuente Clarin.com <\/a><\/p>\n","protected":false},"excerpt":{"rendered":"<p>Las dos palabras m\u00e1s importantes y pol\u00e9micas de la Constituci\u00f3n que Gildo Insfr\u00e1n impuls\u00f3 y logr\u00f3 sancionar en 2003 no aparecen en el texto: \u201creelecci\u00f3n indefinida\u201d. El art\u00edculo 132 establece -sin ninguna limitaci\u00f3n temporal- que \u201cel gobernador y el vicegobernador durar\u00e1n cuatro a\u00f1os en el ejercicio de sus cargos, y que podr\u00e1n ser reelectos\u201d. Esa [&hellip;]<\/p>\n","protected":false},"author":1,"featured_media":37757,"comment_status":"open","ping_status":"open","sticky":false,"template":"","format":"standard","meta":{"footnotes":""},"categories":[2],"tags":[733,10253,272,3294,351,2788,2017,48,28,22414,22413,73],"class_list":["post-37756","post","type-post","status-publish","format-standard","has-post-thumbnail","hentry","category-ultimas-noticias","tag-antes","tag-azules","tag-clave","tag-eleccion","tag-entre","tag-gestion","tag-insfran","tag-las","tag-los","tag-opacidades","tag-techos","tag-una"],"_links":{"self":[{"href":"https:\/\/13.com.ar\/index.php\/wp-json\/wp\/v2\/posts\/37756","targetHints":{"allow":["GET"]}}],"collection":[{"href":"https:\/\/13.com.ar\/index.php\/wp-json\/wp\/v2\/posts"}],"about":[{"href":"https:\/\/13.com.ar\/index.php\/wp-json\/wp\/v2\/types\/post"}],"author":[{"embeddable":true,"href":"https:\/\/13.com.ar\/index.php\/wp-json\/wp\/v2\/users\/1"}],"replies":[{"embeddable":true,"href":"https:\/\/13.com.ar\/index.php\/wp-json\/wp\/v2\/comments?post=37756"}],"version-history":[{"count":0,"href":"https:\/\/13.com.ar\/index.php\/wp-json\/wp\/v2\/posts\/37756\/revisions"}],"wp:featuredmedia":[{"embeddable":true,"href":"https:\/\/13.com.ar\/index.php\/wp-json\/wp\/v2\/media\/37757"}],"wp:attachment":[{"href":"https:\/\/13.com.ar\/index.php\/wp-json\/wp\/v2\/media?parent=37756"}],"wp:term":[{"taxonomy":"category","embeddable":true,"href":"https:\/\/13.com.ar\/index.php\/wp-json\/wp\/v2\/categories?post=37756"},{"taxonomy":"post_tag","embeddable":true,"href":"https:\/\/13.com.ar\/index.php\/wp-json\/wp\/v2\/tags?post=37756"}],"curies":[{"name":"wp","href":"https:\/\/api.w.org\/{rel}","templated":true}]}}