{"id":3774,"date":"2025-02-11T07:21:52","date_gmt":"2025-02-11T10:21:52","guid":{"rendered":"https:\/\/13.com.ar\/index.php\/la-experiencia-de-tato-block\/"},"modified":"2025-02-11T07:21:52","modified_gmt":"2025-02-11T10:21:52","slug":"la-experiencia-de-tato-block","status":"publish","type":"post","link":"https:\/\/13.com.ar\/index.php\/la-experiencia-de-tato-block\/","title":{"rendered":"la experiencia de Tato Block"},"content":{"rendered":"<p> <br \/>\n<\/p>\n<div id=\"cuerpo\">\n<div class=\"sc-80531b6b-0 chRIGJ container-text text-embed\">\n<p>En un mundo donde las fronteras se desdibujan y las nacionalidades se entrelazan, un jugador de <strong>futsal argentino<\/strong> se prepara para escribir una nueva p\u00e1gina en la <strong>historia<\/strong> del deporte.<\/p>\n<\/div>\n<div class=\"sc-80531b6b-0 chRIGJ container-text text-embed\">\n<p>Dedicando su vida al <strong>futsal<\/strong>, el argentino llev\u00f3 al club de sus amores a lo m\u00e1s alto, logrando ascender con<strong> Nueva Chicago, <\/strong>siendo capit\u00e1n y goleador. M\u00e1s adelante, lleg\u00f3 a la Primera A con <strong>San Lorenzo<\/strong> y dio un salto internacional.<\/p>\n<\/div>\n<div class=\"sc-80531b6b-0 chRIGJ container-text text-embed\">\n<p>Despu\u00e9s de 4 a\u00f1os defendiendo al azulgrana, <strong>emigr\u00f3<\/strong> y lo buscaron sin vueltas desde <strong>Alemania <\/strong>para defender una nueva camiseta.<\/p>\n<\/div>\n<div class=\"sc-80531b6b-0 chRIGJ container-text text-embed\">\n<p>A finales de 2024, se convirti\u00f3 en el <strong>primer argentino<\/strong> que logr\u00f3 <strong>debutar<\/strong> y convertir un gol el mismo d\u00eda con la <strong>Selecci\u00f3n de Alemania. <\/strong><\/p>\n<\/div>\n<p><h2>Una vida en Mataderos<\/h2>\n<\/p>\n<div class=\"sc-80531b6b-0 chRIGJ container-text text-embed\">\n<p><strong>Mat\u00edas Sigfrido<\/strong>, o como lo conocen en el barrio; <strong>&#8220;Tato&#8221; Block<\/strong> creci\u00f3 en Mataderos, o mejor dicho <strong>Mataderos<\/strong> creci\u00f3 con Tato.<\/p>\n<\/div>\n<div class=\"sc-80531b6b-0 chRIGJ container-text text-embed\">\n<p>Se enamor\u00f3 de la redonda en las divisiones juveniles de <strong>Nueva Chicago <\/strong>y encontr\u00f3 su prop\u00f3sito de vida cuando empez\u00f3 en el futsal del mismo club.<\/p>\n<\/div>\n<div class=\"sc-198be8ec-0 cynXbu image-embed  image-embed \"><picture class=\"sc-198be8ec-1 kOjRiQ\"><source media=\"(min-width: 975px)\" width=\"720\" height=\"480\" \/><img alt=\"Tato Block llev\u00f3 a Chicago a la Primera B.&#10;Foto: @tatoblock en Instagram.\" loading=\"lazy\" width=\"720\" height=\"480\" decoding=\"async\" data-nimg=\"1\" style=\"color:transparent\" src=\"https:\/\/13.com.ar\/wp-content\/uploads\/2025\/02\/la-experiencia-de-Tato-Block.jpg\"\/><span class=\"epigraphe\">Tato Block llev\u00f3 a Chicago a la Primera B.<br \/>\nFoto: @tatoblock en Instagram.<\/span><span class=\"bkg\"\/><span class=\"picture-open\"><button class=\"open-image\" aria-label=\"Open Image\"\/><\/span><\/picture><\/div>\n<div class=\"sc-80531b6b-0 chRIGJ container-text text-embed\">\n<p>A\u00f1os m\u00e1s tarde y con la ayuda de su <strong>pap\u00e1<\/strong>, conocido en el barrio por sus frigor\u00edficos y con gran influencia en el Torito de Mataderos, logr\u00f3 cumplir su sue\u00f1o en el club de sus amores.<\/p>\n<\/div>\n<div class=\"sc-80531b6b-0 chRIGJ container-text text-embed\">\n<p>En <strong>2019<\/strong>, pudo cumplir su meta como jugador y como hincha, compartiendo plantel con su <strong>hermano<\/strong> y marcando en el partido que ascendi\u00f3 a <strong>Chicago <\/strong>a la <strong>Primera B<\/strong>, siendo capit\u00e1n y <strong>m\u00e1ximo goleador.<\/strong><\/p>\n<\/div>\n<div class=\"sc-80531b6b-0 chRIGJ container-text text-embed\">\n<p>&#8220;Chicago para m\u00ed es mi<strong> barrio<\/strong>, mi <strong>casa<\/strong>, mi familia y mis amigos. Poder ganar algo con el club de mi vida fue un <strong>sue\u00f1o<\/strong> que ten\u00eda desde chiquito&#8221;, comenta el <strong>P\u00edvot<\/strong> de <strong>29 a\u00f1os.<\/strong><\/p>\n<\/div>\n<p><h2>La odisea del Pando: de la gloria a la crisis<\/h2>\n<\/p>\n<div class=\"sc-80531b6b-0 chRIGJ container-text text-embed\">\n<p>Su pr\u00f3ximo destino fue la Primera A en <strong>San Lorenzo<\/strong>, donde compiti\u00f3 <strong>internacionalmente<\/strong> y demostr\u00f3 toda su capacidad, tambi\u00e9n con su hermano en el plantel.<\/p>\n<\/div>\n<div class=\"sc-80531b6b-0 chRIGJ container-text text-embed\">\n<p>Con la camiseta azulgrana, jug\u00f3 la <strong>semifinal <\/strong>y los <strong>cuartos de final <\/strong>de la <strong>Copa Libertadores<\/strong> de Futsal. Insaciado, logr\u00f3 tambi\u00e9n ser <strong>bicampe\u00f3n<\/strong> de la <strong>Liga<\/strong> y de la <strong>Copa Argentina<\/strong> en el Polideportivo Roberto Pando.<\/p>\n<\/div>\n<div class=\"sc-198be8ec-0 cynXbu image-embed  image-embed \"><picture class=\"sc-198be8ec-1 kOjRiQ\"><source media=\"(min-width: 975px)\" width=\"720\" height=\"480\" \/><img alt=\"&quot;Tato Block&quot; levant\u00f3 dos veces la Copa Argentina AFA Futsal en Boedo.&#10;Foto: @tatoblock en Instagram.\" loading=\"lazy\" width=\"720\" height=\"480\" decoding=\"async\" data-nimg=\"1\" style=\"color:transparent\" src=\"https:\/\/13.com.ar\/wp-content\/uploads\/2025\/02\/1739269312_745_la-experiencia-de-Tato-Block.jpg\"\/><span class=\"epigraphe\">&#8220;Tato Block&#8221; levant\u00f3 dos veces la Copa Argentina AFA Futsal en Boedo.<br \/>\nFoto: @tatoblock en Instagram.<\/span><span class=\"bkg\"\/><span class=\"picture-open\"><button class=\"open-image\" aria-label=\"Open Image\"\/><\/span><\/picture><\/div>\n<div class=\"sc-80531b6b-0 chRIGJ container-text text-embed\">\n<p> A pesar de toda las alegr\u00edas que trajo el equipo al futsal argentino, el club atraves\u00f3 en los \u00faltimos meses del 2024 una gran <strong>crisis dirigencial<\/strong>, donde la mayor parte del plantel se <strong>retir\u00f3<\/strong> del club dejando m\u00e1s de una cr\u00edtica.<\/p>\n<\/div>\n<div class=\"sc-80531b6b-0 chRIGJ container-text text-embed\">\n<p>&#8220;La dirigencia <strong>no respet\u00f3<\/strong> al plantel que tanta alegr\u00eda le dio al club y a la gente. Que <strong>Dami\u00e1n Stazzone<\/strong> est\u00e9 en la cabeza del grupo fue lo m\u00e1s importante para que sigamos unidos&#8221;, apoy\u00f3 los dichos del campe\u00f3n del mundo y actual entrenador de la Selecci\u00f3n.<\/p>\n<\/div>\n<div class=\"sc-80531b6b-0 chRIGJ container-text text-embed\">\n<p>Block no se conform\u00f3 con dejar su talento en Argentina, al igual que muchos otros jugadores que son <strong>buscados<\/strong> desde <strong>Europa<\/strong> y emigran desde el pa\u00eds donde el f\u00fatbol y el futsal son <strong>religiones.<\/strong><\/p>\n<\/div>\n<p><h2>Emigrar para jugar, jugar para vivir<\/h2>\n<\/p>\n<div class=\"sc-80531b6b-0 chRIGJ container-text text-embed\">\n<p>Este deporte, que se encuentra en pleno crecimiento gracias al \u00e9xito de la <strong>Selecci\u00f3n Nacional <\/strong>y el apoyo de la<strong> AFA<\/strong>, le dio la oportunidad a m\u00e1s de un jugador de cumplir su sue\u00f1o en el exterior.<\/p>\n<\/div>\n<div class=\"sc-80531b6b-0 chRIGJ container-text text-embed\">\n<p>&#8220;El<strong> futsal argentino<\/strong> est\u00e1 entre los <strong>mejores del mundo<\/strong>, es una potencia. La liga local es una de las mas lindas para ver, por su ambiente y c\u00f3mo se vive&#8221;, afirma Tato.<\/p>\n<\/div>\n<div class=\"sc-198be8ec-0 cynXbu image-embed  image-embed \"><picture class=\"sc-198be8ec-1 kOjRiQ\"><source media=\"(min-width: 975px)\" width=\"720\" height=\"480\" \/><img alt=\"Tato convirti\u00f3 en su debut y festej\u00f3 con su gente.&#10;Foto: @tatoblock en Instagram.\" loading=\"lazy\" width=\"720\" height=\"480\" decoding=\"async\" data-nimg=\"1\" style=\"color:transparent\" src=\"https:\/\/13.com.ar\/wp-content\/uploads\/2025\/02\/1739269312_160_la-experiencia-de-Tato-Block.jpg\"\/><span class=\"epigraphe\">Tato convirti\u00f3 en su debut y festej\u00f3 con su gente.<br \/>\nFoto: @tatoblock en Instagram.<\/span><span class=\"bkg\"\/><span class=\"picture-open\"><button class=\"open-image\" aria-label=\"Open Image\"\/><\/span><\/picture><\/div>\n<div class=\"sc-80531b6b-0 chRIGJ container-text text-embed\">\n<p>Seg\u00fan Mat\u00edas, a los clubes les cuesta <strong>mantener<\/strong> sus<strong> jugadores<\/strong> y competir con clubes de afuera, por este motivo es muy com\u00fan ver que las estrellas emigran.<\/p>\n<\/div>\n<div class=\"sc-80531b6b-0 chRIGJ container-text text-embed\">\n<p>&#8220;Muchos clubes invierten mucho dinero en el futsal y los jugadores pueden <strong>dedicarse 100% <\/strong>al deporte. La diferencia con el exterior son las instalaciones y la infraestructura, Argentina esta <strong>en proceso<\/strong>&#8220;, opina.<\/p>\n<\/div>\n<div class=\"sc-80531b6b-0 chRIGJ container-text text-embed\">\n<p>A pesar de contar con varios aspectos que podr\u00edan <strong>afectar<\/strong> la migraci\u00f3n, como el <strong>idioma<\/strong> o su propia edad, Mat\u00edas decidi\u00f3 apostar a su futuro deportivo en el exterior cuando le lleg\u00f3 una propuesta desde <strong>Italia.<\/strong><\/p>\n<\/div>\n<p><h2>El sue\u00f1o teut\u00f3n: el primer argentino en vestir la camiseta alemana <\/h2>\n<\/p>\n<div class=\"sc-80531b6b-0 chRIGJ container-text text-embed\">\n<p>Una vez que emigr\u00f3, debut\u00f3 en tierras italianas, exactamente en <strong>Active Network<\/strong>, equipo campe\u00f3n de la Serie A de Futsal.<\/p>\n<\/div>\n<div class=\"sc-80531b6b-0 chRIGJ container-text text-embed\">\n<p>Tras buenos rendimientos en sus primeros pasos en el viejo continente, Block fue descubierto por el entrenador de la<strong> selecci\u00f3n alemana<\/strong>, recibi\u00f3 su llamado y fue convocado gracias a su <strong>sangre teutona<\/strong> por parte de su abuelo.<\/p>\n<\/div>\n<div class=\"sc-80531b6b-0 chRIGJ container-text text-embed\">\n<p>&#8220;Para un deportista poder <strong>representar <\/strong>a un pa\u00eds es algo \u00fanico y un recuerdo que te queda para toda la vida, fue muy <strong>emocionante<\/strong>&#8220;, recuerda su debut.<\/p>\n<\/div>\n<div class=\"sc-80531b6b-0 chRIGJ container-text text-embed\">\n<p>Block se convirti\u00f3 as\u00ed en el <strong>primer argentino <\/strong>en jugar para la selecci\u00f3n alemana de futsal, un logro que es tanto un honor como un <strong>desaf\u00edo <\/strong>ya que se enfrenta a las <strong>selecciones europeas <\/strong>en los amistosos rumbo a la <strong>Eurocopa de Futsal 2026.<\/strong><\/p>\n<\/div>\n<div class=\"sc-80531b6b-0 chRIGJ container-text text-embed\">\n<p><strong>Debut\u00f3<\/strong> para la selecci\u00f3n germ\u00e1nica en un amistoso frente a <strong>Turqu\u00eda<\/strong> el pasado el 6 de noviembre y como frutilla del postre, <strong>convirti\u00f3<\/strong> y se lo pudo dedicar a su pap\u00e1 que viaj\u00f3 desde Argentina y lo acompa\u00f1\u00f3.<\/p>\n<\/div>\n<div class=\"sc-80531b6b-0 chRIGJ container-text text-embed\">\n<p>&#8220;El<strong> idioma<\/strong> me <strong>cuesta<\/strong> y es una parte dif\u00edcil de las convocatorias, pero tengo la suerte de que desde el primer d\u00eda me integraron, saben que estoy para ayudar y que el plantel tenga buenos resultados&#8221;.<\/p>\n<\/div>\n<div class=\"sc-ad4aedf2-0 dPPgNJ border-video video-embed horizontal border-video video-embed horizontal\">\n<div class=\"sc-ad4aedf2-1 hnFuni videoText videoText\">\n<h2>Video<\/h2>\n<p>&#8220;Tato Block, el primer jugador argentino que debut\u00f3 en la Selecci\u00f3n de Alemania de Futsal&#8221; <\/p>\n<\/div>\n<\/div>\n<div class=\"sc-80531b6b-0 chRIGJ container-text text-embed\">\n<p>Sin frenos, Tato sigue haciendo goles y convirti\u00e9ndose en una pieza clave para la selecci\u00f3n alemana, que busca su<strong> primer mundial<\/strong> de futsal.<\/p>\n<\/div>\n<div class=\"sc-80531b6b-0 chRIGJ container-text text-embed\">\n<p>El sue\u00f1o teut\u00f3n de Mat\u00edas Block es un nuevo cap\u00edtulo en la<strong> historia del futsal argentino<\/strong>, el deporte que cada vez m\u00e1s <strong>chicos<\/strong> que sue\u00f1an con <strong>representar<\/strong> a su pa\u00eds eligen practicar.<\/p>\n<\/div>\n<\/div>\n<p><br \/>\n<br \/><a href=\"https:\/\/www.clarin.com\/internacional\/ascender-chicago-primer-argentino-seleccion-alemana-futsal-experiencia-tato-block_0_MPHyOONljy.html\">Fuente Clarin.com <\/a><\/p>\n","protected":false},"excerpt":{"rendered":"<p>En un mundo donde las fronteras se desdibujan y las nacionalidades se entrelazan, un jugador de futsal argentino se prepara para escribir una nueva p\u00e1gina en la historia del deporte. Dedicando su vida al futsal, el argentino llev\u00f3 al club de sus amores a lo m\u00e1s alto, logrando ascender con Nueva Chicago, siendo capit\u00e1n y [&hellip;]<\/p>\n","protected":false},"author":1,"featured_media":3775,"comment_status":"open","ping_status":"open","sticky":false,"template":"","format":"standard","meta":{"footnotes":""},"categories":[2],"tags":[5813,5811,5812],"class_list":["post-3774","post","type-post","status-publish","format-standard","has-post-thumbnail","hentry","category-ultimas-noticias","tag-block","tag-experiencia","tag-tato"],"_links":{"self":[{"href":"https:\/\/13.com.ar\/index.php\/wp-json\/wp\/v2\/posts\/3774","targetHints":{"allow":["GET"]}}],"collection":[{"href":"https:\/\/13.com.ar\/index.php\/wp-json\/wp\/v2\/posts"}],"about":[{"href":"https:\/\/13.com.ar\/index.php\/wp-json\/wp\/v2\/types\/post"}],"author":[{"embeddable":true,"href":"https:\/\/13.com.ar\/index.php\/wp-json\/wp\/v2\/users\/1"}],"replies":[{"embeddable":true,"href":"https:\/\/13.com.ar\/index.php\/wp-json\/wp\/v2\/comments?post=3774"}],"version-history":[{"count":0,"href":"https:\/\/13.com.ar\/index.php\/wp-json\/wp\/v2\/posts\/3774\/revisions"}],"wp:featuredmedia":[{"embeddable":true,"href":"https:\/\/13.com.ar\/index.php\/wp-json\/wp\/v2\/media\/3775"}],"wp:attachment":[{"href":"https:\/\/13.com.ar\/index.php\/wp-json\/wp\/v2\/media?parent=3774"}],"wp:term":[{"taxonomy":"category","embeddable":true,"href":"https:\/\/13.com.ar\/index.php\/wp-json\/wp\/v2\/categories?post=3774"},{"taxonomy":"post_tag","embeddable":true,"href":"https:\/\/13.com.ar\/index.php\/wp-json\/wp\/v2\/tags?post=3774"}],"curies":[{"name":"wp","href":"https:\/\/api.w.org\/{rel}","templated":true}]}}