{"id":37722,"date":"2025-06-28T05:48:49","date_gmt":"2025-06-28T08:48:49","guid":{"rendered":"https:\/\/13.com.ar\/index.php\/el-campo-aun-confia-en-la-eliminacion-de-los-derechos-de-exportacion\/"},"modified":"2025-06-28T05:48:49","modified_gmt":"2025-06-28T08:48:49","slug":"el-campo-aun-confia-en-la-eliminacion-de-los-derechos-de-exportacion","status":"publish","type":"post","link":"https:\/\/13.com.ar\/index.php\/el-campo-aun-confia-en-la-eliminacion-de-los-derechos-de-exportacion\/","title":{"rendered":"El campo a\u00fan conf\u00eda en la eliminaci\u00f3n de los derechos de exportaci\u00f3n"},"content":{"rendered":"<p> <br \/>\n<br \/><img decoding=\"async\" src=\"https:\/\/13.com.ar\/wp-content\/uploads\/2025\/06\/El-campo-aun-confia-en-la-eliminacion-de-los-derechos.jpg\" \/><\/p>\n<div id=\"element-body-0\">\n<p>Luego de que el gobierno oficializara la continuidad por <strong>9 meses m\u00e1s de la baja de retenciones para el trigo y la cebada<\/strong>, el campo lament\u00f3 la <strong>no inclusi\u00f3n de la soja y el ma\u00edz<\/strong>, que desde este martes volver\u00edan a aumentar a los niveles que los dej\u00f3 Alberto Fern\u00e1ndez, pero <strong>los ruralistas optaron por esperar una eliminaci\u00f3n total de las al\u00edcuotas como ha prometido el presidente Javier Milei<\/strong> desde la campa\u00f1a electoral.<\/p>\n<\/div>\n<div id=\"element-body-1\">\n<p>\u201cM\u00e1s all\u00e1 de los formalismos administrativos, <strong>las pr\u00f3rrogas no son la soluci\u00f3n<\/strong>. Y no nos vamos a cansar de repetirlo, las retenciones deben ser eliminadas definitivamente. Ese es el camino\u201d, dijo el presidente de la Sociedad Rural Argentina (SRA), <strong>Nicol\u00e1s Pino<\/strong>, quien junto a sus pares de la <strong>Mesa de Enlace<\/strong> se reuni\u00f3 este viernes con el gobernador de Entre R\u00edos, Rogelio Frigerio, con las <strong>retenciones en el centro de la agenda<\/strong>.<\/p>\n<\/div>\n<div id=\"element-body-2\">\n<p>Con todo, Pino resalt\u00f3 \u201cel esfuerzo que est\u00e1 haciendo el Gobierno en estos meses, que ha dejado en el bolsillo de los productores m\u00e1s de U$S550 millones, que seguramente est\u00e1n invertidos en el campo, generando una riqueza federal\u201d.<\/p>\n<\/div>\n<div id=\"element-body-3\">\n<p>A su vez, la C\u00e1mara de la Industria Aceitera y el Centro de Exportadores de Cereales (<strong>CIARA-CEC<\/strong>) subray\u00f3 \u201cla decisi\u00f3n del Gobierno de reducir el pago de derechos de exportaci\u00f3n (DEX) al trigo y a la cebada y de sus productos, que se concreta con el decreto 439\u201d.<\/p>\n<\/div>\n<div id=\"element-body-4\">\n<p>Los agroexportadores consideraron que \u201ceste es el camino correcto para eliminar distorsiones y alentar a la producci\u00f3n&#8221;. Y enfatizaron que trabajar\u00e1n junto a las entidades de productores para <strong>lograr la eliminaci\u00f3n de todos los derechos de exportaci\u00f3n y avanzar en una disminuci\u00f3n gradual y consecutiva de los DEX<\/strong> para la soja y de los productos procesados en su complejo agroindustrial exportador, que es el principal generador de divisas del pa\u00eds\u201d.<\/p>\n<\/div>\n<div id=\"element-body-5\">\n<p>En el Congreso de la Naci\u00f3n se desarroll\u00f3 d\u00edas atr\u00e1s una jornada de an\u00e1lisis t\u00e9cnico y pol\u00edtico en la que legisladores y especialistas debatieron cu\u00e1l debe ser el camino a seguir sobre DEX y destacaron que es &#8220;<strong>un asunto estructural<\/strong> que afecta al coraz\u00f3n del sistema agroindustrial argentino y, por lo tanto, a la econom\u00eda del pa\u00eds&#8221;.<\/p>\n<\/div>\n<div id=\"element-body-6\">\n<p>Seg\u00fan inform\u00f3 la Fundaci\u00f3n <strong>Barbechando<\/strong>, participaron entidades como Consorcios Regionales de Experimentaci\u00f3n Agr\u00edcola (<strong>CREA<\/strong>), Fundaci\u00f3n Agropecuaria para el Desarrollo de Argentina (<strong>FADA<\/strong>) y la <strong>Bolsa de Cereales de Buenos Aires<\/strong> (BdC), en el encuentro se concluy\u00f3 que la vuelta de las retenciones a niveles del a\u00f1o pasado es un golpe directo a los productores y a la generaci\u00f3n de divisas.<\/p>\n<\/div>\n<div id=\"element-body-7\">\n<p>Desde CREA, estimaron que <strong>el 80% de la superficie de soja arrendada y el 60% de la de ma\u00edz quedar\u00edan fuera de rentabilidad<\/strong>.<\/p>\n<\/div>\n<div id=\"element-body-8\">\n<p>En las bases del ruralismo y entre productores autoconvocados, <strong>el desencanto se expres\u00f3 con mayor virulencia en redes sociales<\/strong>, pero a la hora de hacer declaraciones p\u00fablicas <strong>la mayor\u00eda opt\u00f3 por seguir confiando en la promesa de Milei.<\/strong><\/p>\n<\/div>\n<div id=\"element-body-9\">\n<p>Por su parte, la presidenta de la Sociedad Rural de Rosario, Soledad Aramendi, evalu\u00f3 como \u201cun gesto\u201d que las al\u00edcuotas m\u00e1s bajas sigan para el trigo y la cebada en plena implantaci\u00f3n de ambos cultivos. Pero advirti\u00f3 que &#8220;en el resto de los granos <strong>se necesitar\u00eda la misma medida para continuar hacia una eliminaci\u00f3n definitiva de los derechos de exportaci\u00f3n<\/strong>. Porque <strong>no hay m\u00e1rgenes ni rentabilidad<\/strong>, y ni hablar en el caso de los que est\u00e1n m\u00e1s lejos de los puertos por una cuesti\u00f3n log\u00edstica\u201d.<\/p>\n<\/div>\n<p><br \/>\n<br \/><a href=\"https:\/\/www.clarin.com\/rural\/campo-confia-eliminacion-derechos-exportacion_0_1jQJKIYkqA.html\">Fuente Clarin.com <\/a><\/p>\n","protected":false},"excerpt":{"rendered":"<p>Luego de que el gobierno oficializara la continuidad por 9 meses m\u00e1s de la baja de retenciones para el trigo y la cebada, el campo lament\u00f3 la no inclusi\u00f3n de la soja y el ma\u00edz, que desde este martes volver\u00edan a aumentar a los niveles que los dej\u00f3 Alberto Fern\u00e1ndez, pero los ruralistas optaron por [&hellip;]<\/p>\n","protected":false},"author":1,"featured_media":37723,"comment_status":"open","ping_status":"open","sticky":false,"template":"","format":"standard","meta":{"footnotes":""},"categories":[2],"tags":[5288,958,6182,3097,676,3674,28],"class_list":["post-37722","post","type-post","status-publish","format-standard","has-post-thumbnail","hentry","category-ultimas-noticias","tag-aun","tag-campo","tag-confia","tag-derechos","tag-eliminacion","tag-exportacion","tag-los"],"_links":{"self":[{"href":"https:\/\/13.com.ar\/index.php\/wp-json\/wp\/v2\/posts\/37722","targetHints":{"allow":["GET"]}}],"collection":[{"href":"https:\/\/13.com.ar\/index.php\/wp-json\/wp\/v2\/posts"}],"about":[{"href":"https:\/\/13.com.ar\/index.php\/wp-json\/wp\/v2\/types\/post"}],"author":[{"embeddable":true,"href":"https:\/\/13.com.ar\/index.php\/wp-json\/wp\/v2\/users\/1"}],"replies":[{"embeddable":true,"href":"https:\/\/13.com.ar\/index.php\/wp-json\/wp\/v2\/comments?post=37722"}],"version-history":[{"count":0,"href":"https:\/\/13.com.ar\/index.php\/wp-json\/wp\/v2\/posts\/37722\/revisions"}],"wp:featuredmedia":[{"embeddable":true,"href":"https:\/\/13.com.ar\/index.php\/wp-json\/wp\/v2\/media\/37723"}],"wp:attachment":[{"href":"https:\/\/13.com.ar\/index.php\/wp-json\/wp\/v2\/media?parent=37722"}],"wp:term":[{"taxonomy":"category","embeddable":true,"href":"https:\/\/13.com.ar\/index.php\/wp-json\/wp\/v2\/categories?post=37722"},{"taxonomy":"post_tag","embeddable":true,"href":"https:\/\/13.com.ar\/index.php\/wp-json\/wp\/v2\/tags?post=37722"}],"curies":[{"name":"wp","href":"https:\/\/api.w.org\/{rel}","templated":true}]}}