{"id":37717,"date":"2025-06-28T03:57:30","date_gmt":"2025-06-28T06:57:30","guid":{"rendered":"https:\/\/13.com.ar\/index.php\/iran-conmemora-los-funerales-de-los-militares-y-cientificos-que-murieron-en-la-guerra-con-israel\/"},"modified":"2025-06-28T03:57:30","modified_gmt":"2025-06-28T06:57:30","slug":"iran-conmemora-los-funerales-de-los-militares-y-cientificos-que-murieron-en-la-guerra-con-israel","status":"publish","type":"post","link":"https:\/\/13.com.ar\/index.php\/iran-conmemora-los-funerales-de-los-militares-y-cientificos-que-murieron-en-la-guerra-con-israel\/","title":{"rendered":"Ir\u00e1n conmemora los funerales de los militares y cient\u00edficos que murieron en la guerra con Israel"},"content":{"rendered":"<p> <br \/>\n<br \/><img decoding=\"async\" src=\"https:\/\/13.com.ar\/wp-content\/uploads\/2025\/06\/Iran-conmemora-los-funerales-de-los-militares-y-cientificos-que.jpg\" \/><\/p>\n<div id=\"element-body-0\">\n<p><strong>Ir\u00e1n<\/strong> conmemoraba este s\u00e1bado en Teher\u00e1n los funerales de unos 60 altos cargos militares y cient\u00edficos nucleares que murieron durante la guerra de 12 d\u00edas que el pa\u00eds mantuvo con Israel. Entre ellos se destacan el comandante en jefe de la Guardia Revolucionaria de Ir\u00e1n, general <strong>Hosein Salam\u00ed<\/strong>; el jefe del Estado Mayor de las Fuerzas Armadas iran\u00edes, general <strong>Mohammad Bagheri<\/strong>, y el cient\u00edfico nuclear <strong>Mehdi Tehranchi.<\/strong><\/p>\n<\/div>\n<div id=\"element-body-1\">\n<p>&#8220;La ceremonia para honrar a los m\u00e1rtires comenz\u00f3 oficialmente&#8221;, indic\u00f3 una presentadora de la televisi\u00f3n estatal iran\u00ed, mientras se mostraban im\u00e1genes de personas vestidas de negro, ondeando banderas de Ir\u00e1n y sosteniendo fotos de los militares ca\u00eddos. En ese contexto, al inicio, se recit\u00f3 un vers\u00edculo del Cor\u00e1n: \u201cCiertamente, Al\u00e1 defiende a los que creen. Verdaderamente, Al\u00e1 no ama a los traidores, a los ingratos&#8221;.<\/p>\n<\/div>\n<div id=\"element-body-2\">\n<p>La conmemoraci\u00f3n, que contaba con la participaci\u00f3n del presidente Masud Pezeshkian, fue seguida por una procesi\u00f3n de miles de personas hacia la Plaza Azadi, ubicada a unos 11 kil\u00f3metros de la vasta metr\u00f3polis, que coreaba &#8220;muerte a Estados Unidos y a Israel&#8221;. Por su parte, el l\u00edder supremo de Ir\u00e1n, el ayatol\u00e1 Ali Jamenei, no apareci\u00f3 en la transmisi\u00f3n estatal.<\/p>\n<\/div>\n<div id=\"element-body-3\">\n<p>Luego del cortejo f\u00fanebre, seg\u00fan informaron autoridades iran\u00edes, el general Mohammad Bagheri, jefe del Estado Mayor del ej\u00e9rcito, quien muri\u00f3 en el primer d\u00eda de la guerra en un bombardeo israel\u00ed, ser\u00e1 enterrado junto a su esposa e hija.<\/p>\n<\/div>\n<div id=\"element-body-5\">\n<p>Ir\u00e1n rechaz\u00f3 este viernes el pedido del jefe del Organismo Internacional de Energ\u00eda At\u00f3mica (OIEA), Rafael Grossi, de visitar las instalaciones bombardeadas por Israel y Estados Unidos, y lo acus\u00f3 de tener &#8220;<strong>malas intenciones<\/strong>&#8220;.<\/p>\n<\/div>\n<div id=\"element-body-6\">\n<p>&#8220;La insistencia de @rafaelgrossi en visitar los sitios bombardeados (&#8230;) no tiene sentido e incluso puede ocultar malas intenciones&#8221;, escribi\u00f3 el canciller iran\u00ed en la red social X.<\/p>\n<\/div>\n<div id=\"element-body-7\">\n<p>El enviado especial de Trump para Medio Oriente, Steve Witkoff, hab\u00eda expresado su esperanza de &#8220;un acuerdo de paz integral&#8221;.<\/p>\n<\/div>\n<div id=\"element-body-8\">\n<p>Previamente, en una conferencia de prensa en la Casa Blanca, se le pregunt\u00f3 a<strong> Trump <\/strong>si considerar\u00eda nuevos ataques a\u00e9reos si las incursiones de la semana pasada no lograban poner fin a las ambiciones nucleares de Ir\u00e1n: &#8220;<strong>Claro. Sin duda. Absolutamente<\/strong>&#8220;.<\/p>\n<\/div>\n<div id=\"element-body-9\">\n<p>Luego Trump a\u00f1adi\u00f3 que Jamenei e Ir\u00e1n &#8220;fueron derrotados brutalmente&#8221;. En la publicaci\u00f3n de Truth Social, el presidente lo acus\u00f3 decir &#8220;descaradamente y tontamente&#8221; que Ir\u00e1n gan\u00f3 la guerra de 12 d\u00edas con Israel, y agreg\u00f3: &#8220;Como un hombre de gran fe, se supone que no debe mentir.&#8221; <\/p>\n<\/div>\n<p><br \/>\n<br \/><a href=\"https:\/\/www.clarin.com\/mundo\/iran-conmemora-funerales-militares-cientificos-murieron-guerra-israel_0_Wo3H1QvYrq.html\">Fuente Clarin.com <\/a><\/p>\n","protected":false},"excerpt":{"rendered":"<p>Ir\u00e1n conmemoraba este s\u00e1bado en Teher\u00e1n los funerales de unos 60 altos cargos militares y cient\u00edficos nucleares que murieron durante la guerra de 12 d\u00edas que el pa\u00eds mantuvo con Israel. Entre ellos se destacan el comandante en jefe de la Guardia Revolucionaria de Ir\u00e1n, general Hosein Salam\u00ed; el jefe del Estado Mayor de las [&hellip;]<\/p>\n","protected":false},"author":1,"featured_media":37718,"comment_status":"open","ping_status":"open","sticky":false,"template":"","format":"standard","meta":{"footnotes":""},"categories":[2],"tags":[4226,18,12560,8785,1864,12716,22,28,1187,1787],"class_list":["post-37717","post","type-post","status-publish","format-standard","has-post-thumbnail","hentry","category-ultimas-noticias","tag-cientificos","tag-con","tag-conmemora","tag-funerales","tag-guerra","tag-iran","tag-israel","tag-los","tag-militares","tag-murieron"],"_links":{"self":[{"href":"https:\/\/13.com.ar\/index.php\/wp-json\/wp\/v2\/posts\/37717","targetHints":{"allow":["GET"]}}],"collection":[{"href":"https:\/\/13.com.ar\/index.php\/wp-json\/wp\/v2\/posts"}],"about":[{"href":"https:\/\/13.com.ar\/index.php\/wp-json\/wp\/v2\/types\/post"}],"author":[{"embeddable":true,"href":"https:\/\/13.com.ar\/index.php\/wp-json\/wp\/v2\/users\/1"}],"replies":[{"embeddable":true,"href":"https:\/\/13.com.ar\/index.php\/wp-json\/wp\/v2\/comments?post=37717"}],"version-history":[{"count":0,"href":"https:\/\/13.com.ar\/index.php\/wp-json\/wp\/v2\/posts\/37717\/revisions"}],"wp:featuredmedia":[{"embeddable":true,"href":"https:\/\/13.com.ar\/index.php\/wp-json\/wp\/v2\/media\/37718"}],"wp:attachment":[{"href":"https:\/\/13.com.ar\/index.php\/wp-json\/wp\/v2\/media?parent=37717"}],"wp:term":[{"taxonomy":"category","embeddable":true,"href":"https:\/\/13.com.ar\/index.php\/wp-json\/wp\/v2\/categories?post=37717"},{"taxonomy":"post_tag","embeddable":true,"href":"https:\/\/13.com.ar\/index.php\/wp-json\/wp\/v2\/tags?post=37717"}],"curies":[{"name":"wp","href":"https:\/\/api.w.org\/{rel}","templated":true}]}}