{"id":37715,"date":"2025-06-28T01:12:29","date_gmt":"2025-06-28T04:12:29","guid":{"rendered":"https:\/\/13.com.ar\/index.php\/una-mujer-de-50-anos-fue-encontrada-muerta-bajo-una-montana-de-basura\/"},"modified":"2025-06-28T01:12:29","modified_gmt":"2025-06-28T04:12:29","slug":"una-mujer-de-50-anos-fue-encontrada-muerta-bajo-una-montana-de-basura","status":"publish","type":"post","link":"https:\/\/13.com.ar\/index.php\/una-mujer-de-50-anos-fue-encontrada-muerta-bajo-una-montana-de-basura\/","title":{"rendered":"una mujer de 50 a\u00f1os fue encontrada muerta bajo una monta\u00f1a de basura"},"content":{"rendered":"<p> <br \/>\n<br \/><img decoding=\"async\" src=\"https:\/\/13.com.ar\/wp-content\/uploads\/2025\/06\/una-mujer-de-50-anos-fue-encontrada-muerta-bajo-una.jpg\" \/><\/p>\n<div id=\"element-body-0\">\n<p>Una mujer de 50 a\u00f1os, que se desempe\u00f1aba como recicladora, fue <strong>encontrada muerta bajo una monta\u00f1a de basura<\/strong> de aproximadamente tres metros en el Ecopunto municipal de la Ruta 6, en Ca\u00f1uelas. La principal hip\u00f3tesis apunta a que se trat\u00f3 de un<strong> accidente cometido por un operador <\/strong>que trabajaba con una pala mec\u00e1nica en el lugar. <\/p>\n<\/div>\n<div id=\"element-body-1\">\n<p>El hallazgo del cuerpo de la v\u00edctima, identificada como<strong> Patricia Florencia Gonz\u00e1lez<\/strong>, se produjo minutos despu\u00e9s de la medianoche del viernes, tras un operativo de b\u00fasqueda de m\u00e1s de siete horas, luego de que se reportara su <strong>desaparici\u00f3n <\/strong>el jueves por la tarde.<\/p>\n<\/div>\n<div id=\"element-body-2\">\n<p>Al notar su ausencia, en un principio, sus compa\u00f1eros creyeron que la mujer, de quien se supo que era madre de un joven mayor de edad y de un adolescente de 15 a\u00f1os, se encontraba en el ba\u00f1o. Sin embargo, la preocupaci\u00f3n fue en aumento cuando no regresaba y, en consecuencia, se present\u00f3 la denuncia policial.<\/p>\n<\/div>\n<div id=\"element-body-3\">\n<p>Horas despu\u00e9s, bomberos de Ca\u00f1uelas, Marcos Paz, Pilar y Hurlingham, equipados con perros rastreadores, hallaron el cad\u00e1ver de Gonz\u00e1lez, quien se dedicaba al reciclaje de pl\u00e1sticos, cartones y botellas, entre otros materiales, con el prop\u00f3sito de obtener ingresos.<\/p>\n<\/div>\n<div id=\"element-body-4\">\n<p>\u201cNo sabemos si muri\u00f3 asfixiada o por el golpe de la m\u00e1quina, eso ser\u00e1 materia de la autopsia. Estaba bajo una enorme pila de basura de casi tres metros\u201d, declar\u00f3 una fuente que trabaja en la investigaci\u00f3n, seg\u00fan cit\u00f3 InfoCa\u00f1uelas. El mismo medio inform\u00f3 tambi\u00e9n que el cuerpo no presentaba golpes ni lesiones visibles.<\/p>\n<\/div>\n<div id=\"element-body-5\">\n<p>En ese marco, el operador de la pala mec\u00e1nica qued\u00f3 imputado por homicidio culposo, producto del aparente accidente en el predio, donde adem\u00e1s carec\u00edan de las normas de seguridad. La causa qued\u00f3 bajo la responsabilidad de la UFI 2 de Ca\u00f1uelas, a cargo de Norma Pippo. <\/p>\n<\/div>\n<div id=\"element-body-6\">\n<p>Luego de que tomara estado p\u00fablico la muerte de Gonz\u00e1lez, el municipio de Ca\u00f1uelas se lament\u00f3 por lo sucedido a trav\u00e9s de un comunicado.<\/p>\n<\/div>\n<div id=\"element-body-7\">\n<p>&#8220;Ofrecemos a su familia y amigos  nuestras condolencias en este doloroso momento. En el d\u00eda de la fecha la intendente Marisa Fassi decret\u00f3 un Duelo Comunitario&#8221;, escribieron.<\/p>\n<\/div>\n<div id=\"element-body-8\">\n<p>En el mismo documento, agregaron: &#8220;Nos encontramos a disposici\u00f3n de la familia, y a la espera de los resultados de la investigaci\u00f3n realizada por la Justicia a los fines de esclarecer lo ocurrido&#8221;.<\/p>\n<\/div>\n<div id=\"element-body-9\">\n<p>&#8220;\u00danicamente consideramos oportuno dejar aclarado que al momento del hecho se realizaban en el predio tareas habituales de transferencia de residuos a cargo de ACUMAR por medio de una empresa tercerizada&#8221;, concluyeron.<\/p>\n<\/div>\n<p><br \/>\n<br \/><a href=\"https:\/\/www.clarin.com\/sociedad\/conmocion-canuelas-mujer-50-anos-encontrada-muerta-montana-basura_0_9ZKedK6OKu.html\">Fuente Clarin.com <\/a><\/p>\n","protected":false},"excerpt":{"rendered":"<p>Una mujer de 50 a\u00f1os, que se desempe\u00f1aba como recicladora, fue encontrada muerta bajo una monta\u00f1a de basura de aproximadamente tres metros en el Ecopunto municipal de la Ruta 6, en Ca\u00f1uelas. La principal hip\u00f3tesis apunta a que se trat\u00f3 de un accidente cometido por un operador que trabajaba con una pala mec\u00e1nica en el [&hellip;]<\/p>\n","protected":false},"author":1,"featured_media":37716,"comment_status":"open","ping_status":"open","sticky":false,"template":"","format":"standard","meta":{"footnotes":""},"categories":[2],"tags":[636,1063,4912,9688,105,495,634,138,73],"class_list":["post-37715","post","type-post","status-publish","format-standard","has-post-thumbnail","hentry","category-ultimas-noticias","tag-anos","tag-bajo","tag-basura","tag-encontrada","tag-fue","tag-montana","tag-muerta","tag-mujer","tag-una"],"_links":{"self":[{"href":"https:\/\/13.com.ar\/index.php\/wp-json\/wp\/v2\/posts\/37715","targetHints":{"allow":["GET"]}}],"collection":[{"href":"https:\/\/13.com.ar\/index.php\/wp-json\/wp\/v2\/posts"}],"about":[{"href":"https:\/\/13.com.ar\/index.php\/wp-json\/wp\/v2\/types\/post"}],"author":[{"embeddable":true,"href":"https:\/\/13.com.ar\/index.php\/wp-json\/wp\/v2\/users\/1"}],"replies":[{"embeddable":true,"href":"https:\/\/13.com.ar\/index.php\/wp-json\/wp\/v2\/comments?post=37715"}],"version-history":[{"count":0,"href":"https:\/\/13.com.ar\/index.php\/wp-json\/wp\/v2\/posts\/37715\/revisions"}],"wp:featuredmedia":[{"embeddable":true,"href":"https:\/\/13.com.ar\/index.php\/wp-json\/wp\/v2\/media\/37716"}],"wp:attachment":[{"href":"https:\/\/13.com.ar\/index.php\/wp-json\/wp\/v2\/media?parent=37715"}],"wp:term":[{"taxonomy":"category","embeddable":true,"href":"https:\/\/13.com.ar\/index.php\/wp-json\/wp\/v2\/categories?post=37715"},{"taxonomy":"post_tag","embeddable":true,"href":"https:\/\/13.com.ar\/index.php\/wp-json\/wp\/v2\/tags?post=37715"}],"curies":[{"name":"wp","href":"https:\/\/api.w.org\/{rel}","templated":true}]}}