{"id":37714,"date":"2025-06-28T00:30:30","date_gmt":"2025-06-28T03:30:30","guid":{"rendered":"https:\/\/13.com.ar\/index.php\/el-pronostico-del-tiempo-para-este-sabado-28-junio-de-2025\/"},"modified":"2025-06-28T00:30:30","modified_gmt":"2025-06-28T03:30:30","slug":"el-pronostico-del-tiempo-para-este-sabado-28-junio-de-2025","status":"publish","type":"post","link":"https:\/\/13.com.ar\/index.php\/el-pronostico-del-tiempo-para-este-sabado-28-junio-de-2025\/","title":{"rendered":"el pron\u00f3stico del tiempo para este s\u00e1bado 28 junio de 2025"},"content":{"rendered":"<p> <br \/>\n<br \/><img decoding=\"async\" src=\"https:\/\/13.com.ar\/wp-content\/uploads\/2025\/05\/a-que-provincias-abarca-y-como-sigue-el-clima-en.jpg\" \/><\/p>\n<div id=\"element-body-0\">\n<p>El pron\u00f3stico del tiempo para <strong>Santiago, Chile<\/strong> indica que este s\u00e1bado 28 de junio la temperatura m\u00e1xima ser\u00e1 de 11 y la m\u00ednima de 5.<\/p>\n<\/div>\n<div id=\"element-body-1\">\n<p>A su vez, de acuerdo con la informaci\u00f3n meteorol\u00f3gica, se estiman vientos de 4 km\/h y la humedad promedio ser\u00e1 del 86%.<\/p>\n<\/div>\n<div id=\"element-body-3\">\n<p>El reporte meteorol\u00f3gico informa que en las primeras horas de este s\u00e1bado no se prev\u00e9n precipitaciones, la humedad ser\u00e1 del 86% y se esperan <strong>vientos leves de 4 km\/h del suroeste<\/strong>.<\/p>\n<\/div>\n<div id=\"element-body-4\">\n<p>En tanto, para la media ma\u00f1ana <strong>no se prev\u00e9n precipitaciones<\/strong>, la humedad ser\u00e1 del 84% y habr\u00e1 vientos leves de 4 km\/h del oeste.<\/p>\n<\/div>\n<div id=\"element-body-6\">\n<p>Seg\u00fan el pron\u00f3stico en esta regi\u00f3n de Chile, para esta tarde no se prev\u00e9n precipitaciones y se esperan <strong>vientos leves de 8 km\/h del suroeste<\/strong>.<\/p>\n<\/div>\n<div id=\"element-body-7\">\n<p>En tanto, para esta noche, no se prev\u00e9n precipitaciones y habr\u00e1 vientos leves de 8 km\/h del sur.<\/p>\n<\/div>\n<div id=\"element-body-9\">\n<p>El pron\u00f3stico extendido en Santiago indica que ma\u00f1ana domingo 29 de junio las temperaturas oscilar\u00e1n entre los 12 y 0 grados, habr\u00e1 vientos de 4 km\/h y se prev\u00e9n lluvias leves de 3 mm.<\/p>\n<\/div>\n<div id=\"element-body-10\">\n<p>En tanto, pasado ma\u00f1ana los valores se ubicar\u00e1n entre los 2 y 13 grados en esta ciudad de Chile y se prev\u00e9n lluvias leves de 3 mm.<\/p>\n<\/div>\n<div id=\"element-body-13\">\n<p>En todos los casos, la principal recomendaci\u00f3n es chequear el pron\u00f3stico antes de salir de tu casa a fin de evitar imprevistos.<\/p>\n<\/div>\n<p><br \/>\n<br \/><a href=\"https:\/\/www.clarin.com\/informacion-general\/clima-hoy-santiago-chile-pronostico-tiempo-sabado-28-junio-2025_0_hY2NvMHeow.html\">Fuente Clarin.com <\/a><\/p>\n","protected":false},"excerpt":{"rendered":"<p>El pron\u00f3stico del tiempo para Santiago, Chile indica que este s\u00e1bado 28 de junio la temperatura m\u00e1xima ser\u00e1 de 11 y la m\u00ednima de 5. A su vez, de acuerdo con la informaci\u00f3n meteorol\u00f3gica, se estiman vientos de 4 km\/h y la humedad promedio ser\u00e1 del 86%. El reporte meteorol\u00f3gico informa que en las primeras [&hellip;]<\/p>\n","protected":false},"author":1,"featured_media":21784,"comment_status":"open","ping_status":"open","sticky":false,"template":"","format":"standard","meta":{"footnotes":""},"categories":[2],"tags":[100,139,16525,16,9376,2156,561],"class_list":["post-37714","post","type-post","status-publish","format-standard","has-post-thumbnail","hentry","category-ultimas-noticias","tag-del","tag-este","tag-junio","tag-para","tag-pronostico","tag-sabado","tag-tiempo"],"_links":{"self":[{"href":"https:\/\/13.com.ar\/index.php\/wp-json\/wp\/v2\/posts\/37714","targetHints":{"allow":["GET"]}}],"collection":[{"href":"https:\/\/13.com.ar\/index.php\/wp-json\/wp\/v2\/posts"}],"about":[{"href":"https:\/\/13.com.ar\/index.php\/wp-json\/wp\/v2\/types\/post"}],"author":[{"embeddable":true,"href":"https:\/\/13.com.ar\/index.php\/wp-json\/wp\/v2\/users\/1"}],"replies":[{"embeddable":true,"href":"https:\/\/13.com.ar\/index.php\/wp-json\/wp\/v2\/comments?post=37714"}],"version-history":[{"count":0,"href":"https:\/\/13.com.ar\/index.php\/wp-json\/wp\/v2\/posts\/37714\/revisions"}],"wp:featuredmedia":[{"embeddable":true,"href":"https:\/\/13.com.ar\/index.php\/wp-json\/wp\/v2\/media\/21784"}],"wp:attachment":[{"href":"https:\/\/13.com.ar\/index.php\/wp-json\/wp\/v2\/media?parent=37714"}],"wp:term":[{"taxonomy":"category","embeddable":true,"href":"https:\/\/13.com.ar\/index.php\/wp-json\/wp\/v2\/categories?post=37714"},{"taxonomy":"post_tag","embeddable":true,"href":"https:\/\/13.com.ar\/index.php\/wp-json\/wp\/v2\/tags?post=37714"}],"curies":[{"name":"wp","href":"https:\/\/api.w.org\/{rel}","templated":true}]}}