{"id":37712,"date":"2025-06-27T22:18:30","date_gmt":"2025-06-28T01:18:30","guid":{"rendered":"https:\/\/13.com.ar\/index.php\/mauro-icardi-se-llevo-a-sus-hijas-del-edificio-de-wanda-nara-tras-un-intenso-operativo-judicial-los-detalles\/"},"modified":"2025-06-27T22:18:30","modified_gmt":"2025-06-28T01:18:30","slug":"mauro-icardi-se-llevo-a-sus-hijas-del-edificio-de-wanda-nara-tras-un-intenso-operativo-judicial-los-detalles","status":"publish","type":"post","link":"https:\/\/13.com.ar\/index.php\/mauro-icardi-se-llevo-a-sus-hijas-del-edificio-de-wanda-nara-tras-un-intenso-operativo-judicial-los-detalles\/","title":{"rendered":"Mauro Icardi se llev\u00f3 a sus hijas del edificio de Wanda Nara tras un intenso operativo judicial: los detalles"},"content":{"rendered":"<p> <br \/>\n<br \/><img decoding=\"async\" src=\"https:\/\/13.com.ar\/wp-content\/uploads\/2025\/06\/Mauro-Icardi-se-llevo-a-sus-hijas-del-edificio-de.jpg\" \/><\/p>\n<div id=\"element-body-0\">\n<p>Mauro Icardi y Wanda Nara siguen sin encontrar la paz. Tras el fallo judicial del 26 de junio que autoriz\u00f3 al futbolista a pasar siete d\u00edas con sus hijas Francesca e Isabella, en presencia de su pareja Eugenia \u201cLa China\u201d Su\u00e1rez, el medi\u00e1tico divorcio se vio envuelto en un nuevo esc\u00e1ndalo que incluy\u00f3 un operativo judicial para facilitar el encuentro con las menores.<\/p>\n<\/div>\n<div id=\"element-body-1\">\n<p>Tras rechazar celebrar el D\u00eda del Padre con sus hijas en el Chateau Libertador, el jugador del Galatasaray present\u00f3 dos escritos ante la Justicia en primera persona expresando su malestar por la constante intervenci\u00f3n del juez en su relaci\u00f3n con las menores.<\/p>\n<\/div>\n<div id=\"element-body-2\">\n<p>En su primer escrito, Icardi manifest\u00f3 su malestar por los requisitos establecidos para conmemorar la especial fecha en el domicilio de Wanda, sin la compa\u00f1\u00eda de la actriz y aprovech\u00f3 para cuestionar a la medi\u00e1tica adem\u00e1s de abordar su vida sentimental, as\u00ed como el rol de La China Su\u00e1rez en la din\u00e1mica familiar con las peque\u00f1as. <\/p>\n<\/div>\n<div id=\"element-body-3\">\n<p>Pocos d\u00edas despu\u00e9s, Mauro volvi\u00f3 a dirigirse a la Justicia con un nuevo escrito a trav\u00e9s de sus abogadas, mediante el cual, expres\u00f3 su deseo de pasar tiempo con Isabella y Francesca antes de volar a Estambul a comienzos de julio. <\/p>\n<\/div>\n<p><br \/>\n<br \/><a href=\"https:\/\/www.clarin.com\/fama\/mauro-icardi-llevo-hijas-edificio-wanda-nara-intenso-operativo-judicial-detalles_0_im2FnpKZg7.html\">Fuente Clarin.com <\/a><\/p>\n","protected":false},"excerpt":{"rendered":"<p>Mauro Icardi y Wanda Nara siguen sin encontrar la paz. Tras el fallo judicial del 26 de junio que autoriz\u00f3 al futbolista a pasar siete d\u00edas con sus hijas Francesca e Isabella, en presencia de su pareja Eugenia \u201cLa China\u201d Su\u00e1rez, el medi\u00e1tico divorcio se vio envuelto en un nuevo esc\u00e1ndalo que incluy\u00f3 un operativo [&hellip;]<\/p>\n","protected":false},"author":1,"featured_media":37713,"comment_status":"open","ping_status":"open","sticky":false,"template":"","format":"standard","meta":{"footnotes":""},"categories":[2],"tags":[100,924,5900,1744,133,189,118,1743,28,132,315,2145,40,312,314],"class_list":["post-37712","post","type-post","status-publish","format-standard","has-post-thumbnail","hentry","category-ultimas-noticias","tag-del","tag-detalles","tag-edificio","tag-hijas","tag-icardi","tag-intenso","tag-judicial","tag-llevo","tag-los","tag-mauro","tag-nara","tag-operativo","tag-sus","tag-tras","tag-wanda"],"_links":{"self":[{"href":"https:\/\/13.com.ar\/index.php\/wp-json\/wp\/v2\/posts\/37712","targetHints":{"allow":["GET"]}}],"collection":[{"href":"https:\/\/13.com.ar\/index.php\/wp-json\/wp\/v2\/posts"}],"about":[{"href":"https:\/\/13.com.ar\/index.php\/wp-json\/wp\/v2\/types\/post"}],"author":[{"embeddable":true,"href":"https:\/\/13.com.ar\/index.php\/wp-json\/wp\/v2\/users\/1"}],"replies":[{"embeddable":true,"href":"https:\/\/13.com.ar\/index.php\/wp-json\/wp\/v2\/comments?post=37712"}],"version-history":[{"count":0,"href":"https:\/\/13.com.ar\/index.php\/wp-json\/wp\/v2\/posts\/37712\/revisions"}],"wp:featuredmedia":[{"embeddable":true,"href":"https:\/\/13.com.ar\/index.php\/wp-json\/wp\/v2\/media\/37713"}],"wp:attachment":[{"href":"https:\/\/13.com.ar\/index.php\/wp-json\/wp\/v2\/media?parent=37712"}],"wp:term":[{"taxonomy":"category","embeddable":true,"href":"https:\/\/13.com.ar\/index.php\/wp-json\/wp\/v2\/categories?post=37712"},{"taxonomy":"post_tag","embeddable":true,"href":"https:\/\/13.com.ar\/index.php\/wp-json\/wp\/v2\/tags?post=37712"}],"curies":[{"name":"wp","href":"https:\/\/api.w.org\/{rel}","templated":true}]}}