{"id":37710,"date":"2025-06-27T21:57:30","date_gmt":"2025-06-28T00:57:30","guid":{"rendered":"https:\/\/13.com.ar\/index.php\/remarcaron-la-necesidad-de-aumentar-el-corte-de-biocombustibles\/"},"modified":"2025-06-27T21:57:30","modified_gmt":"2025-06-28T00:57:30","slug":"remarcaron-la-necesidad-de-aumentar-el-corte-de-biocombustibles","status":"publish","type":"post","link":"https:\/\/13.com.ar\/index.php\/remarcaron-la-necesidad-de-aumentar-el-corte-de-biocombustibles\/","title":{"rendered":"Remarcaron la necesidad de aumentar el corte de biocombustibles"},"content":{"rendered":"<p> <br \/>\n<br \/><img decoding=\"async\" src=\"https:\/\/13.com.ar\/wp-content\/uploads\/2025\/06\/Remarcaron-la-necesidad-de-aumentar-el-corte-de-biocombustibles.jpg\" \/><\/p>\n<div id=\"element-body-0\">\n<p>El ministro de Bioagroindustria de C\u00f3rdoba, Sergio Busso, particip\u00f3 de la segunda charla del ciclo Coyuntura y Agro, organizada por el diario <strong>La Voz<\/strong>, cuya tem\u00e1tica fue \u201cLa matriz energ\u00e9tica argentina: la importancia estrat\u00e9gica de los biocombustibles\u201d.<\/p>\n<\/div>\n<div id=\"element-body-1\">\n<p>En la jornada disertaron <strong>Agust\u00edn Torroba<\/strong>, especialista internacional en biocombustibles y energ\u00edas renovables en el Instituto Interamericano de Cooperaci\u00f3n para la Agricultura (Iica) de la Organizaci\u00f3n de Estados Americanos; <strong>Eduardo Van der Kooy<\/strong>, analista pol\u00edtico; <strong>Daniel Artana<\/strong>, economista jefe de la Fundaci\u00f3n de Investigaciones Econ\u00f3micas Latinoamericanas (Fiel) y profesor en la Universidad Nacional de La Plata y en la Universidad Torcuato Di Tella; el consultor en agronegocios y analista del mercado de granos, <strong>Pablo Adreani<\/strong>, y <strong>Tom\u00e1s Kember<\/strong>, analista Agrometeorol\u00f3gico de la Bolsa de Cereales de C\u00f3rdoba.<\/p>\n<\/div>\n<div id=\"element-body-2\">\n<p>Busso resalt\u00f3 la importancia que tienen los biocombustibles para la provincia de C\u00f3rdoba. \u201cLos biocombustibles tienen un protagonismo muy importante para el desarrollo y progreso de provincias como C\u00f3rdoba. Nuestro gobernador, Mart\u00edn Llaryora, lo ha planteado siempre como <strong>una prioridad en la agenda que desarrollamos<\/strong>. Desde la provincia de C\u00f3rdoba, tenemos una agenda de trabajo conjunta con el sector privado para impulsar la transformaci\u00f3n en origen\u201d, asegur\u00f3 el ministro de Bioagroindustria en la apertura de la jornada.<\/p>\n<\/div>\n<div id=\"element-body-3\">\n<p>Es importante \u201cponer en valor lo que significa la posibilidad de transformar lo que producimos a trav\u00e9s de los biocombustibles. <strong>\u00bfPor qu\u00e9 todav\u00eda no pudimos en 20 a\u00f1os avanzar en la transformaci\u00f3n de lo que producimos?<\/strong>\u201d, se pregunt\u00f3. Y a\u00f1adi\u00f3: \u201cPor cada punto que aumentemos por ley el corte de biocombustibles, es una planta de bioetanol y eso genera empleos directos, producci\u00f3n y valor agregado. \u00bfCu\u00e1ntas plantas de bioetanol podr\u00edamos hacer en C\u00f3rdoba cuando tenemos pr\u00e1cticamente todo por transformar?\u201d.<\/p>\n<\/div>\n<div id=\"element-body-4\">\n<p>En ese sentido, mencion\u00f3 los avances en la materia en pa\u00edses de la regi\u00f3n, mientras que en Argentina se sigue discutiendo la importancia de aumentar el corte de los biocombustibles. &#8220;<strong>Brasil est\u00e1 llegando al 30% de corte de bioetanol y nosotros seguimos discutiendo&#8221;, .<\/strong><\/p>\n<\/div>\n<div id=\"element-body-5\">\n<p>Al respecto, sostuvo que \u201cel sector privado de C\u00f3rdoba es muy din\u00e1mico y tiene objetivos muy claros en lo que respecta a transformaci\u00f3n de la producci\u00f3n agr\u00edcola, por eso hay muchos proyectos bioagroindustriales. Es un tipo de producci\u00f3n que tiene como objetivo transformar la producci\u00f3n de manera sostenible\u201d.<\/p>\n<\/div>\n<div id=\"element-body-7\">\n<p>Busso pidi\u00f3 dejar de penalizar a la producci\u00f3n, con las retenciones por un lado, y generar valor agregado a la producci\u00f3n con la transformaci\u00f3n a trav\u00e9s de biocombustibles.<\/p>\n<\/div>\n<div id=\"element-body-8\">\n<p>Los especialistas coincidieron en que la vuelta del r\u00e9gimen de retenciones a las exportaciones agr\u00edcolas que prev\u00e9 el pago del 33% para la soja (en la actualidad tributan el 26%) y el 12,5% para el ma\u00edz (hoy pagan el 9,5%), podr\u00eda frenar el aporte de reservas para los pr\u00f3ximos meses.<\/p>\n<\/div>\n<div id=\"element-body-9\">\n<p>Con ese diagn\u00f3stico coincidieron Artana y<strong> <\/strong>Adreani. \u201cA partir de ahora, el Gobierno buscar\u00e1 aumentar las reservas del Banco Central emitiendo deuda\u201d, sostuvo el economista de FIEL.<\/p>\n<\/div>\n<div id=\"element-body-10\">\n<p>A la hora de evaluar el contexto pol\u00edtico, Van der Kooy resalt\u00f3 las ense\u00f1anzas que dejaron las elecciones legislativas de la Ciudad Aut\u00f3noma de Buenos Aires (Caba), el espaldarazo que recibi\u00f3 el espacio pol\u00edtico del presidente Javier Milei y la profundizaci\u00f3n de la grieta.<\/p>\n<\/div>\n<p><br \/>\n<br \/><a href=\"https:\/\/www.clarin.com\/rural\/remarcaron-necesidad-aumentar-corte-biocombustibles_0_pl5dmtSymo.html\">Fuente Clarin.com <\/a><\/p>\n","protected":false},"excerpt":{"rendered":"<p>El ministro de Bioagroindustria de C\u00f3rdoba, Sergio Busso, particip\u00f3 de la segunda charla del ciclo Coyuntura y Agro, organizada por el diario La Voz, cuya tem\u00e1tica fue \u201cLa matriz energ\u00e9tica argentina: la importancia estrat\u00e9gica de los biocombustibles\u201d. En la jornada disertaron Agust\u00edn Torroba, especialista internacional en biocombustibles y energ\u00edas renovables en el Instituto Interamericano de [&hellip;]<\/p>\n","protected":false},"author":1,"featured_media":37711,"comment_status":"open","ping_status":"open","sticky":false,"template":"","format":"standard","meta":{"footnotes":""},"categories":[2],"tags":[3202,15141,297,4733,22402],"class_list":["post-37710","post","type-post","status-publish","format-standard","has-post-thumbnail","hentry","category-ultimas-noticias","tag-aumentar","tag-biocombustibles","tag-corte","tag-necesidad","tag-remarcaron"],"_links":{"self":[{"href":"https:\/\/13.com.ar\/index.php\/wp-json\/wp\/v2\/posts\/37710","targetHints":{"allow":["GET"]}}],"collection":[{"href":"https:\/\/13.com.ar\/index.php\/wp-json\/wp\/v2\/posts"}],"about":[{"href":"https:\/\/13.com.ar\/index.php\/wp-json\/wp\/v2\/types\/post"}],"author":[{"embeddable":true,"href":"https:\/\/13.com.ar\/index.php\/wp-json\/wp\/v2\/users\/1"}],"replies":[{"embeddable":true,"href":"https:\/\/13.com.ar\/index.php\/wp-json\/wp\/v2\/comments?post=37710"}],"version-history":[{"count":0,"href":"https:\/\/13.com.ar\/index.php\/wp-json\/wp\/v2\/posts\/37710\/revisions"}],"wp:featuredmedia":[{"embeddable":true,"href":"https:\/\/13.com.ar\/index.php\/wp-json\/wp\/v2\/media\/37711"}],"wp:attachment":[{"href":"https:\/\/13.com.ar\/index.php\/wp-json\/wp\/v2\/media?parent=37710"}],"wp:term":[{"taxonomy":"category","embeddable":true,"href":"https:\/\/13.com.ar\/index.php\/wp-json\/wp\/v2\/categories?post=37710"},{"taxonomy":"post_tag","embeddable":true,"href":"https:\/\/13.com.ar\/index.php\/wp-json\/wp\/v2\/tags?post=37710"}],"curies":[{"name":"wp","href":"https:\/\/api.w.org\/{rel}","templated":true}]}}