{"id":3771,"date":"2025-02-11T07:14:45","date_gmt":"2025-02-11T10:14:45","guid":{"rendered":"https:\/\/13.com.ar\/index.php\/que-es-el-sindrome-del-salvador-segun-el-psicoanalisis\/"},"modified":"2025-02-11T07:14:45","modified_gmt":"2025-02-11T10:14:45","slug":"que-es-el-sindrome-del-salvador-segun-el-psicoanalisis","status":"publish","type":"post","link":"https:\/\/13.com.ar\/index.php\/que-es-el-sindrome-del-salvador-segun-el-psicoanalisis\/","title":{"rendered":"Qu\u00e9 es el s\u00edndrome del salvador, seg\u00fan el psicoan\u00e1lisis"},"content":{"rendered":"<p> <br \/>\n<\/p>\n<div id=\"cuerpo\">\n<div class=\"sc-80531b6b-0 chRIGJ container-text text-embed\">\n<p>En <em>El arte de amar<\/em> Erich Fromm describe en una sola frase al <strong>s\u00edndrome del salvador<\/strong>: \u201cHay un dar que enriquece y un dar que empobrece\u201d. Porque quienes padecen de este s\u00edndrome asumen un excesivo grado de responsabilidad por el otro, ya sea su pareja o un familiar o, incluso, en profesiones asistenciales.<\/p>\n<\/div>\n<div class=\"sc-80531b6b-0 chRIGJ container-text text-embed\">\n<p>Entonces, estas personas provocan situaciones de <strong>permanente ayuda y servicio a los dem\u00e1s<\/strong>. <\/p>\n<\/div>\n<div class=\"sc-80531b6b-0 chRIGJ container-text text-embed\">\n<p>Siempre atentos a satisfacer las necesidades de los otros, de mejorar aspectos de su vida o de resolverles sus problemas, estos \u201csalvadores\u201d <strong>suelen olvidarse de su propia vida<\/strong>.<\/p>\n<\/div>\n<div class=\"sc-80531b6b-0 chRIGJ container-text text-embed\">\n<p>El s\u00edndrome del salvador, por cierto, es una expresi\u00f3n coloquial utilizada en psicoan\u00e1lisis y<strong> no figura como trastorno mental<\/strong> en la bibliograf\u00eda acad\u00e9mica.<\/p>\n<\/div>\n<p><h2>Qu\u00e9 es el s\u00edndrome del salvador, seg\u00fan el psicoan\u00e1lisis<\/h2>\n<\/p>\n<div class=\"sc-198be8ec-0 cynXbu image-embed  image-embed \"><picture class=\"sc-198be8ec-1 kOjRiQ\"><source media=\"(min-width: 975px)\" width=\"720\" height=\"480\" \/><img alt=\"Se convirten en sost\u00e9n de otra persona y pierden su fuerza vital, sin comprender a qu\u00e9 se debe esta falta de entusiasmo o motivaci\u00f3n. Foto: Shutterstock.\" loading=\"lazy\" width=\"720\" height=\"480\" decoding=\"async\" data-nimg=\"1\" style=\"color:transparent\" src=\"https:\/\/13.com.ar\/wp-content\/uploads\/2025\/02\/Que-es-el-sindrome-del-salvador-segun-el-psicoanalisis.jpg\"\/><span class=\"epigraphe\">Se convirten en sost\u00e9n de otra persona y pierden su fuerza vital, sin comprender a qu\u00e9 se debe esta falta de entusiasmo o motivaci\u00f3n. Foto: Shutterstock.<\/span><span class=\"bkg\"\/><span class=\"picture-open\"><button class=\"open-image\" aria-label=\"Open Image\"\/><\/span><\/picture><\/div>\n<div class=\"sc-80531b6b-0 chRIGJ container-text text-embed\">\n<p>Como bien explica en su p\u00e1gina web <em>Valeria Bedrossian<\/em>, psic\u00f3loga especialista en terapia sist\u00e9mica, los aspectos del s\u00edndrome \u201cvan ma\u0301s alla\u0301 del altruismo reci\u0301proco de las relaciones porque termina formando un v\u00ednculo en el que uno ocupa el lugar de receptor y el otro el de salvador. Este \u00faltimo se va<\/p>\n<p>de<strong>sgastando de manera progresiva<\/strong>\u201d.<\/p>\n<\/div>\n<div class=\"sc-80531b6b-0 chRIGJ container-text text-embed\">\n<p>A\u00f1ade que \u201csi esta dina\u0301mica se vuelve un patr\u00f3n de comportamiento hay un <\/p>\n<p><strong>desgaste silencioso<\/strong> en detrimento de la autonomi\u0301a y desarrollo personal de quien se ve m\u00e1s expuesto a esta forma de relaci\u00f3n\u201d.<\/p>\n<\/div>\n<div class=\"sc-80531b6b-0 chRIGJ container-text text-embed\">\n<p>Los afectados por el s\u00edndrome, al convertirse en sost\u00e9n de otra persona pierden su fuerza vital, sin comprender a qu\u00e9 se debe esta<strong> falta de entusiasmo o motivaci\u00f3n y cansancio<\/strong>.<\/p>\n<\/div>\n<div class=\"sc-80531b6b-0 chRIGJ container-text text-embed\">\n<p>El problema surge cuando el salvador se desconecta de sus propias necesidades, siempre en funci\u00f3n del otro, y pierde vitalidad casi sin darse cuenta. Es el llamado desgaste por empat\u00eda, un motivo de consulta bastante habitual en las sesiones de terapia.<\/p>\n<\/div>\n<div class=\"sc-4306f4f9-0 bAPCpp\">\n<div class=\"inner-card-m\">\n<div class=\"related-content\">\n<p><span class=\"body-title\">Mir\u00e1 tambi\u00e9n<\/span><\/p>\n<h3>Consejos pr\u00e1cticos para manejar personas con actitud de superioridad<\/h3>\n<source media=\"(min-width: 975px)\" width=\"340\" height=\"340\" \/><img alt=\"Consejos pr\u00e1cticos para manejar personas con actitud de superioridad\" loading=\"lazy\" width=\"340\" height=\"340\" decoding=\"async\" data-nimg=\"1\" style=\"color:transparent\" src=\"https:\/\/13.com.ar\/wp-content\/uploads\/2025\/02\/1739268885_74_Que-es-el-sindrome-del-salvador-segun-el-psicoanalisis.jpg\"\/><\/div>\n<\/div>\n<\/div>\n<div class=\"sc-80531b6b-0 chRIGJ container-text text-embed\">\n<p>Un art\u00edculo de la revista espa\u00f1ola <em>Ethic<\/em> explica que \u201cel s\u00edndrome del salvador no surge de la nada, sino que <strong>tiende a gestarse desde la infancia y adolescencia<\/strong>. Se trata de personas que han adquirido responsabilidades sociales de forma muy precoz.<\/p>\n<\/div>\n<div class=\"sc-80531b6b-0 chRIGJ container-text text-embed\">\n<p>Este fen\u00f3meno de reciprocidad emocional alterada ha sido estudiado por James D. Guy en 1987. \u201cEl psic\u00f3logo norteamericano describi\u00f3 c\u00f3mo la forma de relacionarse se ve alterada en la infancia, manteni\u00e9ndose hasta la edad adulta y provocando que la persona se vuelva <strong>hipersensible a las necesidades de los dem\u00e1s<\/strong> a la par que silencia la expresi\u00f3n de sus propias necesidades\u201d, detalla<em> Ethic<\/em>.<\/p>\n<\/div>\n<div class=\"sc-80531b6b-0 chRIGJ container-text text-embed\">\n<p>En el<strong> terreno amoroso<\/strong>, a veces, las personas con s\u00edndrome del salvador eligen <strong>parejas con carencias afectivas<\/strong> o dificultades psicol\u00f3gicas para responsabilizarse de ellas. El art\u00edculo agrega que \u201cen algunos casos lo logran, sobre todo si dichas dificultades eran leves. La gran inc\u00f3gnita, sin embargo, es qu\u00e9 ocurre cuando entran en juego problemas psicol\u00f3gicos serios\u201d.<\/p>\n<\/div>\n<div class=\"sc-198be8ec-0 cynXbu image-embed  image-embed \"><picture class=\"sc-198be8ec-1 kOjRiQ\"><source media=\"(min-width: 975px)\" width=\"2000\" height=\"1500\" \/><img alt=\"Quienes padecen el s\u00edndrome del salvador han adquirido responsabilidades sociales en una etapa muy precoz de su vida. Foto: Clar\u00edn.\" loading=\"lazy\" width=\"2000\" height=\"1500\" decoding=\"async\" data-nimg=\"1\" style=\"color:transparent\" src=\"https:\/\/13.com.ar\/wp-content\/uploads\/2025\/02\/Que-es-el-sindrome-del-salvador-segun-el-psicoanalisis.jpg#1739212981329.jpeg\"\/><span class=\"epigraphe\">Quienes padecen el s\u00edndrome del salvador han adquirido responsabilidades sociales en una etapa muy precoz de su vida. Foto: Clar\u00edn.<\/span><span class=\"bkg\"\/><span class=\"picture-open\"><button class=\"open-image\" aria-label=\"Open Image\"\/><\/span><\/picture><\/div>\n<div class=\"sc-80531b6b-0 chRIGJ container-text text-embed\">\n<p>Desde el enfoque psicol\u00f3gico, los <strong>s\u00edntomas m\u00e1s habituales<\/strong> del s\u00edndrome son alteraciones del sue\u00f1o, so\u00f1ar con contenido perturbador, irritabilidad, agotamiento, ansiedad, sensaci\u00f3n de estar abrumado, apesadumbrado, dificultades para concentrarse, no poder dejar de tener en mente contenido intrusivo negativo, des\u00e1nimo e hipersensibilidad.<\/p>\n<\/div>\n<div class=\"sc-80531b6b-0 chRIGJ container-text text-embed\">\n<p>Por otra parte, resulta habitual comenzar a sentir <strong>evitaci\u00f3n de contacto social<\/strong>, retraimiento, agobio de tener que estar con gente y tendencia a conductas adictivas.<\/p>\n<\/div>\n<div class=\"sc-80531b6b-0 chRIGJ container-text text-embed\">\n<p>Para mantenerse a salvo del s\u00edndrome del salvador los especialistas recomiendan terapia grupal o individual y entrenamiento de inteligencia emocional.<\/p>\n<\/div>\n<\/div>\n<p><br \/>\n<br \/><a href=\"https:\/\/www.clarin.com\/internacional\/sindrome-salvador-psicoanalisis_0_lbJVv7hSei.html\">Fuente Clarin.com <\/a><\/p>\n","protected":false},"excerpt":{"rendered":"<p>En El arte de amar Erich Fromm describe en una sola frase al s\u00edndrome del salvador: \u201cHay un dar que enriquece y un dar que empobrece\u201d. Porque quienes padecen de este s\u00edndrome asumen un excesivo grado de responsabilidad por el otro, ya sea su pareja o un familiar o, incluso, en profesiones asistenciales. Entonces, estas [&hellip;]<\/p>\n","protected":false},"author":1,"featured_media":3772,"comment_status":"open","ping_status":"open","sticky":false,"template":"","format":"standard","meta":{"footnotes":""},"categories":[2],"tags":[100,5809,286,3404,227,5808],"class_list":["post-3771","post","type-post","status-publish","format-standard","has-post-thumbnail","hentry","category-ultimas-noticias","tag-del","tag-psicoanalisis","tag-que","tag-salvador","tag-segun","tag-sindrome"],"_links":{"self":[{"href":"https:\/\/13.com.ar\/index.php\/wp-json\/wp\/v2\/posts\/3771","targetHints":{"allow":["GET"]}}],"collection":[{"href":"https:\/\/13.com.ar\/index.php\/wp-json\/wp\/v2\/posts"}],"about":[{"href":"https:\/\/13.com.ar\/index.php\/wp-json\/wp\/v2\/types\/post"}],"author":[{"embeddable":true,"href":"https:\/\/13.com.ar\/index.php\/wp-json\/wp\/v2\/users\/1"}],"replies":[{"embeddable":true,"href":"https:\/\/13.com.ar\/index.php\/wp-json\/wp\/v2\/comments?post=3771"}],"version-history":[{"count":0,"href":"https:\/\/13.com.ar\/index.php\/wp-json\/wp\/v2\/posts\/3771\/revisions"}],"wp:featuredmedia":[{"embeddable":true,"href":"https:\/\/13.com.ar\/index.php\/wp-json\/wp\/v2\/media\/3772"}],"wp:attachment":[{"href":"https:\/\/13.com.ar\/index.php\/wp-json\/wp\/v2\/media?parent=3771"}],"wp:term":[{"taxonomy":"category","embeddable":true,"href":"https:\/\/13.com.ar\/index.php\/wp-json\/wp\/v2\/categories?post=3771"},{"taxonomy":"post_tag","embeddable":true,"href":"https:\/\/13.com.ar\/index.php\/wp-json\/wp\/v2\/tags?post=3771"}],"curies":[{"name":"wp","href":"https:\/\/api.w.org\/{rel}","templated":true}]}}