{"id":37709,"date":"2025-06-27T21:24:30","date_gmt":"2025-06-28T00:24:30","guid":{"rendered":"https:\/\/13.com.ar\/index.php\/la-sociedad-rural-critico-el-restablecimiento-de-retenciones-a-la-soja-y-el-maiz-y-anticipo-un-escenario-muy-dificil-para-el-campo\/"},"modified":"2025-06-27T21:24:30","modified_gmt":"2025-06-28T00:24:30","slug":"la-sociedad-rural-critico-el-restablecimiento-de-retenciones-a-la-soja-y-el-maiz-y-anticipo-un-escenario-muy-dificil-para-el-campo","status":"publish","type":"post","link":"https:\/\/13.com.ar\/index.php\/la-sociedad-rural-critico-el-restablecimiento-de-retenciones-a-la-soja-y-el-maiz-y-anticipo-un-escenario-muy-dificil-para-el-campo\/","title":{"rendered":"La Sociedad Rural critic\u00f3 el restablecimiento de retenciones a la soja y el ma\u00edz y anticip\u00f3 un &#8220;escenario muy dif\u00edcil&#8221; para el campo"},"content":{"rendered":"<p> <br \/>\n<br \/><img decoding=\"async\" src=\"https:\/\/13.com.ar\/wp-content\/uploads\/2025\/04\/la-escalada-arancelaria-golpea-al-mercado-global.jpg\" \/><\/p>\n<div id=\"element-body-0\">\n<p>El Gobierno de Javier Milei no incluy\u00f3 este jueves a la soja y el ma\u00edz dentro de las producciones que mantendr\u00e1n una rebaja de retenciones. As\u00ed, a menos que haya un cambio el lunes, el impuesto para ambos cereales subir\u00e1 desde el martes 1\u00b0 julio al 33% y al 12%, respectivamente. Ante esa posible suba, la Sociedad Rural habl\u00f3 de un &#8220;impuesto discriminatorio y consficatorio&#8221; y advirti\u00f3: <strong>&#8220;Esto vuelve a colocar al campo en un escenario muy dif\u00edcil&#8221;.<\/strong><\/p>\n<\/div>\n<div id=\"element-body-1\">\n<p>Marcos Pereda, vicepresidente de la SRA, subray\u00f3 el aporte que el sector rural ya realiza al Estado, estimado en aproximadamente 5.350 millones de d\u00f3lares el a\u00f1o pasado. Lo calific\u00f3 como &#8220;gigantesco&#8221; y asegur\u00f3 <strong>que sostiene &#8220;el super\u00e1vit fiscal&#8221;, <\/strong>uno de los logros sobre los que el Gobierno basa su gesti\u00f3n econ\u00f3mica. <\/p>\n<\/div>\n<div id=\"element-body-2\">\n<p>Pereda insisti\u00f3 en que la eliminaci\u00f3n de estas cargas impositivas podr\u00eda transformar radicalmente la econom\u00eda rural y nacional. Sin retenciones, el sector podr\u00eda &#8220;multiplicar sus ingresos y crear riqueza de manera genuina, generando miles de puestos de trabajo, invirtiendo en tecnolog\u00eda, maquinaria y mejora gen\u00e9tica&#8221; en &#8220;muy poco tiempo&#8221;, dijo el vicepresidente de la entidad.<\/p>\n<\/div>\n<div id=\"element-body-3\">\n<p>Para ilustrar el impacto, Pereda cit\u00f3 proyecciones para la cadena del ma\u00edz que, sin retenciones, podr\u00eda ver su facturaci\u00f3n aumentar en 5.000 millones de d\u00f3lares. De acuerdo a un estudio del ITBA (Instituto Tecnol\u00f3gico de Buenos Aires), esto equivaldr\u00eda a la creaci\u00f3n de &#8220;casi 30.000 empleos directos por a\u00f1o&#8221;. <\/p>\n<\/div>\n<div id=\"element-body-4\">\n<p>El capital que se retiene por los derechos de exportaci\u00f3n es, para el vicepresidente de la SRA, &#8220;plata que no se reinvierte en servicios, transporte, maquinaria o infraestructura productiva&#8221;. <\/p>\n<\/div>\n<div id=\"element-body-6\">\n<p>Si bien reconoci\u00f3 los esfuerzos del Gobierno por mantener el equilibrio fiscal y la reducci\u00f3n de algunas retenciones, Pereda advirti\u00f3 que el peso fiscal sobre la soja, el ma\u00edz, el sorgo y el girasol -cuyas retenciones ahora quedar\u00edan restablecidas- nuevamente &#8220;coloca al campo en un escenario muy dif\u00edcil que no podemos obviar&#8221;.<\/p>\n<\/div>\n<div id=\"element-body-7\">\n<p>A fines de enero, el Gobierno anunci\u00f3 la rebaja de reteniones para el campo y elimin\u00f3 de forma permanente las al\u00edcuotas para las econom\u00edas regionales. Para la soja pasaron de 33% a 26%; derivados de soja pas\u00f3 de 31% a 24,5%; en el caso del trigo bajaron de 12% a 9,5%; la cebada, el sorgo y el ma\u00edz cayeron de 12% a 9,5%; y el girasol disminuy\u00f3 de 7% a 5,5%.<\/p>\n<\/div>\n<div id=\"element-body-8\">\n<p>Esa medida iba a tener vigencia, en principio, hasta junio. En abril, Milei advirti\u00f3 que no extender\u00eda la rebaja. &#8220;Si tienen que liquidar, liquiden ahora\u201d, fue su mensaje al campo, en plena etapa de cosecha fina.<\/p>\n<\/div>\n<div id=\"element-body-9\">\n<p>A fines de mayo, en tanto, Luis Caputo anunci\u00f3 que extender\u00eda hasta el 31 de marzo de 2026 la rebaja de retenciones al trigo y la cebada. Ahora, a d\u00edas del 30 de junio (fecha de final para el resto de las rebajas), el Gobierno public\u00f3 este viernes el decreto 439\/2025 que confirm\u00f3 el anticipo del ministro: mantuvo la rebaja temporaria de las retenciones solo para el trigo y la cebada hasta el 31 de marzo de 2026, manteni\u00e9ndolas en 9,5% y la harina de trigo en 5,5%.<\/p>\n<\/div>\n<div id=\"element-body-10\">\n<p>Esta normativa no incluy\u00f3 a la soja y al ma\u00edz, dejando en el aire el destino del resto de los cultivos. De no mediar un nuevo decreto, las al\u00edcuotas para la soja volver\u00e1n del 26 al 33%, las del ma\u00edz y sorgo del 9,5 al 12%, y las del girasol del 5,5 al 7%. <\/p>\n<\/div>\n<p><br \/>\n<br \/><a href=\"https:\/\/www.clarin.com\/rural\/sociedad-rural-critico-restablecimiento-retenciones-soja-maiz-anticipo-escenario-dificil-campo_0_nWc5pAjJ2q.html\">Fuente Clarin.com <\/a><\/p>\n","protected":false},"excerpt":{"rendered":"<p>El Gobierno de Javier Milei no incluy\u00f3 este jueves a la soja y el ma\u00edz dentro de las producciones que mantendr\u00e1n una rebaja de retenciones. As\u00ed, a menos que haya un cambio el lunes, el impuesto para ambos cereales subir\u00e1 desde el martes 1\u00b0 julio al 33% y al 12%, respectivamente. Ante esa posible suba, [&hellip;]<\/p>\n","protected":false},"author":1,"featured_media":18536,"comment_status":"open","ping_status":"open","sticky":false,"template":"","format":"standard","meta":{"footnotes":""},"categories":[2],"tags":[8595,958,580,2584,1548,1310,188,16,22401,525,3580,2032,526],"class_list":["post-37709","post","type-post","status-publish","format-standard","has-post-thumbnail","hentry","category-ultimas-noticias","tag-anticipo","tag-campo","tag-critico","tag-dificil","tag-escenario","tag-maiz","tag-muy","tag-para","tag-restablecimiento","tag-retenciones","tag-rural","tag-sociedad","tag-soja"],"_links":{"self":[{"href":"https:\/\/13.com.ar\/index.php\/wp-json\/wp\/v2\/posts\/37709","targetHints":{"allow":["GET"]}}],"collection":[{"href":"https:\/\/13.com.ar\/index.php\/wp-json\/wp\/v2\/posts"}],"about":[{"href":"https:\/\/13.com.ar\/index.php\/wp-json\/wp\/v2\/types\/post"}],"author":[{"embeddable":true,"href":"https:\/\/13.com.ar\/index.php\/wp-json\/wp\/v2\/users\/1"}],"replies":[{"embeddable":true,"href":"https:\/\/13.com.ar\/index.php\/wp-json\/wp\/v2\/comments?post=37709"}],"version-history":[{"count":0,"href":"https:\/\/13.com.ar\/index.php\/wp-json\/wp\/v2\/posts\/37709\/revisions"}],"wp:featuredmedia":[{"embeddable":true,"href":"https:\/\/13.com.ar\/index.php\/wp-json\/wp\/v2\/media\/18536"}],"wp:attachment":[{"href":"https:\/\/13.com.ar\/index.php\/wp-json\/wp\/v2\/media?parent=37709"}],"wp:term":[{"taxonomy":"category","embeddable":true,"href":"https:\/\/13.com.ar\/index.php\/wp-json\/wp\/v2\/categories?post=37709"},{"taxonomy":"post_tag","embeddable":true,"href":"https:\/\/13.com.ar\/index.php\/wp-json\/wp\/v2\/tags?post=37709"}],"curies":[{"name":"wp","href":"https:\/\/api.w.org\/{rel}","templated":true}]}}