{"id":37707,"date":"2025-06-27T21:15:32","date_gmt":"2025-06-28T00:15:32","guid":{"rendered":"https:\/\/13.com.ar\/index.php\/milei-descontrolado-y-empiezan-a-cansar-el-circo-y-las-pretensiones-de-cristina\/"},"modified":"2025-06-27T21:15:32","modified_gmt":"2025-06-28T00:15:32","slug":"milei-descontrolado-y-empiezan-a-cansar-el-circo-y-las-pretensiones-de-cristina","status":"publish","type":"post","link":"https:\/\/13.com.ar\/index.php\/milei-descontrolado-y-empiezan-a-cansar-el-circo-y-las-pretensiones-de-cristina\/","title":{"rendered":"Milei descontrolado y empiezan a cansar el circo y las pretensiones de Cristina"},"content":{"rendered":"<p> <br \/>\n<br \/><img decoding=\"async\" src=\"https:\/\/13.com.ar\/wp-content\/uploads\/2025\/06\/Milei-descontrolado-y-empiezan-a-cansar-el-circo-y-las.jpg\" \/><\/p>\n<div id=\"element-body-0\">\n<p>Alguien que lo contenga ya al presidente. El jueves, en La Plata, Milei lanz\u00f3 la campa\u00f1a para las elecciones bonaerenses y, como si fuera lo m\u00e1s normal del mundo, le dijo a Kicillof pelotudo, limitado, pich\u00f3n de Stalin y burro eunuco. Un duque. Un ratito antes, su jefe de ministros, Francos, hab\u00eda pegado el portazo en el Senado, enojado con raz\u00f3n porque una legisladora de Cristina le grit\u00f3 mentiroso y se neg\u00f3 a retractarse. <strong>Por favor: un poco de coherencia.<\/strong><\/p>\n<\/div>\n<div id=\"element-body-1\">\n<p>\u00bfQu\u00e9 busca con estas cosas Milei, adem\u00e1s de lo obvio, polarizar con el gobernador al que elige como enemigo? \u00bfQu\u00e9 busca con agredir a Francos la senadora L\u00f3pez, adem\u00e1s de lo obvio: achacarle al gobierno cualquier cosa, como el clich\u00e9 de que abandona las Malvinas y favorece a potencias extranjeras? Sin darse cuenta, L\u00f3pez se la dej\u00f3 picando a Francos para <strong>irse de una reuni\u00f3n que le incomodaba<\/strong>. Nos hizo recordar a Jorge Rachid, el ex asesor de Kicillof que en d\u00edas del covid denunci\u00f3 que Pfizer buscaba quedarse con los glaciares. L\u00f3pez era concejal en Ushuaia, ciudad chica, infierno grande si los hay: ahora completa el mandato de su compa\u00f1ero Mat\u00edas Rodr\u00edguez, que se suicid\u00f3 tras descubrir que su mujer ten\u00eda una relaci\u00f3n con su mejor amigo, el intendente Walter Vuotto, tambi\u00e9n de La Campora. Mejor lo dejamos ah\u00ed.<\/p>\n<\/div>\n<div id=\"element-body-2\">\n<p>No s\u00f3lo Milei anda descontrolado. Su candidato Espert, \u00bfa diputado? \u00bfa gobernador?, dijo que en Buenos Aires hay un ba\u00f1o de sangre por culpa del maldito kirchnerismo. Y eso exactamente repiti\u00f3 en el acto Luis Caputo, confirmando el doble papel de ministro y de vocero, An\u00edbal Fern\u00e1ndez de la Recoleta. <strong>El narcisismo puede causar desastres<\/strong>. Algo m\u00e1s: Milei dice las barbaridades que dice de Kicillof porque busca decirle a todos que es la \u00fanica opci\u00f3n al kirchnerismo. <strong>Y quiz\u00e1s, decirle al Pro: solos nos arreglamos.<\/strong><\/p>\n<\/div>\n<div id=\"element-body-3\">\n<p>Hay una negociaci\u00f3n demorada con el Pro para armar un frente en Buenos Aires y un reclamo a Macri de otra parte del macrismo m\u00e1s el radicalismo, De la Torre y Monz\u00f3, que est\u00e1n afuera de esas conversaciones y proponen pelear este round sin los libertarios. Una remake de Juntos por el Cambio. <strong>Son dirigentes que comparten enojos con el mileismo y destratos del mileismo.<\/strong><\/p>\n<\/div>\n<div id=\"element-body-4\">\n<p>\u00bfCu\u00e1nto votos pueden juntar esa nueva avenida del medio? Es dif\u00edcil saberlo. Y es la pregunta del mill\u00f3n, o del medio mill\u00f3n, porque la otra es: <strong>\u00bfcu\u00e1nta gente ir\u00e1 a votar y qui\u00e9nes se beneficiar\u00e1n y perjudicar\u00e1n con el ausentismo? <\/strong>No hay estudio que permita responder esa pregunta. En las seis de las siete elecciones de este a\u00f1o, la participaci\u00f3n fue inferior al 60%. S\u00f3lo en Jujuy se super\u00f3 esa cifra, aunque ah\u00ed alcanz\u00f3 el 64%.<\/p>\n<\/div>\n<div id=\"element-body-5\">\n<p>Tampoco la tienen f\u00e1cil en el mileismo, donde <strong>sin que se note a\u00fan demasiado conviven cuatro tribus<\/strong>: la de Sebasti\u00e1n Pareja apalancada en Karina Milei y los Menem, los que responden a Santiago Caputo con el tuitero y diputado Romo a la cabeza y otros dos grupos, m\u00e1s peque\u00f1os, que se mueven uno con Patricia Bullrich y otro con Espert. Quiere decir que tienen que conciliar entre ellos antes de arreglar las cuotas y posiciones en las listas que le dar\u00e1n al Pro. Eso, aunque una parte del acuerdo se pague con cargos en el gobierno nacional.<\/p>\n<\/div>\n<div id=\"element-body-6\">\n<p>El 7 de setiembre se elegir\u00e1n 23 senadores y 46 diputados provinciales. Tambi\u00e9n concejales y consejeros escolares. En diez d\u00edas vence el plazo para inscribir las alianzas y en otros diez se cerrar\u00e1 el libro de pases, las altas y bajas: se oficializar\u00e1n las listas. El arreglo del Gobierno con el Pro iba a anunciarse esta semana pero no hubo acuerdo. <strong>Hasta ahora le ofrecen al macrismo la mitad de los cargos que pide.<\/strong> Siguieron d\u00e1ndole vuelta este s\u00e1bado y la rosca continuar\u00e1 todo el fin de semana.<\/p>\n<\/div>\n<div id=\"element-body-8\">\n<p>En paralelo van las discusiones dentro del peronismo y los forcejeos de Cristina y M\u00e1ximo con Kicillof, <strong>al que ningunean cada vez que pueden. <\/strong>Cristina est\u00e1 tan instalada en la venganza que no puede vivir sin ella. M\u00e1ximo habla hasta por los codos pero no dice nada nuevo. Repite consignas vac\u00edas como que el FMI es el principal enemigo: <strong>las explicaciones racionales sobre por qu\u00e9 pasa lo que pasa se le resisten.<\/strong> Cristina lo quiere para encabezar los diputados provinciales por la Tercera Secci\u00f3n, puesto al que ella se hab\u00eda auto postulado. Otra buena noticia para Milei.<\/p>\n<\/div>\n<div id=\"element-body-9\">\n<p>La l\u00f3gica dice que habr\u00e1 acuerdo tanto de libertarios con el Pro como en el peronismo: <strong>ninguno se puede dar el lujo de ir divididos<\/strong>. Pero la l\u00f3gica no es muchas veces lo que predomina. Al Gobierno le hubiera convenido votar ya. Es dif\u00edcil que en los dos meses y pico que falta para la elecci\u00f3n bonaerense y los casi cuatro para la nacional reciba buenas noticias, m\u00e1s all\u00e1 de la baja de la inflaci\u00f3n. O, mejor dicho, de que se mantenga a raya la inflaci\u00f3n. \u00bfCu\u00e1ntos otros \u00e9xitos podr\u00e1 mostrar? Puede tener, incluso, m\u00e1s ruidos de los que tiene con el d\u00f3lar y m\u00e1s desempleo. Aunque hay coincidencia en que, con todo, llegar\u00e1 a octubre mejor que la oposici\u00f3n. <strong>Milei mete la pata pero otros lo superan.<\/strong><\/p>\n<\/div>\n<div id=\"element-body-10\">\n<p>El peronismo descubri\u00f3 que puede perder y se apura a sacar leyes y a meter jueces y fiscales en Provincia. <strong>Han designado m\u00e1s de 200 en un mes<\/strong>. Otra prueba: la reelecci\u00f3n indefinida de los legisladores que aprob\u00f3 el Senado y a la que Kiciloff se opon\u00eda porque no inclu\u00eda a los intendentes. Son cosas que la mayor\u00eda de la gente rechaza y que puede aprovechar Milei, tanto como el cansancio que empiezan a producir el circo y las pretensiones de Cristina para <strong>burlarse de la justicia y de la prisi\u00f3n domiciliaria.<\/strong> Provocaciones: desde convocar a la gente para anotarse por Internet para ir a verla hasta el desaf\u00edo de diputados y senadores que, argumentando inmunidad parlamentaria, entrar\u00edan a la casa aunque no tuvieran autorizaci\u00f3n.<\/p>\n<\/div>\n<div id=\"element-body-11\">\n<p>Nos estamos acostumbrando a cualquier situaci\u00f3n por m\u00e1s disparatada que sea. Pero hay una a la que no deber\u00edamos acostumbrarnos nunca: la violencia. Aunque sea m\u00ednima, como el escrache sufrido por Espert. <strong>El escrache no es una protesta sino una intimidaci\u00f3n. Es fascismo. <\/strong>Y m\u00e1s grave si hay funcionarios detr\u00e1s, como los de La C\u00e1mpora contra TN. Hay que tomar esas cosas en serio. La pol\u00edtica puede ser un sainete grotesco, como lo es. Pero el l\u00edmite es la violencia.<\/p>\n<\/div>\n<p><br \/>\n<br \/><a href=\"https:\/\/www.clarin.com\/opinion\/milei-descontrolado-empiezan-cansar-circo-pretensiones-cristina_0_gyHW5NIU15.html\">Fuente Clarin.com <\/a><\/p>\n","protected":false},"excerpt":{"rendered":"<p>Alguien que lo contenga ya al presidente. El jueves, en La Plata, Milei lanz\u00f3 la campa\u00f1a para las elecciones bonaerenses y, como si fuera lo m\u00e1s normal del mundo, le dijo a Kicillof pelotudo, limitado, pich\u00f3n de Stalin y burro eunuco. Un duque. Un ratito antes, su jefe de ministros, Francos, hab\u00eda pegado el portazo [&hellip;]<\/p>\n","protected":false},"author":1,"featured_media":37708,"comment_status":"open","ping_status":"open","sticky":false,"template":"","format":"standard","meta":{"footnotes":""},"categories":[2],"tags":[22399,4625,497,2633,1210,48,77,22400],"class_list":["post-37707","post","type-post","status-publish","format-standard","has-post-thumbnail","hentry","category-ultimas-noticias","tag-cansar","tag-circo","tag-cristina","tag-descontrolado","tag-empiezan","tag-las","tag-milei","tag-pretensiones"],"_links":{"self":[{"href":"https:\/\/13.com.ar\/index.php\/wp-json\/wp\/v2\/posts\/37707","targetHints":{"allow":["GET"]}}],"collection":[{"href":"https:\/\/13.com.ar\/index.php\/wp-json\/wp\/v2\/posts"}],"about":[{"href":"https:\/\/13.com.ar\/index.php\/wp-json\/wp\/v2\/types\/post"}],"author":[{"embeddable":true,"href":"https:\/\/13.com.ar\/index.php\/wp-json\/wp\/v2\/users\/1"}],"replies":[{"embeddable":true,"href":"https:\/\/13.com.ar\/index.php\/wp-json\/wp\/v2\/comments?post=37707"}],"version-history":[{"count":0,"href":"https:\/\/13.com.ar\/index.php\/wp-json\/wp\/v2\/posts\/37707\/revisions"}],"wp:featuredmedia":[{"embeddable":true,"href":"https:\/\/13.com.ar\/index.php\/wp-json\/wp\/v2\/media\/37708"}],"wp:attachment":[{"href":"https:\/\/13.com.ar\/index.php\/wp-json\/wp\/v2\/media?parent=37707"}],"wp:term":[{"taxonomy":"category","embeddable":true,"href":"https:\/\/13.com.ar\/index.php\/wp-json\/wp\/v2\/categories?post=37707"},{"taxonomy":"post_tag","embeddable":true,"href":"https:\/\/13.com.ar\/index.php\/wp-json\/wp\/v2\/tags?post=37707"}],"curies":[{"name":"wp","href":"https:\/\/api.w.org\/{rel}","templated":true}]}}