{"id":37701,"date":"2025-06-27T21:03:31","date_gmt":"2025-06-28T00:03:31","guid":{"rendered":"https:\/\/13.com.ar\/index.php\/los-medicos-argentinos-estan-en-terapia-intensiva\/"},"modified":"2025-06-27T21:03:31","modified_gmt":"2025-06-28T00:03:31","slug":"los-medicos-argentinos-estan-en-terapia-intensiva","status":"publish","type":"post","link":"https:\/\/13.com.ar\/index.php\/los-medicos-argentinos-estan-en-terapia-intensiva\/","title":{"rendered":"Los m\u00e9dicos argentinos est\u00e1n en Terapia Intensiva"},"content":{"rendered":"<p> <br \/>\n<br \/><img decoding=\"async\" src=\"https:\/\/13.com.ar\/wp-content\/uploads\/2025\/06\/Los-medicos-argentinos-estan-en-Terapia-Intensiva.jpg\" \/><\/p>\n<div id=\"element-body-0\">\n<p>Los recursos humanos en la salud \u201cno son inaugurados\u201d. En mis 48 a\u00f1os de m\u00e9dico y 41 de m\u00e9dico intensivista nunca he visto a un pol\u00edtico <strong>cortar una cinta de inauguraci\u00f3n a una enfermera, m\u00e9dico, kinesi\u00f3logo o bioqu\u00edmico.<\/strong> Con este puntapi\u00e9 inicial quiero compartir con los argentinos mi enorme preocupaci\u00f3n por las condiciones laborales de los profesionales que trabajan en los hospitales p\u00fablicos y privados de nuestro pa\u00eds. <\/p>\n<\/div>\n<div id=\"element-body-1\">\n<p>Es cierto que existen excepciones, sin embargo, en general observamos como profesionales que atienden pacientes cr\u00edticos tanto en los servicios de Emergencia Prehospitalaria, Hospitalaria y Cuidados Cr\u00edticos, <strong>no siempre son especialistas en dicha especialidad<\/strong>. No creo que nadie quiera en su sano juicio ser intervenido quir\u00fargicamente por un profesional que no sea cirujano, lo mismo deber\u00edamos exigir en caso de padecer una enfermedad cr\u00edtica, donde las posibilidades de fallecer se incrementan.<\/p>\n<\/div>\n<div id=\"element-body-2\">\n<p>\u00bfC\u00f3mo hemos llegado a esta situaci\u00f3n? Es simple, las condiciones laborales de hace d\u00e9cadas no son adecuadas desde todo punto de vista. Desde lo econ\u00f3mico, sueldos que obligan a tener <strong>pluriempleo<\/strong>, horarios extendidos de atenci\u00f3n que <strong>habitualmente son de 12 o 24 horas<\/strong>, denominadas en la jerga como \u201cguardias\u201d y en muchas circunstancias<strong> dificultades para cubrir vacaciones, licencia por enfermedad, etc<\/strong>. En general una enfermera debe trabajar 16 horas diarias, haciendo horas extras para alcanzar un sueldo razonable, que resulta muchas veces insuficiente para no ser pobre.<\/p>\n<\/div>\n<div id=\"element-body-3\">\n<p>Me pregunto: <strong>\u00bfqui\u00e9n cuida a los que nos cuidan?<\/strong> \u00bfQui\u00e9n se preocupa por aquellos que dejan todo, arriesgando hasta su propia salud para cuidar y atender pacientes cr\u00edticos? \u00bfHace falta una pandemia para que nos aplaudan todas las noches? <strong>Hicimos nuestro trabajo, nadie buscaba aplausos<\/strong>.<\/p>\n<\/div>\n<div id=\"element-body-4\">\n<p>Progresivamente el n\u00famero de especialistas que conforma el equipo de salud que trabaja en \u00e1reas cr\u00edticas <strong>va reduci\u00e9ndose<\/strong> y en lo personal siento que debo elevar mi voz para que la poblaci\u00f3n este correctamente informada sobre nuestra realidad y el riesgo que implica para sus vidas.<\/p>\n<\/div>\n<div id=\"element-body-5\">\n<p>Existen datos que afirman la existencia de una tendencia por parte de enfermeras, m\u00e9dicos y otros profesionales de la salud a <strong>abandonar las tareas asistenciales,<\/strong> y no es una exageraci\u00f3n por parte m\u00eda.<\/p>\n<\/div>\n<div id=\"element-body-6\">\n<p>T\u00f3menlo de alguien que ha trabajado en la \u201ctrinchera\u201d en Cuidados Cr\u00edticos, luchando siempre por el trabajo en equipo y por el reconocimiento profesional de todos los que conformamos el plantel de las Unidades de Terapia Intensiva y Cuidados Cr\u00edticos. Luchamos para prolongar (salvar ser\u00eda pretencioso) miles de vidas y con una mejor calidad de vida. <\/p>\n<\/div>\n<div id=\"element-body-7\">\n<p>Nuestra preocupaci\u00f3n es hacer todos juntos el m\u00e1ximo esfuerzo para recuperar a nuestros pacientes. Sin embargo, nos esforzamos para que los pacientes que van a fallecer lo hagan con la mejor dignidad posible, entendiendo que a veces importa m\u00e1s, c\u00f3mo vamos a morir frente a una realidad que ya no podemos cambiar. Entre ustedes, <strong>Dios o la Naturaleza, solo estamos nosotros, con nuestra vocaci\u00f3n y casi siempre con un sueldo miserable.<\/strong><\/p>\n<\/div>\n<div id=\"element-body-8\">\n<p>En tiempo en que los recursos son escasos debemos procurar reflexionar sobre c\u00f3mo acomodar nuestras prioridades. De nada sirve edificios, equipamiento sofisticado sino contamos con lo esencial, lo invisible a los ojos de todos muchas veces, <strong>los profesionales de la salud<\/strong>. Los mismos est\u00e1n muy mal pagos, ya sea que trabajen en instituciones p\u00fablicas, de Obras Sociales o en el sistema de medicina prepaga. <\/p>\n<\/div>\n<div id=\"element-body-9\">\n<p>Los argentinos de clase baja que pueden recurrir \u00fanicamente a un hospital p\u00fablico, saben de hace a\u00f1os que el sistema que depende del Estado ha colapsado.<\/p>\n<\/div>\n<div id=\"element-body-10\">\n<p>Ahora, en el \u00faltimo tiempo el <strong>agua le lleg\u00f3 al cuello a las Obras Sociales y cl\u00ednicas y hospitales privados y a las mism\u00edsimas Prepagas<\/strong>. Como si estuvieran en la cubierta del Titanic, los argentinos m\u00e1s pudientes y el \u201cc\u00edrculo rojo\u201d se dan por enterados de un sistema sanitario que se hunde cuando no consiguen turnos, por que deben afrontan copagos, porque les cobran cirug\u00edas en d\u00f3lares por fuera de la cobertura, y cuando ven que los m\u00e9dicos de guardia que los atienden a ellos y a sus hijos no son argentinos como hace unos a\u00f1os atr\u00e1s, como si eso fuera un problema en s\u00ed y no consecuencia de otro.<\/p>\n<\/div>\n<div id=\"element-body-11\">\n<p><strong>\u00bfC\u00f3mo salimos de esta situaci\u00f3n sin generar miles de Favaloro?<\/strong> Me hago esta pregunta porque ante las aseveraciones realizadas en estos d\u00edas por representantes del partido gobernante, cualquier enfermera o m\u00e9dico con un m\u00ednimo sentido de vocaci\u00f3n <strong>deber\u00eda pegarse un tiro en el coraz\u00f3n. <\/strong><\/p>\n<\/div>\n<div id=\"element-body-12\">\n<p>Justamente los m\u00e9dicos y enfermeros del Garrahan <strong>les hablaron desde ah\u00ed, desde el coraz\u00f3n, y nos contestaron con el bolsillo y de muy mal modo<\/strong>. En vez de empatizar con nosotros nos responsabilizan por elegir una profesi\u00f3n sabida de antemano por mal paga. Que bajo que hemos ca\u00eddo.<\/p>\n<\/div>\n<div id=\"element-body-13\">\n<p> Antes la pol\u00edtica nos defend\u00eda de la boca para afuera mientras se malgastaban o robaban los recursos de la gente y quebraban el sistema de salud. Ahora directamente se r\u00eden de nosotros. <strong>Nos acusan de est\u00fapidos por tener vocaci\u00f3n.<\/strong><\/p>\n<\/div>\n<div id=\"element-body-14\">\n<p>Ni el estado solo ni el mercado por su cuenta pueden resolver esta dram\u00e1tica situaci\u00f3n. Aqu\u00ed hace falta juntar las mejores cabezas del mundo de la salud, a todos los partidos pol\u00edticos y autoridades -en los tres niveles- a todos los actores del sistema y ver qu\u00e9 podemos hacer juntos.<\/p>\n<\/div>\n<div id=\"element-body-15\">\n<p>Sin salud no hay vida. Sin educaci\u00f3n no hay futuro. Sin seguridad no tendremos ni salud y posiblemente nos quedemos sin vida. Creo que con esas premisas podemos arrancar a conversar.<\/p>\n<\/div>\n<p><br \/>\n<br \/><a href=\"https:\/\/www.clarin.com\/opinion\/medicos-argentinos-terapia-intensiva_0_Fd5guyO1WN.html\">Fuente Clarin.com <\/a><\/p>\n","protected":false},"excerpt":{"rendered":"<p>Los recursos humanos en la salud \u201cno son inaugurados\u201d. En mis 48 a\u00f1os de m\u00e9dico y 41 de m\u00e9dico intensivista nunca he visto a un pol\u00edtico cortar una cinta de inauguraci\u00f3n a una enfermera, m\u00e9dico, kinesi\u00f3logo o bioqu\u00edmico. Con este puntapi\u00e9 inicial quiero compartir con los argentinos mi enorme preocupaci\u00f3n por las condiciones laborales de [&hellip;]<\/p>\n","protected":false},"author":1,"featured_media":37702,"comment_status":"open","ping_status":"open","sticky":false,"template":"","format":"standard","meta":{"footnotes":""},"categories":[2],"tags":[671,2376,8336,28,4821,8769],"class_list":["post-37701","post","type-post","status-publish","format-standard","has-post-thumbnail","hentry","category-ultimas-noticias","tag-argentinos","tag-estan","tag-intensiva","tag-los","tag-medicos","tag-terapia"],"_links":{"self":[{"href":"https:\/\/13.com.ar\/index.php\/wp-json\/wp\/v2\/posts\/37701","targetHints":{"allow":["GET"]}}],"collection":[{"href":"https:\/\/13.com.ar\/index.php\/wp-json\/wp\/v2\/posts"}],"about":[{"href":"https:\/\/13.com.ar\/index.php\/wp-json\/wp\/v2\/types\/post"}],"author":[{"embeddable":true,"href":"https:\/\/13.com.ar\/index.php\/wp-json\/wp\/v2\/users\/1"}],"replies":[{"embeddable":true,"href":"https:\/\/13.com.ar\/index.php\/wp-json\/wp\/v2\/comments?post=37701"}],"version-history":[{"count":0,"href":"https:\/\/13.com.ar\/index.php\/wp-json\/wp\/v2\/posts\/37701\/revisions"}],"wp:featuredmedia":[{"embeddable":true,"href":"https:\/\/13.com.ar\/index.php\/wp-json\/wp\/v2\/media\/37702"}],"wp:attachment":[{"href":"https:\/\/13.com.ar\/index.php\/wp-json\/wp\/v2\/media?parent=37701"}],"wp:term":[{"taxonomy":"category","embeddable":true,"href":"https:\/\/13.com.ar\/index.php\/wp-json\/wp\/v2\/categories?post=37701"},{"taxonomy":"post_tag","embeddable":true,"href":"https:\/\/13.com.ar\/index.php\/wp-json\/wp\/v2\/tags?post=37701"}],"curies":[{"name":"wp","href":"https:\/\/api.w.org\/{rel}","templated":true}]}}