{"id":37700,"date":"2025-06-27T20:21:36","date_gmt":"2025-06-27T23:21:36","guid":{"rendered":"https:\/\/13.com.ar\/index.php\/que-se-puede-hacer-y-que-no-en-las-elecciones-2025\/"},"modified":"2025-06-27T20:21:36","modified_gmt":"2025-06-27T23:21:36","slug":"que-se-puede-hacer-y-que-no-en-las-elecciones-2025","status":"publish","type":"post","link":"https:\/\/13.com.ar\/index.php\/que-se-puede-hacer-y-que-no-en-las-elecciones-2025\/","title":{"rendered":"qu\u00e9 se puede hacer y qu\u00e9 no en las elecciones 2025"},"content":{"rendered":"<p> <br \/>\n<br \/><img decoding=\"async\" src=\"https:\/\/13.com.ar\/wp-content\/uploads\/2025\/05\/1746822234_568_desde-que-hora-no-se-puede-vender-mas-alcohol-en.jpg\" \/><\/p>\n<div id=\"element-body-0\">\n<p>La <strong>veda electoral<\/strong> marca el inicio de un per\u00edodo de prudencia c\u00edvica que resguarda la transparencia de los comicios y preserva la igualdad entre las fuerzas pol\u00edticas.<\/p>\n<\/div>\n<div id=\"element-body-1\">\n<p>Desde <strong>48 horas antes de la apertura de las urnas<\/strong>, la normativa nacional y provincial dispone restricciones precisas \u2013sobre todo en la<strong> venta de alcohol y la difusi\u00f3n de propaganda<\/strong>\u2013 que la ciudadan\u00eda santafesina deber\u00e1 respetar de cara a las <strong>elecciones de 2025 en Santa Fe<\/strong>.<\/p>\n<\/div>\n<div id=\"element-body-2\">\n<p>Con un calendario que culmina el<strong> 29 de junio<\/strong>, los votantes elegir\u00e1n convencionales reformadores de la Constituci\u00f3n provincial y, en muchas localidades, candidatos surgidos de las P<strong>ASO locales, bajo el sistema de <\/strong>boleta \u00fanica<strong>.<\/strong><\/p>\n<\/div>\n<div id=\"element-body-4\">\n<p>En ese marco, saber qu\u00e9 est\u00e1 prohibido, qu\u00e9 sigue permitido y cu\u00e1les son las obligaciones de cada actor \u2013electores, autoridades de mesa y comercios\u2013 resulta clave para evitar sanciones y garantizar un proceso ordenado. Adem\u00e1s, la consulta del padr\u00f3n y el respeto por quienes est\u00e1n exentos de sufragar cierran el c\u00edrculo de una jornada que combina tradici\u00f3n democr\u00e1tica y rigurosidad legal.<\/p>\n<\/div>\n<div id=\"element-body-6\">\n<p>Durante la veda electoral provincial rige la letra del <strong>C\u00f3digo Electoral Nacional y<\/strong> la resoluci\u00f3n del Tribunal Electoral santafesino:<\/p>\n<\/div>\n<div id=\"element-body-8\">\n<p><strong>\u00bfQu\u00e9 s\u00ed est\u00e1 permitido? <\/strong>Las reuniones privadas sin contenido proselitista, la apertura de comercios (sin expendio de alcohol) y la cobertura period\u00edstica estrictamente informativa son actividades habilitadas. Cumplir estas pautas evita multas que, seg\u00fan la ley, pueden alcanzar los<strong> seis meses de prisi\u00f3n para casos graves.<\/strong><\/p>\n<\/div>\n<div id=\"element-body-10\">\n<p>Los mayores de 16 a\u00f1os empadronados votar\u00e1n con boleta \u00fanica y deber\u00e1n presentar el \u00faltimo DNI vigente. Las mesas funcionar\u00e1n de 8 a 18, con escrutinio provisorio esperado a las 20. El domingo 29 de junio se combinan dos instancias:<\/p>\n<\/div>\n<div id=\"element-body-13\">\n<p>El Tribunal Electoral habilit\u00f3 la consulta del<strong> padr\u00f3n definitivo<\/strong> en su portal oficial; s\u00f3lo necesit\u00e1s DNI y g\u00e9nero para ver mesa y escuela: seleccion\u00e1 \u201cNacional\u201d o \u201cExtranjero\u201d seg\u00fan corresponda; el sistema muestra establecimiento, n\u00famero de orden y circuito.<\/p>\n<\/div>\n<div id=\"element-body-14\">\n<p>Si tus datos son err\u00f3neos, deb\u00e9s reclamar antes del 20 de marzo para el padr\u00f3n nacional y hasta el 15 de abril para el padr\u00f3n provincial. Para extranjeros, el padr\u00f3n especial se publica en la misma web, secci\u00f3n \u201cPadr\u00f3n de Extranjeros\u201d, con igual metodolog\u00eda de b\u00fasqueda.<\/p>\n<\/div>\n<div id=\"element-body-16\">\n<p>La C\u00e1mara Nacional Electoral ofrece, adem\u00e1s, la app \u201cMi Argentina\u201d y la l\u00ednea gratuita 0800-999-PADRON para consultas generales. Se recomienda verificar los datos con antelaci\u00f3n y, en caso de errores, gestionar la correcci\u00f3n ante el juzgado federal con competencia electoral.<\/p>\n<\/div>\n<p><br \/>\n<br \/><a href=\"https:\/\/www.clarin.com\/informacion-general\/veda-electoral-santa-fe-puede-hacer-elecciones-2025_0_JPD3HkjqtL.html\">Fuente Clarin.com <\/a><\/p>\n","protected":false},"excerpt":{"rendered":"<p>La veda electoral marca el inicio de un per\u00edodo de prudencia c\u00edvica que resguarda la transparencia de los comicios y preserva la igualdad entre las fuerzas pol\u00edticas. Desde 48 horas antes de la apertura de las urnas, la normativa nacional y provincial dispone restricciones precisas \u2013sobre todo en la venta de alcohol y la difusi\u00f3n [&hellip;]<\/p>\n","protected":false},"author":1,"featured_media":23876,"comment_status":"open","ping_status":"open","sticky":false,"template":"","format":"standard","meta":{"footnotes":""},"categories":[2],"tags":[404,127,48,136,286],"class_list":["post-37700","post","type-post","status-publish","format-standard","has-post-thumbnail","hentry","category-ultimas-noticias","tag-elecciones","tag-hacer","tag-las","tag-puede","tag-que"],"_links":{"self":[{"href":"https:\/\/13.com.ar\/index.php\/wp-json\/wp\/v2\/posts\/37700","targetHints":{"allow":["GET"]}}],"collection":[{"href":"https:\/\/13.com.ar\/index.php\/wp-json\/wp\/v2\/posts"}],"about":[{"href":"https:\/\/13.com.ar\/index.php\/wp-json\/wp\/v2\/types\/post"}],"author":[{"embeddable":true,"href":"https:\/\/13.com.ar\/index.php\/wp-json\/wp\/v2\/users\/1"}],"replies":[{"embeddable":true,"href":"https:\/\/13.com.ar\/index.php\/wp-json\/wp\/v2\/comments?post=37700"}],"version-history":[{"count":0,"href":"https:\/\/13.com.ar\/index.php\/wp-json\/wp\/v2\/posts\/37700\/revisions"}],"wp:featuredmedia":[{"embeddable":true,"href":"https:\/\/13.com.ar\/index.php\/wp-json\/wp\/v2\/media\/23876"}],"wp:attachment":[{"href":"https:\/\/13.com.ar\/index.php\/wp-json\/wp\/v2\/media?parent=37700"}],"wp:term":[{"taxonomy":"category","embeddable":true,"href":"https:\/\/13.com.ar\/index.php\/wp-json\/wp\/v2\/categories?post=37700"},{"taxonomy":"post_tag","embeddable":true,"href":"https:\/\/13.com.ar\/index.php\/wp-json\/wp\/v2\/tags?post=37700"}],"curies":[{"name":"wp","href":"https:\/\/api.w.org\/{rel}","templated":true}]}}