{"id":37696,"date":"2025-06-27T20:03:29","date_gmt":"2025-06-27T23:03:29","guid":{"rendered":"https:\/\/13.com.ar\/index.php\/los-extranjeros-pueden-votar-en-las-elecciones-generales-de-santa-fe\/"},"modified":"2025-06-27T20:03:29","modified_gmt":"2025-06-27T23:03:29","slug":"los-extranjeros-pueden-votar-en-las-elecciones-generales-de-santa-fe","status":"publish","type":"post","link":"https:\/\/13.com.ar\/index.php\/los-extranjeros-pueden-votar-en-las-elecciones-generales-de-santa-fe\/","title":{"rendered":"\u00bfLos extranjeros pueden votar en las elecciones generales de Santa Fe?"},"content":{"rendered":"<p> <br \/>\n<br \/><img decoding=\"async\" src=\"https:\/\/13.com.ar\/wp-content\/uploads\/2025\/06\/\u00bfLos-extranjeros-pueden-votar-en-las-elecciones-generales-de-Santa.jpg\" \/><\/p>\n<div id=\"element-body-0\">\n<p>Este <strong>domingo 29 de junio<\/strong>, m\u00e1s de 2,8 millones de santafesinos volver\u00e1n a las urnas en la instancia general de las<strong> elecciones municipales y comunales en Santa Fe<\/strong>. En juego est\u00e1n los cargos de intendente, concejales, miembros de comisiones comunales y 55 convencionales encargados de llevar adelante una reforma parcial de la Constituci\u00f3n provincial.<\/p>\n<\/div>\n<div id=\"element-body-1\">\n<p>Quedar\u00e1 as\u00ed plasmado el \u00faltimo paso del cronograma que arranc\u00f3 con las PASO del 13 de abril, donde \u201cUnidos para Cambiar Santa Fe\u201d fue la fuerza m\u00e1s votada al concentrar el 17,4% de los sufragios v\u00e1lidos.<\/p>\n<\/div>\n<div id=\"element-body-2\">\n<p>A diferencia de los comicios nacionales, la boleta \u00fanica santafesina exige que cada votante marque solo a un candidato por categor\u00eda, lo que agiliza el recuento y reduce el n\u00famero de votos nulos. <\/p>\n<\/div>\n<div id=\"element-body-4\">\n<p>El mismo sistema rige para el<strong> voto extranjero y para los j\u00f3venes de 16 y 17 a\u00f1os<\/strong>, que desde 2023 ya participan en la provincia en igualdad de condiciones con los mayores.<\/p>\n<\/div>\n<div id=\"element-body-5\">\n<p>Quienes tengan dudas sobre la mesa a la que deben concurrir pueden consultar el padr\u00f3n electoral definitivo ingresando su DNI en la <strong>web del Tribunal Electoral<\/strong>, donde tambi\u00e9n figura si est\u00e1n empadronados como nacionales o como extranjeros.<\/p>\n<\/div>\n<div id=\"element-body-6\">\n<p>Finalmente, recordar que el sufragio es<strong> obligatorio de los 18 a los 70 a\u00f1os<\/strong> y su incumplimiento genera multas que van de 50 a 500 pesos, acumulables por reincidencia.<\/p>\n<\/div>\n<div id=\"element-body-8\">\n<p>Los extranjeros<strong> <\/strong>residentes con m\u00e1s de dos a\u00f1os de domicilio continuo en el municipio (o uno, si viven en una comuna) <strong>pueden votar cargos municipales<\/strong>; para ello deben contar con DNI de extranjero y saber leer y escribir en castellano.<\/p>\n<\/div>\n<div id=\"element-body-9\">\n<p>El empadronamiento es autom\u00e1tico: el Tribunal Electoral arma un padr\u00f3n especial de extranjeros en base al Registro Nacional de las Personas (<strong>Renaper) <\/strong>y publica la n\u00f3mina para eventuales reclamos.<\/p>\n<\/div>\n<div id=\"element-body-10\">\n<p>Las inhabilidades y sanciones son id\u00e9nticas a las de los ciudadanos argentinos; por ejemplo, la omisi\u00f3n injustificada tambi\u00e9n los incorpora al Registro de Infractores. <\/p>\n<\/div>\n<div id=\"element-body-12\">\n<p>Para conocer mesa y escuela de votaci\u00f3n, basta con seleccionar la opci\u00f3n \u201cPadr\u00f3n extranjero\u201d en la consulta online oficial.<\/p>\n<\/div>\n<div id=\"element-body-14\">\n<p>El decreto de convocatoria fij\u00f3 dos boletas \u00fanicas para la elecci\u00f3n general:<\/p>\n<\/div>\n<div id=\"element-body-16\">\n<p>En las PASO del 13 de abril el oficialista <strong>Unidos para Cambiar Santa Fe<\/strong> se impuso en el tramo de Convencionales con 495.115 votos, seguido de <strong>M\u00e1s para Santa Fe <\/strong>y <strong>La Libertad Avanza.<\/strong> La <strong>participaci\u00f3n fue del 55,3% <\/strong>del padr\u00f3n, levemente inferior al 58 % registrado en 2023.<\/p>\n<\/div>\n<div id=\"element-body-17\">\n<p>La reforma parcial de la Constituci\u00f3n requiere 28 convencionales sobre 55 para aprobar cualquier art\u00edculo, lo que convierte la distribuci\u00f3n de bancas en la clave pol\u00edtica de la jornada.<\/p>\n<\/div>\n<div id=\"element-body-18\">\n<p>Principales candidaturas oficiales para el distrito \u00fanico de Convencionales Reformadores: <\/p>\n<\/div>\n<div id=\"element-body-21\">\n<p>La legislaci\u00f3n nacional establece el voto obligatorio para todos los argentinos nativos o naturalizados<strong> entre 18 y 70 a\u00f1os que figuren en el padr\u00f3n.<\/strong><\/p>\n<\/div>\n<div id=\"element-body-22\">\n<p>Est\u00e1n <strong>exceptuados los mayores de 70<\/strong>, los<strong> jueces de mesa<\/strong> que trabajen fuera de su distrito y los <strong>enfermos o imposibilitados f\u00edsicamente <\/strong>que presenten certificado m\u00e9dico dentro de las 72 horas.<\/p>\n<\/div>\n<div id=\"element-body-23\">\n<p>Quienes cumplan funciones oficiales durante el acto electoral \u2014por ejemplo, fuerzas de seguridad\u2014 pueden excusarse con constancia emanada de su superior jer\u00e1rquico. El voto joven (16\u201317 a\u00f1os) es voluntario: inscribirse supone el ejercicio pleno del derecho, pero la falta de emisi\u00f3n no genera infracci\u00f3n.<\/p>\n<\/div>\n<p><br \/>\n<br \/><a href=\"https:\/\/www.clarin.com\/informacion-general\/extranjeros-pueden-votar-elecciones-generales-santa-fe_0_7tPMHptHkf.html\">Fuente Clarin.com <\/a><\/p>\n","protected":false},"excerpt":{"rendered":"<p>Este domingo 29 de junio, m\u00e1s de 2,8 millones de santafesinos volver\u00e1n a las urnas en la instancia general de las elecciones municipales y comunales en Santa Fe. En juego est\u00e1n los cargos de intendente, concejales, miembros de comisiones comunales y 55 convencionales encargados de llevar adelante una reforma parcial de la Constituci\u00f3n provincial. Quedar\u00e1 [&hellip;]<\/p>\n","protected":false},"author":1,"featured_media":37697,"comment_status":"open","ping_status":"open","sticky":false,"template":"","format":"standard","meta":{"footnotes":""},"categories":[2],"tags":[404,1540,19873,48,28,1307,4311,1416],"class_list":["post-37696","post","type-post","status-publish","format-standard","has-post-thumbnail","hentry","category-ultimas-noticias","tag-elecciones","tag-extranjeros","tag-generales","tag-las","tag-los","tag-pueden","tag-santa","tag-votar"],"_links":{"self":[{"href":"https:\/\/13.com.ar\/index.php\/wp-json\/wp\/v2\/posts\/37696","targetHints":{"allow":["GET"]}}],"collection":[{"href":"https:\/\/13.com.ar\/index.php\/wp-json\/wp\/v2\/posts"}],"about":[{"href":"https:\/\/13.com.ar\/index.php\/wp-json\/wp\/v2\/types\/post"}],"author":[{"embeddable":true,"href":"https:\/\/13.com.ar\/index.php\/wp-json\/wp\/v2\/users\/1"}],"replies":[{"embeddable":true,"href":"https:\/\/13.com.ar\/index.php\/wp-json\/wp\/v2\/comments?post=37696"}],"version-history":[{"count":0,"href":"https:\/\/13.com.ar\/index.php\/wp-json\/wp\/v2\/posts\/37696\/revisions"}],"wp:featuredmedia":[{"embeddable":true,"href":"https:\/\/13.com.ar\/index.php\/wp-json\/wp\/v2\/media\/37697"}],"wp:attachment":[{"href":"https:\/\/13.com.ar\/index.php\/wp-json\/wp\/v2\/media?parent=37696"}],"wp:term":[{"taxonomy":"category","embeddable":true,"href":"https:\/\/13.com.ar\/index.php\/wp-json\/wp\/v2\/categories?post=37696"},{"taxonomy":"post_tag","embeddable":true,"href":"https:\/\/13.com.ar\/index.php\/wp-json\/wp\/v2\/tags?post=37696"}],"curies":[{"name":"wp","href":"https:\/\/api.w.org\/{rel}","templated":true}]}}