{"id":37694,"date":"2025-06-27T20:00:32","date_gmt":"2025-06-27T23:00:32","guid":{"rendered":"https:\/\/13.com.ar\/index.php\/no-se-si-es-inmadurez-personal-a-veces-parece-algo-adolescente\/"},"modified":"2025-06-27T20:00:32","modified_gmt":"2025-06-27T23:00:32","slug":"no-se-si-es-inmadurez-personal-a-veces-parece-algo-adolescente","status":"publish","type":"post","link":"https:\/\/13.com.ar\/index.php\/no-se-si-es-inmadurez-personal-a-veces-parece-algo-adolescente\/","title":{"rendered":"No s\u00e9 si es inmadurez personal, a veces parece algo adolescente"},"content":{"rendered":"<p> <br \/>\n<\/p>\n<div id=\"cuerpo\">\n<div class=\"sc-45461e9c-0 eqiBeF container-text text-embed \" id=\"element-body-0\">\n<p>Menos de 24 horas despu\u00e9s de una catarata de insultos del presidente <strong>Javier Milei<\/strong> a <strong>Axel Kicillof<\/strong>, que incluyeron calificaciones como <strong>&#8220;bruto&#8221;, &#8220;pelotudo&#8221; o &#8220;pich\u00f3n de Stalin&#8221;<\/strong>, el gobernador de la provincia de Buenos Aires le contest\u00f3 desde un acto en el interior bonaerense. &#8220;En la provincia de Buenos Aires creemos que e<strong>l que insulta y el que grita es porque no tiene raz\u00f3n<\/strong>&#8220;, destac\u00f3 el mandatario provincial.<\/p>\n<\/div>\n<div class=\"sc-45461e9c-0 eqiBeF container-text text-embed \" id=\"element-body-1\">\n<p>Desde el NH Gran Hotel Provincial de <strong>Mar del Plata<\/strong>, en el marco del tercer encuentro anual programa Puentes, Kicillof tom\u00f3 la palabra ante intendentes, parte de su gabinete y rectores de universidades. Ah\u00ed le dedic\u00f3 el \u00faltimo tramo de su discurso, en una respuesta directa al Presidente.<\/p>\n<\/div>\n<div class=\"sc-45461e9c-0 eqiBeF container-text text-embed \" id=\"element-body-2\">\n<p>&#8220;Le voy a responder, pero no en esos t\u00e9rminos. En la provincia de Buenos Aires creemos que el que insulta y el que grita es porque no tiene raz\u00f3n. Nosotros tranquilamente&#8230; no me van a escuchar insultarlo, denigrarlo. Eso tambi\u00e9n permite contrastar y comprender un poco qu\u00e9 es lo que lo enoja a Milei con la provincia de Buenos Aires&#8221;, dijo Kicillof.<\/p>\n<\/div>\n<div class=\"sc-45461e9c-0 eqiBeF container-text text-embed \" id=\"element-body-3\">\n<p>&#8220;A los insultos, a esta campa\u00f1a que dec\u00eda que iba a ser sucia y es ro\u00f1osa, ya vemos c\u00f3mo comienza, \u00bfc\u00f3mo podemos contestarle? Muy sencillo: recorriendo, estando, trabajando, acompa\u00f1ando, defendiendo y resistiendo al lado de los sectores que son v\u00edctimas de la pol\u00edtica de Milei, que a esta altura del partido no hay lugar de la Provincia en el que alguien no te pueda decir:<em> &#8216;A m\u00ed me est\u00e1 yendo mejor&#8217;. &#8216;No se llega a fin de mes&#8217;<\/em>, me lo dijo un empresario del turismo, un comerciante, un productor agropecuario&#8221;, sostuvo Kicillof.<\/p>\n<\/div>\n<div class=\"sc-45461e9c-0 eqiBeF container-text text-embed \" id=\"element-body-4\">\n<p><strong>&#8220;Ya les tomamos el tiempo a los insultos, ya cansa.<\/strong> Cuando sale insultando es porque quiere esconder, ocultar, porque hay temas de los que no quiere hablar. No s\u00e9 si es una estrategia de marketing o una cuesti\u00f3n de inmadurez personal, porque a veces parece algo vinculado a adolescente, no quer\u00eda decir nada raro&#8230;&#8221;, ataj\u00f3 a algunos del p\u00fablico que comenzaron con gritos contra Milei.<\/p>\n<\/div>\n<div class=\"sc-45461e9c-0 eqiBeF container-text text-embed \" id=\"element-body-5\">\n<p>&#8220;No s\u00e9 cu\u00e1l es el origen de todo esto, pero veo que cu\u00e1l es el objetivo: que estemos hablando de esto, lo que le dijo a Lali, a Dar\u00edn, a Kicillof, despu\u00e9s le va a decir al presidente Lula, a Pepe Mujica incluso, el d\u00eda de su funeral&#8221;, sigui\u00f3, compar\u00e1ndose con otros cruces del Presidente a figuras p\u00fablicas.<\/p>\n<\/div>\n<div class=\"sc-45461e9c-0 eqiBeF container-text text-embed \" id=\"element-body-6\">\n<p>Tambi\u00e9n lo invit\u00f3 a &#8220;recorrer&#8221; para que, en vez de insultar &#8220;se ocupe de problemas reales&#8221;. Por otro lado, el mandatario bonaerense habl\u00f3 de la frase &#8220;Todo marcha de acuerdo al plan&#8221;, que usan los libertarios. &#8220;Cuando hablan de que todo marcha de acuerdo al plan, s\u00ed, pero qu\u00e9 es el plan: destruir la industria nacional, entregar nuestra soberan\u00eda, que los trabajadores no tengan derechos, que la gente no tenga vivienda, que al que no le alcance la plata se pudra al lado del camino&#8221;.<\/p>\n<\/div>\n<div class=\"sc-98b114a2-0 bkqiHH image-embed  image-embed \" id=\"element-body-7\"><picture class=\"sc-98b114a2-1 jRUlDm\"><source media=\"(min-width: 975px)\" width=\"720\" height=\"480\" \/><img alt=\"Axel Kicillof en una jornada en el programa Puente, de provincia de Buenos Aires.\" loading=\"lazy\" width=\"720\" height=\"480\" decoding=\"async\" data-nimg=\"1\" style=\"color:transparent\" src=\"https:\/\/13.com.ar\/wp-content\/uploads\/2025\/06\/No-se-si-es-inmadurez-personal-a-veces-parece-algo.jpg\"\/><span class=\"epigraphe\">Axel Kicillof en una jornada en el programa Puente, de provincia de Buenos Aires.<\/span><span class=\"picture-open\"><button class=\"open-image\" aria-label=\"Open Image\"\/><\/span><\/picture><\/div>\n<div class=\"sc-45461e9c-0 eqiBeF container-text text-embed \" id=\"element-body-8\">\n<p>&#8220;Creo que a esta altura tenemos que entender que no es una falta de respeto a mi persona, sino una falta de respeto a todo lo que est\u00e1 pasando, a los que est\u00e1n sufriendo. Me gustar\u00eda en vez de estar insultando recorra un poco, vea un poco y se ocupe por una vez de un problema real de los argentinos&#8221;, afirm\u00f3 Kicillof en la Costa Atl\u00e1ntica.<\/p>\n<\/div>\n<p><h2>La respuesta electoral de Kicillof a Milei: &#8220;En Provincia no entra la motosierra&#8221;<\/h2>\n<\/p>\n<div class=\"sc-45461e9c-0 eqiBeF container-text text-embed \" id=\"element-body-10\">\n<p>&#8220;<strong>En la provincia de Buenos Aires no entra la motosierra<\/strong>, porque esa motosierra va contra la universidad, contra la escuela p\u00fablica, contra la salud p\u00fablica, el hospital, contra los patrulleros, contra todo lo que tiene que ver con los derechos y el reconocimiento de nuestro pueblo&#8221;, sostuvo Kicillof.<\/p>\n<\/div>\n<div class=\"sc-45461e9c-0 eqiBeF container-text text-embed \" id=\"element-body-11\">\n<p>&#8220;Mientras Milei cierra universidades y baja presupuestos, en la provincia de Buenos Aires abrimos centros universitarios; mientras Milei ataca la investigaci\u00f3n, la ciencia, la tecnolog\u00eda, el federalismo, en la Provincia llevamos adelante esas pol\u00edticas, ponemos los recursos, nos ponemos de acuerdo y lo hacemos. Defendemos a un pueblo, sus anhelos, sus sue\u00f1os, sus aspiraciones&#8221;, destac\u00f3 el gobernador.<\/p>\n<\/div>\n<div class=\"sc-45461e9c-0 eqiBeF container-text text-embed \" id=\"element-body-12\">\n<p>En el congreso libertario del jueves, Milei fue muy duro en sus t\u00e9rminos hacia Kicillof. &#8220;Nunca se le pas\u00f3 por la cabeza a este pelotudo (por Kicillof) bajar el gasto p\u00fablico. Nunca. Le agradezco a mi amigo, el profe Espert, por ser nuestra punta de lanza en esta provincia injustamente castigada por d\u00e9cadas de desidia y que hoy atraviesa un p\u00e9simo presente bajo el mandato del pich\u00f3n de Stalin, Axel Kicillof&#8221;, fueron algunos de sus dichos.<\/p>\n<\/div>\n<div class=\"sc-c2c2a3c6-0 ecgiEX border-video video-embed horizontal border-video video-embed horizontal\" id=\"element-body-13\">\n<div class=\"sc-c2c2a3c6-1 kQhBlc videoText videoText\">\n<h2>Video<\/h2>\n<p>Javier Milei: &#8220;El sovi\u00e9tico suma con dificultad&#8221;<\/p>\n<\/div>\n<\/div>\n<div class=\"sc-45461e9c-0 eqiBeF container-text text-embed \" id=\"element-body-14\">\n<p>El Presidente de la Naci\u00f3n tambi\u00e9n se refiri\u00f3 al gobernador de la provincia m\u00e1s importante del pa\u00eds como &#8220;zar de la miseria&#8221;: &#8220;Kicillof es el \u00faltimo zar de la miseria, el heredero de un modelo condenado al fracaso, que destruy\u00f3 todo lo que toc\u00f3. <strong>Est\u00e1 escondido en su Kremlin, que es el gobierno provincial<\/strong>, un monarca diminuto que priva a la gente de libertad por miedo a que ganen autonom\u00eda. Son burros sin el atributo: Kicillof es el burro eunuco&#8221;. Fue el acto en el que bendijo al diputado Jos\u00e9 Luis Espert, como candidato en la Provincia.<\/p>\n<\/div>\n<p><h2>Kicillof polariz\u00f3 con Milei en educaci\u00f3n y salud<\/h2>\n<\/p>\n<div class=\"sc-45461e9c-0 eqiBeF container-text text-embed \" id=\"element-body-16\">\n<p>A su vez, Kicillof critic\u00f3 las pol\u00edticas nacionales en materia universitaria. &#8220;A pesar de la pol\u00edtica del gobierno nacional (la universidad p\u00fablica) sobrevive, resiste por sus docentes, investigadores, estudiantes, por sus autoridades. A pesar de ese odio que se descarga sobre el sistema universitario argentino, nos permite contar con uno de las v\u00e1lvulas que mantiene vivo el esp\u00edritu argentino&#8221;, remarc\u00f3 el gobernador.<\/p>\n<\/div>\n<div class=\"sc-45461e9c-0 eqiBeF container-text text-embed \" id=\"element-body-17\">\n<p>&#8220;Pol\u00edticas de ajuste tuvimos muchas veces, pero el goce, en ver a las v\u00edctimas mismas del ajuste, se\u00f1alarlas, verlo como algo bueno, como van perdiendo derechos y oportunidades.<strong> Lo llaman libertad, lo que est\u00e1 avanzando es la restricci\u00f3n<\/strong>, la p\u00e9rdida de derechos, la mayor desigualdad y sobre todo el intento del gobierno nacional de ir pinchando y achicando los sue\u00f1os de buena parte de nuestro pueblo&#8221;, agreg\u00f3 Kicillof.<\/p>\n<\/div>\n<div class=\"sc-45461e9c-0 eqiBeF container-text text-embed \" id=\"element-body-18\">\n<p>El gobernador, tambi\u00e9n dedic\u00f3 unos p\u00e1rrafos a las cr\u00edticas al mercado que elogia Milei: &#8220;El mercado no soluciona todas las necesidades. Es una libertad rara es la que plantean. Si vos quer\u00e9s hacerlo, sos libre de hacerlo si tenes la plata, es una libertad proporcional a la billetera. Hay cosas que cuestan dinero y hay grandes sectores que no pueden acceder a grandes cuestiones como salud, educaci\u00f3n, alimentaci\u00f3n&#8221;.<\/p>\n<\/div>\n<div class=\"sc-45461e9c-0 eqiBeF container-text text-embed \" id=\"element-body-19\">\n<p>&#8220;El mercado hace que el que tiene poder adquisitivo pueda gozar, recibir, o comprar determinados bienes. Si eso es un negocio y solo si eso es rentable, aparece un privado que lo ofrece. Millones, a trav\u00e9s de este mecanismo, quedar\u00edan sin salud, educaci\u00f3n, alimentaci\u00f3n, remedios oncol\u00f3gicos. Para eso, el mundo civilizado, occidente, <strong>invent\u00f3 un mecanismo que se llama Estado<\/strong> y consiste en que la sociedad en su conjunto no mire con indiferencia, no abandone, sino que acompa\u00f1e al que necesita&#8221;, afirm\u00f3 Kicillof.<\/p>\n<\/div>\n<div class=\"sc-45461e9c-0 eqiBeF container-text text-embed \" id=\"element-body-20\">\n<p>&#8220;Le quiero <strong>explicar a Milei, a sus ac\u00f3litos<\/strong>, y a todos los que andan con la teor\u00eda del ego\u00edsmo y del s\u00e1lvese quien pueda, que un alumno que se recibe en una universidad p\u00fablica o privada, lo que est\u00e1 haciendo est\u00e1 a su mayor ingreso, mayor felicidad y realizaci\u00f3n, aporta a la comunidad, a la sociedad, a la Argentina y a la Provincia de Buenos Aires. Para entenderlo hay que recorrer&#8221;, dijo el gobernador de la Provincia y<strong> se solidariz\u00f3 con los trabajadores del INTA y del INTI<\/strong>.<\/p>\n<\/div>\n<div class=\"sc-45461e9c-0 eqiBeF container-text text-embed \" id=\"element-body-21\">\n<p>Antes de que hablara Kicillof, su mano derecha Carlos &#8220;Carli&#8221; Bianco, ministro de Gobierno de la Provincia de Buenos Aires, critic\u00f3 la pol\u00edtica universitaria del gobierno de Milei y habl\u00f3 &#8220;universicidio&#8221;. Tambi\u00e9n llam\u00f3 &#8220;actos de resistencia&#8221; a los convenios con fondos de la Provincia para los municipios y las universidades por los &#8220;recortes&#8221; del gobierno nacional.<\/p>\n<\/div>\n<\/div>\n<p><br \/>\n<br \/><a href=\"https:\/\/www.clarin.com\/politica\/kicillof-respondio-insultos-milei-inmadurez-personal-veces-parece-adolescente_0_PY02kcqq6y.html\">Fuente Clarin.com <\/a><\/p>\n","protected":false},"excerpt":{"rendered":"<p>Menos de 24 horas despu\u00e9s de una catarata de insultos del presidente Javier Milei a Axel Kicillof, que incluyeron calificaciones como &#8220;bruto&#8221;, &#8220;pelotudo&#8221; o &#8220;pich\u00f3n de Stalin&#8221;, el gobernador de la provincia de Buenos Aires le contest\u00f3 desde un acto en el interior bonaerense. &#8220;En la provincia de Buenos Aires creemos que el que insulta [&hellip;]<\/p>\n","protected":false},"author":1,"featured_media":37695,"comment_status":"open","ping_status":"open","sticky":false,"template":"","format":"standard","meta":{"footnotes":""},"categories":[2],"tags":[3223,5483,22397,1927,2167,911,834],"class_list":["post-37694","post","type-post","status-publish","format-standard","has-post-thumbnail","hentry","category-ultimas-noticias","tag-adolescente","tag-algo","tag-inmadurez","tag-parece","tag-personal","tag-se","tag-veces"],"_links":{"self":[{"href":"https:\/\/13.com.ar\/index.php\/wp-json\/wp\/v2\/posts\/37694","targetHints":{"allow":["GET"]}}],"collection":[{"href":"https:\/\/13.com.ar\/index.php\/wp-json\/wp\/v2\/posts"}],"about":[{"href":"https:\/\/13.com.ar\/index.php\/wp-json\/wp\/v2\/types\/post"}],"author":[{"embeddable":true,"href":"https:\/\/13.com.ar\/index.php\/wp-json\/wp\/v2\/users\/1"}],"replies":[{"embeddable":true,"href":"https:\/\/13.com.ar\/index.php\/wp-json\/wp\/v2\/comments?post=37694"}],"version-history":[{"count":0,"href":"https:\/\/13.com.ar\/index.php\/wp-json\/wp\/v2\/posts\/37694\/revisions"}],"wp:featuredmedia":[{"embeddable":true,"href":"https:\/\/13.com.ar\/index.php\/wp-json\/wp\/v2\/media\/37695"}],"wp:attachment":[{"href":"https:\/\/13.com.ar\/index.php\/wp-json\/wp\/v2\/media?parent=37694"}],"wp:term":[{"taxonomy":"category","embeddable":true,"href":"https:\/\/13.com.ar\/index.php\/wp-json\/wp\/v2\/categories?post=37694"},{"taxonomy":"post_tag","embeddable":true,"href":"https:\/\/13.com.ar\/index.php\/wp-json\/wp\/v2\/tags?post=37694"}],"curies":[{"name":"wp","href":"https:\/\/api.w.org\/{rel}","templated":true}]}}