{"id":37692,"date":"2025-06-27T19:57:38","date_gmt":"2025-06-27T22:57:38","guid":{"rendered":"https:\/\/13.com.ar\/index.php\/desde-que-hora-no-se-puede-vender-alcohol\/"},"modified":"2025-06-27T19:57:38","modified_gmt":"2025-06-27T22:57:38","slug":"desde-que-hora-no-se-puede-vender-alcohol","status":"publish","type":"post","link":"https:\/\/13.com.ar\/index.php\/desde-que-hora-no-se-puede-vender-alcohol\/","title":{"rendered":"desde qu\u00e9 hora no se puede vender alcohol"},"content":{"rendered":"<p> <br \/>\n<br \/><img decoding=\"async\" src=\"https:\/\/13.com.ar\/wp-content\/uploads\/2025\/06\/desde-que-hora-no-se-puede-vender-alcohol.jpg\" \/><\/p>\n<div id=\"element-body-0\">\n<p>En <strong>Santa Fe<\/strong>, la veda electoral comienza a las 20 horas del s\u00e1bado anterior a los comicios. Desde ese momento, quedan prohibidas la venta de alcohol y otras actividades p\u00fablicas hasta tres horas despu\u00e9s del cierre de la votaci\u00f3n.<\/p>\n<\/div>\n<div id=\"element-body-1\">\n<p>El <strong>art\u00edculo 71 del C\u00f3digo Electoral Nacional <\/strong>proh\u00edbe espect\u00e1culos, actos de proselitismo y la venta de alcohol hasta tres horas despu\u00e9s del cierre de las elecciones 2025 en Santa Fe (21 h si la votaci\u00f3n termina a las 18 h).<\/p>\n<\/div>\n<div id=\"element-body-2\">\n<p>La medida regir\u00e1 para los comicios generales municipales y comunales del <strong>29 de junio de 2025 en Santa Fe<\/strong>, convocados por el Decreto 2656\/24. Respetar la veda es clave para garantizar la igualdad de condiciones entre las opciones pol\u00edticas y preservar la paz c\u00edvica antes de que <strong>2,8 millones <\/strong>de santafesinos habilitados concurran a las urnas.<\/p>\n<\/div>\n<div id=\"element-body-4\">\n<p>En ese sentido, la normativa no responde a un capricho reciente: el r\u00e9gimen de vedas existe, con ajustes, desde 1912 y fue consolidado en la ley 19.945 de 1972. En \u00e9l se combinan restricciones a los comercios, pautas de seguridad y l\u00edmites a la propaganda. La legislaci\u00f3n prev\u00e9 <strong>arresto o multas para quienes la infrinjan<\/strong> \u2014incluso clausura temporal de los locales que vendan bebidas alcoh\u00f3licas\u2014.<\/p>\n<\/div>\n<div id=\"element-body-5\">\n<p>Las autoridades santafesinas ya desplegaron operativos de capacitaci\u00f3n para presidentes de mesa, asistentes de escrutinio y fuerzas de seguridad con el fin de asegurar un proceso ordenado. <\/p>\n<\/div>\n<div id=\"element-body-6\">\n<p>Estos preparativos se articulan con la puesta en l\u00ednea del <strong>padr\u00f3n definitivo 2025<\/strong>, herramienta indispensable para que cada ciudadano confirme a tiempo su lugar de votaci\u00f3n.<\/p>\n<\/div>\n<div id=\"element-body-8\">\n<p>Por \u00faltimo, vale recordar que el voto es obligatorio desde los 18 y hasta los 70 a\u00f1os, salvo excepciones taxativamente previstas en la ley.<\/p>\n<\/div>\n<div id=\"element-body-10\">\n<p><strong>La venta de bebidas alcoh\u00f3licas queda prohibida desde las 20 h del s\u00e1bado 28 de junio y hasta las 21 h del domingo 29<\/strong>, es decir, doce horas antes y tres horas despu\u00e9s del cierre de los comicios. La Polic\u00eda provincial vigilar\u00e1 el cumplimiento y podr\u00e1 clausurar los locales infractores.<\/p>\n<\/div>\n<div id=\"element-body-11\">\n<p><strong>\u00bfQu\u00e9 NO se puede hacer durante la veda?: <\/strong><\/p>\n<\/div>\n<div id=\"element-body-13\">\n<p><strong>Lo que S\u00cd est\u00e1 permitido durante la veda electoral: <\/strong><\/p>\n<\/div>\n<div id=\"element-body-14\">\n<p>Permanecer abiertos los comercios de alimentos, farmacias y servicios esenciales; reuniones familiares o religiosas sin propaganda; circulaci\u00f3n normal de personas y transporte p\u00fablico; actividades deportivas privadas sin p\u00fablico ni difusi\u00f3n partidaria. <\/p>\n<\/div>\n<div id=\"element-body-15\">\n<p>El objetivo es garantizar la normalidad de la vida cotidiana manteniendo neutralidad pol\u00edtica en el espacio p\u00fablico.<\/p>\n<\/div>\n<div id=\"element-body-17\">\n<p>El Tribunal Electoral provincial habilit\u00f3 la consulta en l\u00ednea del Padr\u00f3n Definitivo 2025. Se ingresa el n\u00famero de DNI y g\u00e9nero en el sitio web (<strong> <\/strong><\/p>\n<\/div>\n<div id=\"element-body-18\">\n<p>El sistema informa escuela, mesa y orden; adem\u00e1s permite descargar el comprobante para presentarlo si fuera necesario. Recomendaci\u00f3n oficial: verificar datos antes del 24 de junio para gestionar correcciones si correspondiera<\/p>\n<\/div>\n<p><br \/>\n<br \/><a href=\"https:\/\/www.clarin.com\/informacion-general\/veda-electoral-santa-fe-hora-puede-vender-alcohol_0_oraTfYvAAD.html\">Fuente Clarin.com <\/a><\/p>\n","protected":false},"excerpt":{"rendered":"<p>En Santa Fe, la veda electoral comienza a las 20 horas del s\u00e1bado anterior a los comicios. Desde ese momento, quedan prohibidas la venta de alcohol y otras actividades p\u00fablicas hasta tres horas despu\u00e9s del cierre de la votaci\u00f3n. El art\u00edculo 71 del C\u00f3digo Electoral Nacional proh\u00edbe espect\u00e1culos, actos de proselitismo y la venta de [&hellip;]<\/p>\n","protected":false},"author":1,"featured_media":37693,"comment_status":"open","ping_status":"open","sticky":false,"template":"","format":"standard","meta":{"footnotes":""},"categories":[2],"tags":[4143,2184,713,136,286,8564],"class_list":["post-37692","post","type-post","status-publish","format-standard","has-post-thumbnail","hentry","category-ultimas-noticias","tag-alcohol","tag-desde","tag-hora","tag-puede","tag-que","tag-vender"],"_links":{"self":[{"href":"https:\/\/13.com.ar\/index.php\/wp-json\/wp\/v2\/posts\/37692","targetHints":{"allow":["GET"]}}],"collection":[{"href":"https:\/\/13.com.ar\/index.php\/wp-json\/wp\/v2\/posts"}],"about":[{"href":"https:\/\/13.com.ar\/index.php\/wp-json\/wp\/v2\/types\/post"}],"author":[{"embeddable":true,"href":"https:\/\/13.com.ar\/index.php\/wp-json\/wp\/v2\/users\/1"}],"replies":[{"embeddable":true,"href":"https:\/\/13.com.ar\/index.php\/wp-json\/wp\/v2\/comments?post=37692"}],"version-history":[{"count":0,"href":"https:\/\/13.com.ar\/index.php\/wp-json\/wp\/v2\/posts\/37692\/revisions"}],"wp:featuredmedia":[{"embeddable":true,"href":"https:\/\/13.com.ar\/index.php\/wp-json\/wp\/v2\/media\/37693"}],"wp:attachment":[{"href":"https:\/\/13.com.ar\/index.php\/wp-json\/wp\/v2\/media?parent=37692"}],"wp:term":[{"taxonomy":"category","embeddable":true,"href":"https:\/\/13.com.ar\/index.php\/wp-json\/wp\/v2\/categories?post=37692"},{"taxonomy":"post_tag","embeddable":true,"href":"https:\/\/13.com.ar\/index.php\/wp-json\/wp\/v2\/tags?post=37692"}],"curies":[{"name":"wp","href":"https:\/\/api.w.org\/{rel}","templated":true}]}}