{"id":37690,"date":"2025-06-27T19:48:38","date_gmt":"2025-06-27T22:48:38","guid":{"rendered":"https:\/\/13.com.ar\/index.php\/planes-para-un-hub-lider-el-exito-del-stopover-entre-los-argentinos-y-las-cifras-record-del-turismo-en-madrid\/"},"modified":"2025-06-27T19:48:38","modified_gmt":"2025-06-27T22:48:38","slug":"planes-para-un-hub-lider-el-exito-del-stopover-entre-los-argentinos-y-las-cifras-record-del-turismo-en-madrid","status":"publish","type":"post","link":"https:\/\/13.com.ar\/index.php\/planes-para-un-hub-lider-el-exito-del-stopover-entre-los-argentinos-y-las-cifras-record-del-turismo-en-madrid\/","title":{"rendered":"Planes para un hub l\u00edder, el \u00e9xito del stopover entre los argentinos y las cifras r\u00e9cord del turismo en Madrid"},"content":{"rendered":"<p> <br \/>\n<\/p>\n<div id=\"cuerpo\">\n<div class=\"sc-45461e9c-0 eqiBeF container-text text-embed \" id=\"element-body-0\">\n<p>La<strong> aerol\u00ednea Iberia y la Comunidad de Madrid <\/strong>aterrizaron esta semana en Buenos Aires con buenas noticias y el objetivo de continuar<strong> reforzando la promoci\u00f3n tur\u00edstica<\/strong> en la regi\u00f3n y los <strong>lazos culturales entre Argentina y Espa\u00f1a<\/strong>.<\/p>\n<\/div>\n<div class=\"sc-45461e9c-0 eqiBeF container-text text-embed \" id=\"element-body-1\">\n<p>Durante una presentaci\u00f3n conjunta, que tuvo lugar en el <strong>Museo de Arte Latinoamericano de Buenos Aires<\/strong> (MALBA), se habl\u00f3 la importancia del mercado argentino para la industria tur\u00edstica de Madrid, de los planes de expansi\u00f3n de Iberia para los pr\u00f3ximos a\u00f1os y tambi\u00e9n se anunci\u00f3 que <strong>Argentina ser\u00e1 el pa\u00eds invitado de la pr\u00f3xima edici\u00f3n de Hispanidad 2025, <\/strong>encuentro de la cultura hispanoamericana que organiza la Comunidad de Madrid, en<strong> octubre<\/strong> pr\u00f3ximo.<\/p>\n<\/div>\n<div class=\"sc-45461e9c-0 eqiBeF container-text text-embed \" id=\"element-body-2\">\n<p>Tambi\u00e9n se destacaron el \u00e9xito del Espacio Iberia en el microcentro porte\u00f1o -se realiz\u00f3 del 26 de marzo al 25 de abril y recibi\u00f3 28.000 visitantes-, el <strong>crecimiento proyectado de la ruta a\u00e9rea entre Madrid y Buenos Aires<\/strong>, que este a\u00f1o alcanzar\u00e1 los 725.000 asientos, un 18% m\u00e1s que en 2024, la importancia de crear un hub l\u00edder en Madrid y un importante hito hist\u00f3rico que une ambas ciudades: el pr\u00f3ximo a\u00f1o se celebrar\u00e1n <strong>los 80 a\u00f1os del primer vuelo transatl\u00e1ntico de Iberia<\/strong>, que uni\u00f3 Barajas y la capital argentina en 1946.<\/p>\n<\/div>\n<div class=\"sc-98b114a2-0 bkqiHH image-embed  image-embed \" id=\"element-body-3\"><picture class=\"sc-98b114a2-1 jRUlDm\"><source media=\"(min-width: 975px)\" width=\"720\" height=\"480\" \/><img alt=\"Panor\u00e1mica de La Gran V\u00eda en Madrid. Foto Shutterstock\" loading=\"lazy\" width=\"720\" height=\"480\" decoding=\"async\" data-nimg=\"1\" style=\"color:transparent\" src=\"https:\/\/13.com.ar\/wp-content\/uploads\/2025\/06\/Planes-para-un-hub-lider-el-exito-del-stopover-entre.jpg\"\/><span class=\"epigraphe\">Panor\u00e1mica de La Gran V\u00eda en Madrid. Foto Shutterstock<\/span><span class=\"picture-open\"><button class=\"open-image\" aria-label=\"Open Image\"\/><\/span><\/picture><\/div>\n<div class=\"sc-45461e9c-0 eqiBeF container-text text-embed \" id=\"element-body-4\">\n<p>El encuentro cont\u00f3 con la participaci\u00f3n de <strong>Juan Cierco<\/strong>, director corporativo de Iberia; <strong>Mariano de Paco<\/strong>, consejero de Cultura, Turismo y Deporte de la Comunidad de Madrid; y <strong>Laura Mart\u00ednez Cerro<\/strong>, directora general de Turismo y Hosteler\u00eda de la misma regi\u00f3n.<\/p>\n<\/div>\n<p><h2>Los planes de Iberia, los 3 vuelos diarios y el stopover<\/h2>\n<\/p>\n<div class=\"sc-45461e9c-0 eqiBeF container-text text-embed \" id=\"element-body-6\">\n<p>A finales de marzo de 2024, Iberia pas\u00f3 de tener 14 frecuencias a la semana (2 vuelos diarios) entre Buenos Aires y Madrid, a ofrecer 17 frecuencias. <strong>Desde fines de 2024, cuenta con 21 frecuencias entre Argentina y Europa <\/strong>(tres vuelos diarios), que opera, en su mayor\u00eda con aviones A350.<\/p>\n<\/div>\n<div class=\"sc-98b114a2-0 bkqiHH image-embed  image-embed \" id=\"element-body-7\"><picture class=\"sc-98b114a2-1 jRUlDm\"><source media=\"(min-width: 975px)\" width=\"720\" height=\"480\" \/><img alt=\"Juan Cierco, director Corporativo de Iberia en el Malba. Foto Iberia\" loading=\"lazy\" width=\"720\" height=\"480\" decoding=\"async\" data-nimg=\"1\" style=\"color:transparent\" src=\"https:\/\/13.com.ar\/wp-content\/uploads\/2025\/06\/1751064518_919_Planes-para-un-hub-lider-el-exito-del-stopover-entre.jpg\"\/><span class=\"epigraphe\">Juan Cierco, director Corporativo de Iberia en el Malba. Foto Iberia<\/span><span class=\"picture-open\"><button class=\"open-image\" aria-label=\"Open Image\"\/><\/span><\/picture><\/div>\n<div class=\"sc-45461e9c-0 eqiBeF container-text text-embed \" id=\"element-body-8\">\n<p>Argentina contin\u00faa siendo una de las rutas m\u00e1s rentables de la red, uno de los mercados que prioriza la aerol\u00ednea y con un crecimiento destacable dentro de Am\u00e9rica latina.<\/p>\n<\/div>\n<div class=\"sc-45461e9c-0 eqiBeF container-text text-embed \" id=\"element-body-9\">\n<p>Con este panorama alentador, <strong>Juan Cierco<\/strong> comenz\u00f3 hablando de la <strong>importancia de Madrid para el desarrollo de Iberia y de los 80 a\u00f1os de viajes a Buenos Aires que cumplir\u00e1 Iberia en 2026<\/strong>. Barajas-Buenos Aires fue el primer vuelo transatl\u00e1ntico que realiz\u00f3 Iberia, el 22 de septiembre de 1946. Dur\u00f3 36 horas y tuvo 4 escalas.<\/p>\n<\/div>\n<div class=\"sc-45461e9c-0 eqiBeF container-text text-embed \" id=\"element-body-10\">\n<p>&#8220;<strong>Madrid es y seguir\u00e1 siendo nuestro centro de operaciones<\/strong>. Todos nuestros aviones despegan o aterrizan all\u00ed&#8221;, puntualiz\u00f3 y resumi\u00f3 algunos de los ejes centrales del <strong>Plan Estrat\u00e9gico Iberia 2030<\/strong>, que prev\u00e9 una inversi\u00f3n de <strong>6.000 millones de euros<\/strong> y la ampliaci\u00f3n de la flota de largo radio, que pasar\u00e1 <strong>de 45 a 70 aviones<\/strong>.<\/p>\n<\/div>\n<div class=\"sc-45461e9c-0 eqiBeF container-text text-embed \" id=\"element-body-11\">\n<p>Tambi\u00e9n es clave, dentro de los planes, que Madrid -base operativa de la aerol\u00ednea- se convierta en <strong>hub l\u00edder de Europa<\/strong>.<\/p>\n<\/div>\n<div class=\"sc-45461e9c-0 eqiBeF container-text text-embed \" id=\"element-body-12\">\n<p>Un producto que destac\u00f3 Cierco durante la presentaci\u00f3n fue el <strong>Stopover <\/strong>(Hola Madrid), es decir, el programa que permite comprar pasajes a diversos destinos de Europa con conexi\u00f3n en el hub de Madrid e invita a quedarse unos d\u00edas disfrutando de la ciudad -de 1 a 9 noches- sin costo extra.<\/p>\n<\/div>\n<div class=\"sc-98b114a2-0 bkqiHH image-embed  image-embed \" id=\"element-body-13\"><picture class=\"sc-98b114a2-1 jRUlDm\"><source media=\"(min-width: 975px)\" width=\"720\" height=\"480\" \/><img alt=\"Argentina es el segundo mercado en utilizar el programa de stopover. Foto Iberia\" loading=\"lazy\" width=\"720\" height=\"480\" decoding=\"async\" data-nimg=\"1\" style=\"color:transparent\" src=\"https:\/\/13.com.ar\/wp-content\/uploads\/2025\/06\/1751064518_276_Planes-para-un-hub-lider-el-exito-del-stopover-entre.jpg\"\/><span class=\"epigraphe\">Argentina es el segundo mercado en utilizar el programa de stopover. Foto Iberia<\/span><span class=\"picture-open\"><button class=\"open-image\" aria-label=\"Open Image\"\/><\/span><\/picture><\/div>\n<div class=\"sc-45461e9c-0 eqiBeF container-text text-embed \" id=\"element-body-14\">\n<p>&#8220;<strong>Argentina se ha consolidado como el segundo mercado que m\u00e1s clientes de Stopover tiene <\/strong>y que disfruta de la parada en Madrid, por detr\u00e1s de Brasil&#8221;, dijo el directivo de la aerol\u00ednea destacando la evoluci\u00f3n de este producto en nuestro pa\u00eds. <\/p>\n<\/div>\n<div class=\"sc-45461e9c-0 eqiBeF container-text text-embed \" id=\"element-body-15\">\n<p>&#8220;El<strong> 58% de los argentinos que utilizan el programa, eligen quedarse en Madrid entre 3 y 5 noches<\/strong>&#8220;, agreg\u00f3.<\/p>\n<\/div>\n<p><h2>M\u00e1s turismo, m\u00e1s gasto, m\u00e1s noches<\/h2>\n<\/p>\n<div class=\"sc-45461e9c-0 eqiBeF container-text text-embed \" id=\"element-body-17\">\n<p>&#8220;<strong>Madrid es el motor econ\u00f3mico de Espa\u00f1a<\/strong>, destino de moda en Europa y l\u00edder en la creaci\u00f3n de empleos y empresas&#8221;, se\u00f1al\u00f3 Mariano de Paco al tiempo que asegur\u00f3 que Madrid atraviesa <strong>&#8220;el mejor momento tur\u00edstico de la historia&#8221;<\/strong> y el a\u00f1o pasado recibieron 17 millones de turistas, casi 9 millones fueron internacionales (Espa\u00f1a roz\u00f3 los 100 millones de turistas en 2024).<\/p>\n<\/div>\n<div class=\"sc-98b114a2-0 bkqiHH image-embed  image-embed \" id=\"element-body-18\"><picture class=\"sc-98b114a2-1 jRUlDm\"><source media=\"(min-width: 975px)\" width=\"720\" height=\"480\" \/><img alt=\"Mariano de Paco, consejero de Cultura, Turismo y Deporte de la Comunidad de Madrid, en el Malba. Foto Iberia\" loading=\"lazy\" width=\"720\" height=\"480\" decoding=\"async\" data-nimg=\"1\" style=\"color:transparent\" src=\"https:\/\/13.com.ar\/wp-content\/uploads\/2025\/06\/1751064518_145_Planes-para-un-hub-lider-el-exito-del-stopover-entre.jpg\"\/><span class=\"epigraphe\">Mariano de Paco, consejero de Cultura, Turismo y Deporte de la Comunidad de Madrid, en el Malba. Foto Iberia<\/span><span class=\"picture-open\"><button class=\"open-image\" aria-label=\"Open Image\"\/><\/span><\/picture><\/div>\n<div class=\"sc-45461e9c-0 eqiBeF container-text text-embed \" id=\"element-body-19\">\n<p>Sin embargo, explic\u00f3, el eje no es la cantidad de turistas; lo que m\u00e1s importa en este momento es <strong>el gasto que hace cada visitante<\/strong>. Y que ese gasto -al igual que la permanencia de los visitantes en la Comunidad-crezca, claro. <\/p>\n<\/div>\n<div class=\"sc-45461e9c-0 eqiBeF container-text text-embed \" id=\"element-body-20\">\n<p>En ese contexto, Laura Mart\u00ednez Cerro se\u00f1al\u00f3 que <strong>los turistas argentinos tienen uno de los gastos medios m\u00e1s altos<\/strong>, con m\u00e1s de 2.400 euros por viaje y con estancias que superan los seis d\u00edas.<\/p>\n<\/div>\n<div class=\"sc-45461e9c-0 eqiBeF container-text text-embed \" id=\"element-body-21\">\n<p>La visita de promoci\u00f3n tur\u00edstica y el encuentro con la prensa resultaron la ocasi\u00f3n ideal para el anuncio de Mariano de Paco sobre Hispanidad 2025, un encuentro cultural que va por su quinta edici\u00f3n: Argentina ser\u00e1 el invitado de honor y esto significa que habr\u00e1 una <strong>programaci\u00f3n especial relacionada con la cultura argentina<\/strong> que se ir\u00e1 develando en los pr\u00f3ximos meses.<\/p>\n<\/div>\n<div class=\"sc-45461e9c-0 eqiBeF container-text text-embed \" id=\"element-body-22\">\n<p>En 2026, y tal como lo anunci\u00f3 esta semana la presidenta de la Comunidad Isabel D\u00edaz Ayuso,.el protagonismo del evento lo tendr\u00e1 Estados Unidos, que conmemorar\u00e1 los 250 a\u00f1os de la Declaraci\u00f3n de Independencia.<\/p>\n<\/div>\n<\/div>\n<p><br \/>\n<br \/><a href=\"https:\/\/www.clarin.com\/viajes\/hub-lider-madrid-exito-stopover-argentinos-cifras-record-turismo-madrid_0_kg5Io7nNVH.html\">Fuente Clarin.com <\/a><\/p>\n","protected":false},"excerpt":{"rendered":"<p>La aerol\u00ednea Iberia y la Comunidad de Madrid aterrizaron esta semana en Buenos Aires con buenas noticias y el objetivo de continuar reforzando la promoci\u00f3n tur\u00edstica en la regi\u00f3n y los lazos culturales entre Argentina y Espa\u00f1a. Durante una presentaci\u00f3n conjunta, que tuvo lugar en el Museo de Arte Latinoamericano de Buenos Aires (MALBA), se [&hellip;]<\/p>\n","protected":false},"author":1,"featured_media":37691,"comment_status":"open","ping_status":"open","sticky":false,"template":"","format":"standard","meta":{"footnotes":""},"categories":[2],"tags":[671,11676,100,351,1487,21461,48,2279,28,102,16,4343,562,22396,6414],"class_list":["post-37690","post","type-post","status-publish","format-standard","has-post-thumbnail","hentry","category-ultimas-noticias","tag-argentinos","tag-cifras","tag-del","tag-entre","tag-exito","tag-hub","tag-las","tag-lider","tag-los","tag-madrid","tag-para","tag-planes","tag-record","tag-stopover","tag-turismo"],"_links":{"self":[{"href":"https:\/\/13.com.ar\/index.php\/wp-json\/wp\/v2\/posts\/37690","targetHints":{"allow":["GET"]}}],"collection":[{"href":"https:\/\/13.com.ar\/index.php\/wp-json\/wp\/v2\/posts"}],"about":[{"href":"https:\/\/13.com.ar\/index.php\/wp-json\/wp\/v2\/types\/post"}],"author":[{"embeddable":true,"href":"https:\/\/13.com.ar\/index.php\/wp-json\/wp\/v2\/users\/1"}],"replies":[{"embeddable":true,"href":"https:\/\/13.com.ar\/index.php\/wp-json\/wp\/v2\/comments?post=37690"}],"version-history":[{"count":0,"href":"https:\/\/13.com.ar\/index.php\/wp-json\/wp\/v2\/posts\/37690\/revisions"}],"wp:featuredmedia":[{"embeddable":true,"href":"https:\/\/13.com.ar\/index.php\/wp-json\/wp\/v2\/media\/37691"}],"wp:attachment":[{"href":"https:\/\/13.com.ar\/index.php\/wp-json\/wp\/v2\/media?parent=37690"}],"wp:term":[{"taxonomy":"category","embeddable":true,"href":"https:\/\/13.com.ar\/index.php\/wp-json\/wp\/v2\/categories?post=37690"},{"taxonomy":"post_tag","embeddable":true,"href":"https:\/\/13.com.ar\/index.php\/wp-json\/wp\/v2\/tags?post=37690"}],"curies":[{"name":"wp","href":"https:\/\/api.w.org\/{rel}","templated":true}]}}