{"id":37688,"date":"2025-06-27T19:45:30","date_gmt":"2025-06-27T22:45:30","guid":{"rendered":"https:\/\/13.com.ar\/index.php\/donald-trump-afirma-que-en-la-proxima-semana-podria-haber-un-alto-el-fuego-en-gaza\/"},"modified":"2025-06-27T19:45:30","modified_gmt":"2025-06-27T22:45:30","slug":"donald-trump-afirma-que-en-la-proxima-semana-podria-haber-un-alto-el-fuego-en-gaza","status":"publish","type":"post","link":"https:\/\/13.com.ar\/index.php\/donald-trump-afirma-que-en-la-proxima-semana-podria-haber-un-alto-el-fuego-en-gaza\/","title":{"rendered":"Donald Trump afirma que en la pr\u00f3xima semana podr\u00eda haber un alto el fuego en Gaza"},"content":{"rendered":"<p> <br \/>\n<br \/><img decoding=\"async\" src=\"https:\/\/13.com.ar\/wp-content\/uploads\/2025\/06\/Donald-Trump-afirma-que-en-la-proxima-semana-podria-haber.jpg\" \/><\/p>\n<div id=\"element-body-0\">\n<p>El presidente estadounidense, <strong>Donald Trump<\/strong>, consider\u00f3 este viernes en la Casa Blanca que a lo largo de la pr\u00f3xima semana ser\u00e1 posible conseguir<strong> un alto el fuego en la Franja de Gaza.<\/strong><\/p>\n<\/div>\n<div id=\"element-body-1\">\n<p>&#13;<br \/>\n&#8220;Acabo de hablar con algunas de las personas involucradas. La situaci\u00f3n que se est\u00e1 dando en Gaza es terrible. Creemos que en la pr\u00f3xima semana lograremos un alto el fuego&#8221;, dijo en un acto pensado para celebrar la firma en Washington del acuerdo de paz entre Ruanda y la Rep\u00fablica Democr\u00e1tica del Congo. <\/p>\n<\/div>\n<div id=\"element-body-2\">\n<p>El l\u00edder republicano consider\u00f3 que se est\u00e1 &#8220;cerca&#8221; de llegar a ese cese de las hostilidades, despu\u00e9s m\u00e1s de un a\u00f1o y medio de la ofensiva que lanz\u00f3 Israel en la Franja de Gaza tras el ataque terrorista de Hamas en territorio israel\u00ed el 7 de octubre de 2023, que dej\u00f3 m\u00e1s de 1200 muertos y 250 personas secuestradas.<\/p>\n<\/div>\n<div id=\"element-body-3\">\n<p>&#13;<br \/>\n&#8220;Estamos trabajando en Gaza y tratando de solucionarlo. Nosotros estamos suministrando mucho dinero y muchos alimentos a esa zona porque tenemos que hacerlo&#8221;, recalc\u00f3.<\/p>\n<\/div>\n<div id=\"element-body-4\">\n<p>Trump a\u00f1adi\u00f3 que aunque &#8220;en teor\u00eda&#8221; su pa\u00eds no est\u00e1 involucrado, en la pr\u00e1ctica s\u00ed lo est\u00e1 &#8220;porque la gente se est\u00e1 muriendo&#8221;: &#8220;Miren a las multitudes que no tienen comida ni nada. Nosotros somos los que llegamos&#8221;, indic\u00f3 reprochando a la vez que otros pa\u00edses &#8220;no est\u00e9n ayudando&#8221;.<\/p>\n<\/div>\n<div id=\"element-body-6\">\n<p>El jueves, la prensa israel\u00ed hab\u00eda publicado que Trump y el primer ministro de Israel, Benjam\u00edn Netanyahu, hab\u00edan acordado que las hostilidades en Gaza concluir\u00e1n en dos semanas. Tambi\u00e9n hab\u00edan consensuado que los Acuerdos de Abraham se ampliar\u00e1n para incluir a Siria y Arabia Saudita, y se respetar\u00e1 una soluci\u00f3n de dos Estados con soberan\u00eda israel\u00ed limitada en Cisjordania.<\/p>\n<\/div>\n<div id=\"element-body-7\">\n<p>Seg\u00fan el sitio israelhayom.com, una conversaci\u00f3n telef\u00f3nica a cuatro bandas entre el presidente de Estados Unidos, el secretario de Estado, Marco Rubio, Netanyahu, y el ministro de Asuntos Estrat\u00e9gicos, Ron Dermer, tuvo lugar inmediatamente despu\u00e9s del ataque estadounidense a las instalaciones nucleares de Ir\u00e1n.<\/p>\n<\/div>\n<div id=\"element-body-9\">\n<p>Su declaraci\u00f3n se produce el mismo d\u00eda en que el peri\u00f3dico Haaretz documentara c\u00f3mo soldados israel\u00edes tienen luz verde para disparar a gazat\u00edes desarmados cerca de los puntos de reparto de ayuda, algo que el Estado de Israel rechaz\u00f3 &#8220;en\u00e9rgicamente&#8221;, seg\u00fan un comunicado conjunto del primer ministro Netanyahu, y de su ministro de Defensa, Israel Katz.  <\/p>\n<\/div>\n<div id=\"element-body-10\">\n<p>El conflicto en Gaza estall\u00f3 el 7 de octubre de 2023 con el ataque de los extremistas de Hamas en el sur de Israel, que caus\u00f3 la muerte de 1.219 personas, en su mayor\u00eda civiles, seg\u00fan datos oficiales.<\/p>\n<\/div>\n<div id=\"element-body-11\">\n<p>En respuesta, Israel lanz\u00f3 una implacable ofensiva en Gaza, donde ya murieron m\u00e1s de 56.000 personas, en su mayor\u00eda civiles, seg\u00fan el Ministerio de Salud del territorio, gobernado por Hamas. La ONU considera esos datos fiables.<\/p>\n<\/div>\n<div id=\"element-body-12\">\n<p>A principios de marzo, Israel impuso <strong>un bloqueo humanitario<\/strong> al territorio palestino, lo que provoc\u00f3 una <strong>grave escasez de alimentos, medicinas <\/strong>y otros bienes esenciales.<\/p>\n<\/div>\n<div id=\"element-body-13\">\n<p>El bloqueo se levant\u00f3 parcialmente a finales de mayo, cuando la GHF, apoyada por Israel y Estados Unidos, empez\u00f3 a distribuir ayuda, para lo que cuenta con contratistas armados para garantizar la seguridad.<\/p>\n<\/div>\n<div id=\"element-body-14\">\n<p>Seg\u00fan el ministerio de Sanidad gazat\u00ed controlado por el gobierno de Hamas, casi 550 personas han muerto y m\u00e1s de 4.000 han resultado heridas en las enormes colas que se forman para llegar a los distintos centros de distribuci\u00f3n de ayuda humanitaria de la GHF. <\/p>\n<\/div>\n<p><br \/>\n<br \/><a href=\"https:\/\/www.clarin.com\/mundo\/donald-trump-afirma-proxima-semana-podria-alto-fuego-gaza_0_NlOBi5my00.html\">Fuente Clarin.com <\/a><\/p>\n","protected":false},"excerpt":{"rendered":"<p>El presidente estadounidense, Donald Trump, consider\u00f3 este viernes en la Casa Blanca que a lo largo de la pr\u00f3xima semana ser\u00e1 posible conseguir un alto el fuego en la Franja de Gaza. &#13; &#8220;Acabo de hablar con algunas de las personas involucradas. La situaci\u00f3n que se est\u00e1 dando en Gaza es terrible. Creemos que en [&hellip;]<\/p>\n","protected":false},"author":1,"featured_media":37689,"comment_status":"open","ping_status":"open","sticky":false,"template":"","format":"standard","meta":{"footnotes":""},"categories":[2],"tags":[6695,4195,178,853,1542,1105,1563,1300,982,179],"class_list":["post-37688","post","type-post","status-publish","format-standard","has-post-thumbnail","hentry","category-ultimas-noticias","tag-afirma","tag-alto","tag-donald","tag-fuego","tag-gaza","tag-haber","tag-podria","tag-proxima","tag-semana","tag-trump"],"_links":{"self":[{"href":"https:\/\/13.com.ar\/index.php\/wp-json\/wp\/v2\/posts\/37688","targetHints":{"allow":["GET"]}}],"collection":[{"href":"https:\/\/13.com.ar\/index.php\/wp-json\/wp\/v2\/posts"}],"about":[{"href":"https:\/\/13.com.ar\/index.php\/wp-json\/wp\/v2\/types\/post"}],"author":[{"embeddable":true,"href":"https:\/\/13.com.ar\/index.php\/wp-json\/wp\/v2\/users\/1"}],"replies":[{"embeddable":true,"href":"https:\/\/13.com.ar\/index.php\/wp-json\/wp\/v2\/comments?post=37688"}],"version-history":[{"count":0,"href":"https:\/\/13.com.ar\/index.php\/wp-json\/wp\/v2\/posts\/37688\/revisions"}],"wp:featuredmedia":[{"embeddable":true,"href":"https:\/\/13.com.ar\/index.php\/wp-json\/wp\/v2\/media\/37689"}],"wp:attachment":[{"href":"https:\/\/13.com.ar\/index.php\/wp-json\/wp\/v2\/media?parent=37688"}],"wp:term":[{"taxonomy":"category","embeddable":true,"href":"https:\/\/13.com.ar\/index.php\/wp-json\/wp\/v2\/categories?post=37688"},{"taxonomy":"post_tag","embeddable":true,"href":"https:\/\/13.com.ar\/index.php\/wp-json\/wp\/v2\/tags?post=37688"}],"curies":[{"name":"wp","href":"https:\/\/api.w.org\/{rel}","templated":true}]}}