{"id":3767,"date":"2025-02-11T07:01:31","date_gmt":"2025-02-11T10:01:31","guid":{"rendered":"https:\/\/13.com.ar\/index.php\/dos-gobernadores-de-union-por-la-patria-tambien-ayudaran-al-gobierno-en-el-senado-y-la-suspension-de-las-paso-queda-mas-cerca\/"},"modified":"2025-02-11T07:01:31","modified_gmt":"2025-02-11T10:01:31","slug":"dos-gobernadores-de-union-por-la-patria-tambien-ayudaran-al-gobierno-en-el-senado-y-la-suspension-de-las-paso-queda-mas-cerca","status":"publish","type":"post","link":"https:\/\/13.com.ar\/index.php\/dos-gobernadores-de-union-por-la-patria-tambien-ayudaran-al-gobierno-en-el-senado-y-la-suspension-de-las-paso-queda-mas-cerca\/","title":{"rendered":"Dos gobernadores de Uni\u00f3n por la Patria tambi\u00e9n ayudar\u00e1n al Gobierno en el Senado y la suspensi\u00f3n de las PASO queda m\u00e1s cerca"},"content":{"rendered":"<p> <br \/>\n<\/p>\n<div id=\"cuerpo\">\n<div class=\"sc-80531b6b-0 chRIGJ container-text text-embed\">\n<p>El quiebre del peronismo en Diputados en el debate para bajar las PASO tendr\u00e1 su r\u00e9plica en el Senado. Antes del inicio del tratamiento en la C\u00e1mara alta, Gerardo Zamora dej\u00f3 trascender los argumentos por los que<strong> no s\u00f3lo avala la suspensi\u00f3n sino la eliminaci\u00f3n<\/strong> de las primarias, por lo que en caso de ser necesario los tres santiague\u00f1os que le responden colaborar\u00e1n con el oficialismo en el intento de sancionar el proyecto. Se trata de <strong>uno de los gobernadores m\u00e1s afines a Cristina Kirchner<\/strong>, al punto que la titular del PJ eligi\u00f3 esa provincia para estrenar su cargo partidario.<\/p>\n<\/div>\n<div class=\"sc-80531b6b-0 chRIGJ container-text text-embed\">\n<p>Tambi\u00e9n se mantendr\u00e1 el <strong>apoyo de Ra\u00fal Jalil a la suspensi\u00f3n<\/strong>, a trav\u00e9s de Guillermo Andrada, uno de los dos senadores peronistas de Catamarca. La otra legisladora por ese distrito es la ex mandataria Luc\u00eda Corpacci, vicepresidenta del PJ y cercana a Cristina. Zamora y Jalil hab\u00edan sido <strong>determinantes en la C\u00e1mara baja <\/strong>para que el proyecto superara la instancia de las comisiones. Las firmas de cuatro diputados en el momento de los dict\u00e1menes significaron una ayuda clave -y por eso un provoc\u00f3 un fuerte impacto en el peronismo-, incluso mayor a la votaci\u00f3n posterior en el recinto.<\/p>\n<\/div>\n<div class=\"sc-80531b6b-0 chRIGJ container-text text-embed\">\n<p>&#8220;<strong>Mi posici\u00f3n es p\u00fablica desde hace m\u00e1s de cuatro o cinco a\u00f1os<\/strong>, cuando le ped\u00ed con todos los gobernadores de mi regi\u00f3n al entonces presidente que suspendiera las PASO en la pandemia&#8221;, transmiti\u00f3 Zamora en la intimidad, y remarc\u00f3 que luego volvi\u00f3 a impulsar la baja de las primarias con la firma de 21 mandatarios provinciales, lo que tampoco se concret\u00f3.<\/p>\n<\/div>\n<div class=\"sc-80531b6b-0 chRIGJ container-text text-embed\">\n<p><strong>&#8220;A esta altura creo que ni siquiera hay que suspender: deber\u00edamos eliminar las PASO&#8221;<\/strong>, subi\u00f3 la apuesta el gobernador santiague\u00f1o seg\u00fan interlocutores, y sigui\u00f3 con la argumentaci\u00f3n: &#8220;Yo defiendo<strong> siempre primero los intereses del pueblo de mi provincia<\/strong>, y en ese sentido consideramos que demasiados problemas econ\u00f3micos estamos sufriendo para tener que gastar dinero, tiempo y esfuerzo de toda la gente en hacer votar en una interna partidaria, abierta y obligatoria cuando eso lo podemos resolver en cada uno de nuestros espacios pol\u00edticos&#8221;.<\/p>\n<\/div>\n<div class=\"sc-80531b6b-0 chRIGJ container-text text-embed\">\n<p>En el bloque de Uni\u00f3n por la Patria descuentan que los tres senadores santiague\u00f1os (tanto los dos por la mayor\u00eda como el que ingres\u00f3 por la minor\u00eda responden a Zamora) votar\u00e1n con el oficialismo. Desde Catamarca, a su vez, cerca de Jalil confirmaron a <strong>Clar\u00edn <\/strong>que<strong> Andrada se mover\u00e1 del mismo modo que los diputados <\/strong>de esa provincia que acompa\u00f1aron al Gobierno.<\/p>\n<\/div>\n<div class=\"sc-198be8ec-0 cynXbu image-embed  image-embed \"><picture class=\"sc-198be8ec-1 kOjRiQ\"><source media=\"(min-width: 975px)\" width=\"720\" height=\"480\" \/><img alt=\"Juliana Di Tullio, Anabel Fern\u00e1ndez Sagasti, Jos\u00e9 Mayans y otros senadores de Uni\u00f3n por la Patria, en una sesi\u00f3n en la C\u00e1mara alta. &#10;Foto: Federico L\u00f3pez Claro.\" loading=\"lazy\" width=\"720\" height=\"480\" decoding=\"async\" data-nimg=\"1\" style=\"color:transparent\" src=\"https:\/\/13.com.ar\/wp-content\/uploads\/2025\/02\/Dos-gobernadores-de-Union-por-la-Patria-tambien-ayudaran-al.jpg\"\/><span class=\"epigraphe\">Juliana Di Tullio, Anabel Fern\u00e1ndez Sagasti, Jos\u00e9 Mayans y otros senadores de Uni\u00f3n por la Patria, en una sesi\u00f3n en la C\u00e1mara alta.<br \/>\nFoto: Federico L\u00f3pez Claro.<\/span><span class=\"bkg\"\/><span class=\"picture-open\"><button class=\"open-image\" aria-label=\"Open Image\"\/><\/span><\/picture><\/div>\n<div class=\"sc-80531b6b-0 chRIGJ container-text text-embed\">\n<p>Como cont\u00f3 este diario, las autoridades de Uni\u00f3n por la Patria buscar\u00e1n limitar lo m\u00e1ximo posible las disidencias internas y ensayar un <strong>intento de evitar la sanci\u00f3n del proyecto para no darle un triunfo parlamentario a Javier Milei<\/strong>, en l\u00ednea con la instrucci\u00f3n de Cristina Kirchner en los \u00faltimos d\u00edas, luego de que en diciembre dejara correr que no ve\u00eda mal la suspensi\u00f3n de las PASO. Tanto Jos\u00e9 Mayans como Juliana Di Tullio act\u00faan en sinton\u00eda con la presidenta del PJ.<\/p>\n<\/div>\n<p><h2>Otro alerta, por senadores de San Juan y Tucum\u00e1n<\/h2>\n<\/p>\n<div class=\"sc-80531b6b-0 chRIGJ container-text text-embed\">\n<p>Adem\u00e1s de los tres santiague\u00f1os (Claudia Ledesma, Jos\u00e9 Neder y Gerardo Montenegro) y el catamarque\u00f1o Andrada, en la previa del arranque del tratamiento este mi\u00e9rcoles<strong> los que hacen c\u00e1lculos para frenar la suspensi\u00f3n tampoco cuentan al sanjuanino Sergio U\u00f1ac<\/strong>, con posicionamiento p\u00fablico en contra de las primarias.<\/p>\n<\/div>\n<div class=\"sc-80531b6b-0 chRIGJ container-text text-embed\">\n<p><strong>\u201cSeguimos firmemente creyendo en la eliminaci\u00f3n de las PASO, no en su mera suspensi\u00f3n temporal y oportuna\u201d<\/strong>, asegur\u00f3 el ex gobernador, luego de remarcar la derogaci\u00f3n de la herramienta en San Juan en 2022. Con ese panorama el oficialismo queda m\u00e1s cerca de conseguir la sanci\u00f3n, aunque tendr\u00e1 que reunir 37 votos positivos por tratarse de una reforma electoral.<\/p>\n<\/div>\n<div class=\"sc-80531b6b-0 chRIGJ container-text text-embed\">\n<p>Referentes de Uni\u00f3n por la Patria estimaron que entre 29 y 30 senadores de los 34 totales (con la asunci\u00f3n de la camporista Stefan\u00eda Cora) podr\u00edan votar en contra del oficialismo, lo que a priori coincidir\u00eda con las bajas previstas. Sin embargo tambi\u00e9n se abre un interrogante sobre el tucumano Juan Manzur. El diputado Pablo Yedlin, del sector pol\u00edtico del ex gobernador y ministro de Salud, aval\u00f3 la suspensi\u00f3n el jueves pasado.<\/p>\n<\/div>\n<div class=\"sc-80531b6b-0 chRIGJ container-text text-embed\">\n<p><strong>\u201cNosotros no queremos que haya PASO en Tucum\u00e1n, porque vamos a armar por afuera de (Osvaldo) Jaldo. Podemos hacerlo igual, pero con primarias ser\u00eda m\u00e1s dif\u00edcil de explicarlo\u201d<\/strong>, esgrimi\u00f3 uno de los peronistas enfrentados con el mandatario aliado de la Casa Rosada. Sandra Mendoza, la otra tucumana, en principio acatar\u00eda la decisi\u00f3n de la mayor\u00eda de los integrantes de Uni\u00f3n por la Patria. Lo mismo har\u00eda la riojana Florencia L\u00f3pez, aun luego de sus declaraciones contra las PASO.<\/p>\n<\/div>\n<\/div>\n<p><br \/>\n<br \/><a href=\"https:\/\/www.clarin.com\/politica\/gobernadores-union-patria-ayudaran-gobierno-senado-suspension-paso-queda-cerca_0_r1l25x0B3f.html\">Fuente Clarin.com <\/a><\/p>\n","protected":false},"excerpt":{"rendered":"<p>El quiebre del peronismo en Diputados en el debate para bajar las PASO tendr\u00e1 su r\u00e9plica en el Senado. Antes del inicio del tratamiento en la C\u00e1mara alta, Gerardo Zamora dej\u00f3 trascender los argumentos por los que no s\u00f3lo avala la suspensi\u00f3n sino la eliminaci\u00f3n de las primarias, por lo que en caso de ser [&hellip;]<\/p>\n","protected":false},"author":1,"featured_media":3768,"comment_status":"open","ping_status":"open","sticky":false,"template":"","format":"standard","meta":{"footnotes":""},"categories":[2],"tags":[5807,337,59,2769,71,48,155,158,4313,142,4541,5153,1217,440,4199],"class_list":["post-3767","post","type-post","status-publish","format-standard","has-post-thumbnail","hentry","category-ultimas-noticias","tag-ayudaran","tag-cerca","tag-dos","tag-gobernadores","tag-gobierno","tag-las","tag-mas","tag-paso","tag-patria","tag-por","tag-queda","tag-senado","tag-suspension","tag-tambien","tag-union"],"_links":{"self":[{"href":"https:\/\/13.com.ar\/index.php\/wp-json\/wp\/v2\/posts\/3767","targetHints":{"allow":["GET"]}}],"collection":[{"href":"https:\/\/13.com.ar\/index.php\/wp-json\/wp\/v2\/posts"}],"about":[{"href":"https:\/\/13.com.ar\/index.php\/wp-json\/wp\/v2\/types\/post"}],"author":[{"embeddable":true,"href":"https:\/\/13.com.ar\/index.php\/wp-json\/wp\/v2\/users\/1"}],"replies":[{"embeddable":true,"href":"https:\/\/13.com.ar\/index.php\/wp-json\/wp\/v2\/comments?post=3767"}],"version-history":[{"count":0,"href":"https:\/\/13.com.ar\/index.php\/wp-json\/wp\/v2\/posts\/3767\/revisions"}],"wp:featuredmedia":[{"embeddable":true,"href":"https:\/\/13.com.ar\/index.php\/wp-json\/wp\/v2\/media\/3768"}],"wp:attachment":[{"href":"https:\/\/13.com.ar\/index.php\/wp-json\/wp\/v2\/media?parent=3767"}],"wp:term":[{"taxonomy":"category","embeddable":true,"href":"https:\/\/13.com.ar\/index.php\/wp-json\/wp\/v2\/categories?post=3767"},{"taxonomy":"post_tag","embeddable":true,"href":"https:\/\/13.com.ar\/index.php\/wp-json\/wp\/v2\/tags?post=3767"}],"curies":[{"name":"wp","href":"https:\/\/api.w.org\/{rel}","templated":true}]}}