{"id":3765,"date":"2025-02-11T06:58:29","date_gmt":"2025-02-11T09:58:29","guid":{"rendered":"https:\/\/13.com.ar\/index.php\/lidera-el-primer-aliado-de-javier-milei-y-hay-seis-reprobados\/"},"modified":"2025-02-11T06:58:29","modified_gmt":"2025-02-11T09:58:29","slug":"lidera-el-primer-aliado-de-javier-milei-y-hay-seis-reprobados","status":"publish","type":"post","link":"https:\/\/13.com.ar\/index.php\/lidera-el-primer-aliado-de-javier-milei-y-hay-seis-reprobados\/","title":{"rendered":"lidera el primer aliado de Javier Milei y hay seis reprobados"},"content":{"rendered":"<p> <br \/>\n<br \/><img decoding=\"async\" src=\"https:\/\/13.com.ar\/wp-content\/uploads\/2025\/02\/lidera-el-primer-aliado-de-Javier-Milei-y-hay-seis.jpg\" \/><\/p>\n<div id=\"cuerpo\">\n<div class=\"sc-80531b6b-0 chRIGJ container-text text-embed\">\n<p><strong>Javier Milei <\/strong>no llevaba ni dos meses como presidente, cuando <strong>Osvaldo Jaldo<\/strong> le hizo una ofrenda pol\u00edtica que a\u00fan hoy se agradece en Casa Rosada. En medio del debate por la Ley \u00d3mnibus que los libertarios intentaban imponer de arranque, el gobernador tucumano rompi\u00f3 el bloque de Uni\u00f3n por la Patria y avis\u00f3 que votar\u00edan con el oficialismo. El recuerdo viene a cuento de un <strong>nuevo ranking <\/strong>de mandatarios que tiene a este <strong>primer aliado violeta en el tope<\/strong>.<\/p>\n<\/div>\n<div class=\"sc-80531b6b-0 chRIGJ container-text text-embed\">\n<p>Se trata de la encuesta mensual que difunde <strong><em>CB Consultora Opini\u00f3n P\u00fablica<\/em><\/strong>, en base a la<strong> imagen que tiene cada gobernador en su provincia<\/strong>. Para la edici\u00f3n de febrero, que<strong> Clar\u00edn<\/strong> adelanta este martes, la firma que dirige el analista <strong>Cristian Butti\u00e9<\/strong> entrevist\u00f3 entre 632 y 895 vecinos por distrito. Los resultados se presentaron con un margen de error de 3% a 4%.<\/p>\n<\/div>\n<div class=\"sc-80531b6b-0 chRIGJ container-text text-embed\">\n<p>Adem\u00e1s del liderazgo de Jaldo, se destaca otro dato pero por la inversa. Hay <strong>seis gobernadores<\/strong> (sobre 24) que terminaron con balance negativo de imagen: esto es, <strong>m\u00e1s rechazos que apoyos<\/strong>.<\/p>\n<\/div>\n<div class=\"sc-80531b6b-0 chRIGJ container-text text-embed\">\n<p><strong>Son de lugares, trayectorias y partidos diversos: los peronistas Axel Kicillof (Buenos Aires), Ricardo Quintela (La Rioja) y Gustavo S\u00e1enz (Salta); los &#8220;provinciales&#8221; Claudio Vidal (Santa Cruz) y Alberto Weretilneck (R\u00edo Negro) y Jorge Macri, jefe de Gobierno porte\u00f1o del PRO.<\/strong><\/p>\n<\/div>\n<p><h2>Los 8 mejores<\/h2>\n<\/p>\n<div class=\"sc-80531b6b-0 chRIGJ container-text text-embed\">\n<p>La lista de los mandatarios con mejor imagen puede dividirse en dos. Aunque todos presentan n\u00fameros muy buenos. Como siempre especifica <strong>Clar\u00edn<\/strong>, la ponderaci\u00f3n de los funcionarios locales suele se mejor que la de los dirigentes nacionales. <\/p>\n<\/div>\n<div class=\"sc-80531b6b-0 chRIGJ container-text text-embed\">\n<p>Los mejores de los mejores, podr\u00eda decirse, son tres gobernadores; que no s\u00f3lo se ubican en el podio, sino que adem\u00e1s son los<strong> \u00fanicos que superan los 60 puntos<\/strong> de valoraci\u00f3n a favor.<\/p>\n<\/div>\n<p><iframe title=\"Ranking de gobernadores \/ Los 8 mejores\" aria-label=\"Barras apiladas\" id=\"datawrapper-chart-mGp0I\" src=\"https:\/\/datawrapper.dwcdn.net\/mGp0I\/1\/\" scrolling=\"no\" frameborder=\"0\" style=\"width: 0; min-width: 100% !important; border: none;\" height=\"520\" data-external=\"1\"><\/iframe><\/p>\n<div class=\"sc-80531b6b-0 chRIGJ container-text text-embed\">\n<p><strong>Hay tambi\u00e9n aqu\u00ed variet\u00e9 pol\u00edtico: se trata de Jaldo, peronista tucumano, con 62,4% de positiva y 32,7% de negativa; el macrista chubutense Ignacio Torres, con + 61,7% y &#8211; 35,4%; y el radical santafesino Maximiliano Pullaro, con + 60,3% y &#8211; 37%.<\/strong><\/p>\n<\/div>\n<div class=\"sc-80531b6b-0 chRIGJ container-text text-embed\">\n<p>Debajo, con muy buen balance tambi\u00e9n, completan: <\/p>\n<\/div>\n<div class=\"sc-80531b6b-0 chRIGJ container-text text-embed\">\n<p>4\u00b0<strong> Leandro Zdero<\/strong> (radical, Chaco): + 59,8% y &#8211; 35,4%.<\/p>\n<\/div>\n<div class=\"sc-80531b6b-0 chRIGJ container-text text-embed\">\n<p>5\u00b0 <strong>Marcelo Orrego<\/strong> (provincial, San Juan): + 58,9% y &#8211; 35,7%.<\/p>\n<\/div>\n<div class=\"sc-80531b6b-0 chRIGJ container-text text-embed\">\n<p>6\u00b0 <strong>Mart\u00edn Llaryora<\/strong> (peronista, C\u00f3rdoba): + 57,5% y &#8211; 38,2%.<\/p>\n<\/div>\n<div class=\"sc-80531b6b-0 chRIGJ container-text text-embed\">\n<p>7\u00b0 <strong>Sergio Ziliotto<\/strong> (peronista, La Pampa): + 57,3%\ty &#8211; 38,7%.<\/p>\n<\/div>\n<div class=\"sc-80531b6b-0 chRIGJ container-text text-embed\">\n<p>8\u00b0 <strong>Hugo Passalacqua<\/strong> (provincial, Misiones): + 57,2% y &#8211; 38%.<\/p>\n<\/div>\n<p><h2>Los 8 peores<\/h2>\n<\/p>\n<div class=\"sc-80531b6b-0 chRIGJ container-text text-embed\">\n<p>La contracara son los ocho gobernadores que quedan en el lote de los &#8220;peores&#8221;, seis de los cuales, como se adelant\u00f3, tienen m\u00e1s rechazos que apoyos. Los dos que zafan son <strong>Claudio Vidal<\/strong> (provincial, Santa Cruz, con + 50,6% y &#8211; 45,8%) y <strong>Rogelio Frigerio<\/strong> (PRO, Entre R\u00edos, con + 50,1% y &#8211; 45%).<\/p>\n<\/div>\n<p><iframe title=\"Ranking de gobernadores \/ Los 8 peores\" aria-label=\"Barras apiladas\" id=\"datawrapper-chart-5QHCi\" src=\"https:\/\/datawrapper.dwcdn.net\/5QHCi\/1\/\" scrolling=\"no\" frameborder=\"0\" style=\"width: 0; min-width: 100% !important; border: none;\" height=\"469\" data-external=\"1\"><\/iframe><\/p>\n<div class=\"sc-80531b6b-0 chRIGJ container-text text-embed\">\n<p>La lista de reprobados, en tanto, queda conformada as\u00ed: <\/p>\n<\/div>\n<div class=\"sc-80531b6b-0 chRIGJ container-text text-embed\">\n<p>19\u00b0 <strong>Claudio Vidal<\/strong> (provincial, Santa Cruz): + 44,5% y &#8211; 52,1%.<\/p>\n<\/div>\n<div class=\"sc-80531b6b-0 chRIGJ container-text text-embed\">\n<p>20\u00b0 <strong>Axel Kicillof<\/strong> (Buenos Aires\t43,8\t2,5\t53,7<\/p>\n<\/div>\n<div class=\"sc-80531b6b-0 chRIGJ container-text text-embed\">\n<p>21\u00b0 <strong>Alberto Weretilneck<\/strong> (provincial, R\u00edo Negro): + 43,3% y &#8211; 51,9%.<\/p>\n<\/div>\n<div class=\"sc-80531b6b-0 chRIGJ container-text text-embed\">\n<p>22\u00b0 <strong>Jorge Macri<\/strong> (PRO, CABA): + 43% y &#8211; 53,7%.<\/p>\n<\/div>\n<div class=\"sc-80531b6b-0 chRIGJ container-text text-embed\">\n<p>23\u00b0 <strong>Ricardo Quintela<\/strong> (peronista, La Rioja): + 42,1% y &#8211; 54,2%.<\/p>\n<\/div>\n<div class=\"sc-80531b6b-0 chRIGJ container-text text-embed\">\n<p>24\u00b0 <strong>Gustavo S\u00e1enz<\/strong> (peronista, Salta): + 42% y &#8211; 54,5%.<\/p>\n<\/div>\n<p><h2>Los 8 del medio<\/h2>\n<\/p>\n<div class=\"sc-80531b6b-0 chRIGJ container-text text-embed\">\n<p>En el medio, todos con balance de imagen a favor, quedan los ocho gobernadores restantes.<\/p>\n<\/div>\n<p><iframe title=\"Ranking de gobernadores \/ Los 8 del medio\" aria-label=\"Barras apiladas\" id=\"datawrapper-chart-Fk1qH\" src=\"https:\/\/datawrapper.dwcdn.net\/Fk1qH\/1\/\" scrolling=\"no\" frameborder=\"0\" style=\"width: 0; min-width: 100% !important; border: none;\" height=\"469\" data-external=\"1\"><\/iframe><\/p>\n<div class=\"sc-80531b6b-0 chRIGJ container-text text-embed\">\n<p>9\u00b0 <strong>Gustavo Vald\u00e9s<\/strong> (radical, Corrientes): + 56,7% y &#8211; 39,7%.<\/p>\n<\/div>\n<div class=\"sc-80531b6b-0 chRIGJ container-text text-embed\">\n<p>10\u00b0 <strong>Claudio Poggi<\/strong> (JxC, San Luis): + 55,8% y &#8211; 40,5%.<\/p>\n<\/div>\n<div class=\"sc-80531b6b-0 chRIGJ container-text text-embed\">\n<p>11\u00b0 <strong>Gerardo Zamora <\/strong>(radical K, Santiago del Estero): + 54,4% y &#8211; 41%.<\/p>\n<\/div>\n<div class=\"sc-80531b6b-0 chRIGJ container-text text-embed\">\n<p>12\u00b0 <strong>Gustavo Melella<\/strong> (radical K, Tierra del Fuego): + 54% y &#8211; 40,3%.<\/p>\n<\/div>\n<div class=\"sc-80531b6b-0 chRIGJ container-text text-embed\">\n<p>13\u00b0 <strong>Ra\u00fal Jalil <\/strong>(peronista, Catamarca): + 52,3% y &#8211; 42,6%.<\/p>\n<\/div>\n<div class=\"sc-80531b6b-0 chRIGJ container-text text-embed\">\n<p>14\u00b0 <strong>Carlos Sadir<\/strong> (radical, Jujuy): + 52,2% y &#8211; 42,5%.<\/p>\n<\/div>\n<div class=\"sc-80531b6b-0 chRIGJ container-text text-embed\">\n<p>15\u00b0 <strong>Rolando Figueroa<\/strong> (provincial, Neuqu\u00e9n): + 51,7% y &#8211; 45,3%.<\/p>\n<\/div>\n<div class=\"sc-80531b6b-0 chRIGJ container-text text-embed\">\n<p>16\u00b0 <strong>Alfredo Cornejo<\/strong> (radical, Mendoza): + 51,5% y &#8211; 45,6%.<\/p>\n<\/div>\n<\/div>\n<p><br \/>\n<br \/><a href=\"https:\/\/www.clarin.com\/politica\/nuevo-ranking-gobernadores-lidera-primer-aliado-javier-milei-reprobados_0_5sPHTtaFau.html\">Fuente Clarin.com <\/a><\/p>\n","protected":false},"excerpt":{"rendered":"<p>Javier Milei no llevaba ni dos meses como presidente, cuando Osvaldo Jaldo le hizo una ofrenda pol\u00edtica que a\u00fan hoy se agradece en Casa Rosada. En medio del debate por la Ley \u00d3mnibus que los libertarios intentaban imponer de arranque, el gobernador tucumano rompi\u00f3 el bloque de Uni\u00f3n por la Patria y avis\u00f3 que votar\u00edan [&hellip;]<\/p>\n","protected":false},"author":1,"featured_media":3766,"comment_status":"open","ping_status":"open","sticky":false,"template":"","format":"standard","meta":{"footnotes":""},"categories":[2],"tags":[3338,942,273,3761,77,195,5806,2227],"class_list":["post-3765","post","type-post","status-publish","format-standard","has-post-thumbnail","hentry","category-ultimas-noticias","tag-aliado","tag-hay","tag-javier","tag-lidera","tag-milei","tag-primer","tag-reprobados","tag-seis"],"_links":{"self":[{"href":"https:\/\/13.com.ar\/index.php\/wp-json\/wp\/v2\/posts\/3765","targetHints":{"allow":["GET"]}}],"collection":[{"href":"https:\/\/13.com.ar\/index.php\/wp-json\/wp\/v2\/posts"}],"about":[{"href":"https:\/\/13.com.ar\/index.php\/wp-json\/wp\/v2\/types\/post"}],"author":[{"embeddable":true,"href":"https:\/\/13.com.ar\/index.php\/wp-json\/wp\/v2\/users\/1"}],"replies":[{"embeddable":true,"href":"https:\/\/13.com.ar\/index.php\/wp-json\/wp\/v2\/comments?post=3765"}],"version-history":[{"count":0,"href":"https:\/\/13.com.ar\/index.php\/wp-json\/wp\/v2\/posts\/3765\/revisions"}],"wp:featuredmedia":[{"embeddable":true,"href":"https:\/\/13.com.ar\/index.php\/wp-json\/wp\/v2\/media\/3766"}],"wp:attachment":[{"href":"https:\/\/13.com.ar\/index.php\/wp-json\/wp\/v2\/media?parent=3765"}],"wp:term":[{"taxonomy":"category","embeddable":true,"href":"https:\/\/13.com.ar\/index.php\/wp-json\/wp\/v2\/categories?post=3765"},{"taxonomy":"post_tag","embeddable":true,"href":"https:\/\/13.com.ar\/index.php\/wp-json\/wp\/v2\/tags?post=3765"}],"curies":[{"name":"wp","href":"https:\/\/api.w.org\/{rel}","templated":true}]}}