{"id":3761,"date":"2025-02-11T06:52:56","date_gmt":"2025-02-11T09:52:56","guid":{"rendered":"https:\/\/13.com.ar\/index.php\/river-y-boca-irregulares-la-ilusion-de-avellaneda-y-la-reinvencion-de-san-lorenzo\/"},"modified":"2025-02-11T06:52:56","modified_gmt":"2025-02-11T09:52:56","slug":"river-y-boca-irregulares-la-ilusion-de-avellaneda-y-la-reinvencion-de-san-lorenzo","status":"publish","type":"post","link":"https:\/\/13.com.ar\/index.php\/river-y-boca-irregulares-la-ilusion-de-avellaneda-y-la-reinvencion-de-san-lorenzo\/","title":{"rendered":"River y Boca irregulares; la ilusi\u00f3n de Avellaneda y la reinvenci\u00f3n de San Lorenzo"},"content":{"rendered":"<p> <br \/>\n<\/p>\n<div id=\"cuerpo\">\n<div class=\"sc-80531b6b-0 chRIGJ container-text text-embed\">\n<p>Cuatro fechas no alcanzan para establecer una sentencia, pero es posible hacer un diagn\u00f3stico preliminar. Los <strong>cinco grandes <\/strong>siempre atrapan la mayor atenci\u00f3n, est\u00e1 claro. Porque son masivos en cuanto a la estructura y cantidad de hinchas, claro. Tambi\u00e9n, porque cuentan con m\u00e1s recursos, muy a pesar de las malas administraciones del pasado, puntualmente en dos casos.<\/p>\n<\/div>\n<div class=\"sc-80531b6b-0 chRIGJ container-text text-embed\">\n<p>Las preguntas que surgen en la v\u00edspera de la quinta jornada que comienza este martes, y despu\u00e9s de un s\u00e1bado de s\u00faper acci\u00f3n que los tuvo como protagonistas, tienen que ver con <strong>su actualidad y con su potencial<\/strong>. En qu\u00e9 nivel est\u00e1n y para qu\u00e9 les da son dos interrogantes v\u00e1lidos. Un r\u00e1pido an\u00e1lisis puede servir de respuesta.<\/p>\n<\/div>\n<p><h2><strong>River, \u00bfpor fin arranc\u00f3?<\/strong><\/h2>\n<\/p>\n<div class=\"sc-198be8ec-0 cynXbu image-embed  image-embed \"><picture class=\"sc-198be8ec-1 kOjRiQ\"><source media=\"(min-width: 975px)\" width=\"720\" height=\"480\" \/><img alt=\"Foto MARCELO CARROLL - CLARIN\" loading=\"lazy\" width=\"720\" height=\"480\" decoding=\"async\" data-nimg=\"1\" style=\"color:transparent\" src=\"https:\/\/13.com.ar\/wp-content\/uploads\/2025\/02\/River-y-Boca-irregulares-la-ilusion-de-Avellaneda-y-la.jpg\"\/><span class=\"epigraphe\">Foto MARCELO CARROLL &#8211; CLARIN<\/span><span class=\"bkg\"\/><span class=\"picture-open\"><button class=\"open-image\" aria-label=\"Open Image\"\/><\/span><\/picture><\/div>\n<div class=\"sc-80531b6b-0 chRIGJ container-text text-embed\">\n<p>La victoria ante Independiente trajo calma despu\u00e9s de un primer tiempo que termin\u00f3 con el reclamo de \u201cmovete, dej\u00e1 de joder\u201d en ese Monumental cargado. El equipo hab\u00eda mostrado demasiados desniveles, muy a pesar de una inversi\u00f3n de <strong>22 millones de d\u00f3lares<\/strong>. <strong>Marcelo Gallardo <\/strong>hizo algunos retoques para la segunda etapa. <strong>Santiago Sim\u00f3n <\/strong>y, sobre todo, <strong>Milton Casco <\/strong>le dieron otra din\u00e1mica.<\/p>\n<\/div>\n<div class=\"sc-80531b6b-0 chRIGJ container-text text-embed\">\n<p>La clave volvi\u00f3 a pasar por los laterales. River fue profundo y desde los costados produjo los goles de <strong>Facundo Colidio<\/strong>, que despert\u00f3 de su siesta goleadora. <strong>Sebasti\u00e1n Driussi <\/strong>le dio una mayor agresividad a la presi\u00f3n en ataque.<\/p>\n<\/div>\n<div class=\"sc-80531b6b-0 chRIGJ container-text text-embed\">\n<p>En el medio, sigue faltando mayor consistencia. <strong>Enzo P\u00e9rez<\/strong>, <strong>Giuliano Galoppo<\/strong>, <strong>Rodrigo Aliendro <\/strong>-titular el s\u00e1bado- y <strong>Mat\u00edas Kranevitter <\/strong>no logran equilibrar. Atr\u00e1s, la presencia de <strong>Paulo D\u00edaz <\/strong>le permiti\u00f3 mayor fluidez en la salida con <strong>Lucas Mart\u00ednez Quarta<\/strong>.<\/p>\n<\/div>\n<div class=\"sc-80531b6b-0 chRIGJ container-text text-embed\">\n<p>\u201cEst\u00e1 bien que se nos exija; hay una vara que se pone demasiado alta y a m\u00ed no me molesta. Hay una tendencia de tener que ir en la b\u00fasqueda de resultados; tengo que transmitir calma\u201d, dijo Gallardo, que podr\u00eda hacer alg\u00fan cambio el mi\u00e9rcoles ante <strong>Godoy Cruz <\/strong>en Mendoza. Despu\u00e9s de un segundo semestre en el que el Mu\u00f1eco recuper\u00f3 la esperanza de las tribunas millonarias, terminar sin t\u00edtulos en 2024 condiciona 2025.<\/p>\n<\/div>\n<p><h2>Boca, un paso adelante y dos hacia atr\u00e1s<\/h2>\n<\/p>\n<div class=\"sc-198be8ec-0 cynXbu image-embed  image-embed \"><picture class=\"sc-198be8ec-1 kOjRiQ\"><source media=\"(min-width: 975px)\" width=\"720\" height=\"480\" \/><img alt=\"Foto Federico Lopez Claro - CLARIN \" loading=\"lazy\" width=\"720\" height=\"480\" decoding=\"async\" data-nimg=\"1\" style=\"color:transparent\" src=\"https:\/\/13.com.ar\/wp-content\/uploads\/2025\/02\/1739267576_596_River-y-Boca-irregulares-la-ilusion-de-Avellaneda-y-la.jpg\"\/><span class=\"epigraphe\">Foto Federico Lopez Claro &#8211; CLARIN <\/span><span class=\"bkg\"\/><span class=\"picture-open\"><button class=\"open-image\" aria-label=\"Open Image\"\/><\/span><\/picture><\/div>\n<div class=\"sc-80531b6b-0 chRIGJ container-text text-embed\">\n<p>La ca\u00edda en Avellaneda frente a Racing, m\u00e1s all\u00e1 de la bronca que gener\u00f3 el arbitraje de <strong>Yael Falc\u00f3n P\u00e9rez<\/strong>, sacudi\u00f3 a <strong>Fernando Gago<\/strong>. Por m\u00e1s que el entrenador haya dicho que no le falt\u00f3 elaboraci\u00f3n en el medio, fue <strong>el punto m\u00e1s flojo del equipo<\/strong>. La ausencia de <strong>Ander Herrera<\/strong>, desgarrado, no se pudo maquillar con dos volantes centrales que suelen ser m\u00e1s din\u00e1micos que creativos, como es el caso de <strong>Williams Alarc\u00f3n <\/strong>y <strong>Tom\u00e1s Belmonte<\/strong>.<\/p>\n<\/div>\n<div class=\"sc-80531b6b-0 chRIGJ container-text text-embed\">\n<p>Con 17 partidos dirigidos, ya no se habla de un t\u00e9cnico reci\u00e9n llegado. Y la presi\u00f3n empieza a pesar en la espalda de Pintita porque la dirigencia invirti\u00f3 <strong>25 millones de d\u00f3lares en el \u00faltimo mercado<\/strong>. Las herramientas est\u00e1n disponibles, pero la m\u00e1quina no est\u00e1 aceitada. Los constantes cambios de Gago no terminan de generar confianza, muy a pesar de que apenas hizo dos variantes de la victoria contra Hurac\u00e1n a la derrota frente a Racing.<\/p>\n<\/div>\n<div class=\"sc-80531b6b-0 chRIGJ container-text text-embed\">\n<p>Este martes, para recibir a <strong>Independiente Rivadavia<\/strong>, habr\u00eda m\u00e1s modificaciones. <strong>Luis Adv\u00edncula<\/strong> y <strong>Exequiel Zeballos<\/strong> volver\u00edan a ser titulares. \u00bfSaldr\u00e1 <strong>Alan Velasco<\/strong>, de bajo nivel?.<\/p>\n<\/div>\n<p><h2><strong>Racing se mantiene<\/strong><\/h2>\n<\/p>\n<div class=\"sc-198be8ec-0 cynXbu image-embed  image-embed \"><picture class=\"sc-198be8ec-1 kOjRiQ\"><source media=\"(min-width: 975px)\" width=\"720\" height=\"480\" \/><img alt=\"Foto Federico Lopez Claro - CLARIN \" loading=\"lazy\" width=\"720\" height=\"480\" decoding=\"async\" data-nimg=\"1\" style=\"color:transparent\" src=\"https:\/\/13.com.ar\/wp-content\/uploads\/2025\/02\/1739267576_658_River-y-Boca-irregulares-la-ilusion-de-Avellaneda-y-la.jpg\"\/><span class=\"epigraphe\">Foto Federico Lopez Claro &#8211; CLARIN <\/span><span class=\"bkg\"\/><span class=\"picture-open\"><button class=\"open-image\" aria-label=\"Open Image\"\/><\/span><\/picture><\/div>\n<div class=\"sc-80531b6b-0 chRIGJ container-text text-embed\">\n<p><strong>Gustavo Costas <\/strong>no se tom\u00f3 vacaciones con el objetivo de convencer a los jugadores para que se quedaran en el club. Las salidas de Roger Mart\u00ednez y Juan Fernando Quintero se matizaron con los arribos de Adri\u00e1n Balboa y Mat\u00edas Zaracho. Racing no cambi\u00f3 la identidad y renov\u00f3 el hambre.<\/p>\n<\/div>\n<div class=\"sc-80531b6b-0 chRIGJ container-text text-embed\">\n<p>Con la excepci\u00f3n del duelo ante Estudiantes de La Plata, <strong>marc\u00f3 goles en 16 de los \u00faltimos 17 partidos<\/strong>. Hoy por hoy, es el equipo m\u00e1s contudente de la Argentina. Contra Boca dej\u00f3 claro que no piensa negociar el esfuerzo. La presi\u00f3n fue abrumadora y encontr\u00f3 en Juan Nardoni un mediocampista de rendimiento superlativo. <strong>Luciano Vietto<\/strong>, en su rol de enganche, es un refuerzo m\u00e1s.<\/p>\n<\/div>\n<div class=\"sc-80531b6b-0 chRIGJ container-text text-embed\">\n<p>El secreto del t\u00e9cnico, un viejo zorro que aprendi\u00f3 de <strong>Alfio Basile<\/strong>, es el grupo. \u201cEstos chicos tienen un compromiso con el club y entre ellos, que volvieron a demostrarlo. Al hincha de las redes le pido por favor que no putee tanto. Nosotros queremos que Racing sea m\u00e1s familia que nunca. Todos nuestros jugadores nos representan, los tenemos que proteger, darles confianza\u201d, dijo Costas. <strong>\u00bfHar\u00e1 cambios para enfrentar a Tigre en Victoria?<\/strong><\/p>\n<\/div>\n<p><h2><strong>Independiente y su cuenta pendiente<\/strong><\/h2>\n<\/p>\n<div class=\"sc-198be8ec-0 cynXbu image-embed  image-embed \"><picture class=\"sc-198be8ec-1 kOjRiQ\"><source media=\"(min-width: 975px)\" width=\"720\" height=\"480\" \/><img alt=\"Foto MARCELO CARROLL - CLARIN\" loading=\"lazy\" width=\"720\" height=\"480\" decoding=\"async\" data-nimg=\"1\" style=\"color:transparent\" src=\"https:\/\/13.com.ar\/wp-content\/uploads\/2025\/02\/1739267576_852_River-y-Boca-irregulares-la-ilusion-de-Avellaneda-y-la.jpg\"\/><span class=\"epigraphe\">Foto MARCELO CARROLL &#8211; CLARIN<\/span><span class=\"bkg\"\/><span class=\"picture-open\"><button class=\"open-image\" aria-label=\"Open Image\"\/><\/span><\/picture><\/div>\n<div class=\"sc-80531b6b-0 chRIGJ container-text text-embed\">\n<p><strong>No es un juego de palabras<\/strong>. El Rojo tiene saldo a favor por las primeras tres fechas en las que potenci\u00f3 el buen final de 2024, con la clasificaci\u00f3n a la Sudamericana incluida. El equipo tiene un estilo definido a partir de la salida que ofrece <strong>Kevin Lom\u00f3naco<\/strong>, el equilibrio de <strong>Iv\u00e1n Marcone<\/strong>, la frescura de los pibes <strong>Lautaro Mill\u00e1n <\/strong>y <strong>Diego Tarzia<\/strong>, la din\u00e1mica de <strong>Felipe Loyola <\/strong>y la potencia de <strong>Gabriel Avalos<\/strong>, a quien se le abri\u00f3 el arco. <strong>Luciano Cabral <\/strong>y <strong>Alvaro Angulo <\/strong>son dos de los refuerzos que se acoplaron muy bien.<\/p>\n<\/div>\n<div class=\"sc-80531b6b-0 chRIGJ container-text text-embed\">\n<p>Mostr\u00f3 superioridad Independiente en las tres primeras fechas, pero no pudo con un rival de su tama\u00f1o. Cuando tuvo que medirse con River, cay\u00f3. <strong>Julio Vaccari <\/strong>intent\u00f3 ser positivo. \u201cNo pudimos imponer nuestras condiciones, pero jugamos mejor que lo que lo hacen muchos rivales que vienen a esta cancha\u201d, dijo el entrenador.<\/p>\n<\/div>\n<div class=\"sc-80531b6b-0 chRIGJ container-text text-embed\">\n<p><strong>Los cl\u00e1sicos interpelan la gesti\u00f3n de Vaccari, que disput\u00f3 cinco y no pudo ganar ninguno<\/strong>. Fueron cuatro 0 a 0 y la derrota con River. Este mi\u00e9rcoles recibir\u00e1 a <strong>V\u00e9lez<\/strong>, que a pesar de llegar con muchas dificultades, no deja de ser el campe\u00f3n del f\u00fatbol argentino.<\/p>\n<\/div>\n<p><h2><strong>San Lorenzo se las arregla<\/strong><\/h2>\n<\/p>\n<div class=\"sc-198be8ec-0 cynXbu image-embed  image-embed \"><picture class=\"sc-198be8ec-1 kOjRiQ\"><source media=\"(min-width: 975px)\" width=\"720\" height=\"480\" \/><img alt=\"Foto: Fotobaires - CLARIN\" loading=\"lazy\" width=\"720\" height=\"480\" decoding=\"async\" data-nimg=\"1\" style=\"color:transparent\" src=\"https:\/\/13.com.ar\/wp-content\/uploads\/2025\/02\/1739267576_429_River-y-Boca-irregulares-la-ilusion-de-Avellaneda-y-la.jpg\"\/><span class=\"epigraphe\">Foto: Fotobaires &#8211; CLARIN<\/span><span class=\"bkg\"\/><span class=\"picture-open\"><button class=\"open-image\" aria-label=\"Open Image\"\/><\/span><\/picture><\/div>\n<div class=\"sc-80531b6b-0 chRIGJ container-text text-embed\">\n<p>Despu\u00e9s de un 2024 con dificultades futbol\u00edsticas y econ\u00f3micas, <strong>Marcelo Moretti <\/strong>decidi\u00f3 ajustar el plantel. Recort\u00f3 sueldos (el caso testigo es <strong>Andr\u00e9s Vombergar<\/strong>, cuyo contrato baj\u00f3 a la mitad) e incorpor\u00f3 apenas tres jugadores. Dos de ellos libres, <strong>Emanuel Cecchini <\/strong>y <strong>Nery Dom\u00ednguez<\/strong>, y otro con un cargo de apenas 150 mil d\u00f3lares, el colombiano <strong>Jaime Peralta<\/strong>, delantero de 19 a\u00f1os.<\/p>\n<\/div>\n<div class=\"sc-80531b6b-0 chRIGJ container-text text-embed\">\n<p>No obstante, su mejor decisi\u00f3n fue darle ruedo a <strong>Orlando Gill<\/strong>, que lleg\u00f3 a mitad del a\u00f1o pasado para jugar en la Reserva y se corporiz\u00f3 como titular en este 2025. Ya es r\u00e9cord: <strong>nunca antes otro arquero hab\u00eda terminado las primeras cuatro fechas con el arco invicto<\/strong>. El paraguayo de 24 a\u00f1os lo logr\u00f3, superando a sus compatriotas Jos\u00e9 Luis Chilavert y C\u00e9sar Mendoza.<\/p>\n<\/div>\n<div class=\"sc-80531b6b-0 chRIGJ container-text text-embed\">\n<p>Esa es la principal fortaleza de San Lorenzo. La <strong>solidez defensiva<\/strong>, la intensidad para correr y presionar y la pelota parada. <strong>Est\u00e1 invicto, no recibi\u00f3 goles y super\u00f3 dos partidos pesados<\/strong>, River y V\u00e9lez. Ahora, llega <strong>Platense<\/strong>, este jueves en el Nuevo Gas\u00f3metro.<\/p>\n<\/div>\n<div class=\"sc-80531b6b-0 chRIGJ container-text text-embed\">\n<p><strong>Miguel \u00c1ngel Russo<\/strong>, de todos modos, sabe que el Cicl\u00f3n tiene que dar m\u00e1s. \u201cEl equipo sigue evolucionando en la parte defensiva, pero no en el nivel del juego. Uno busca m\u00e1s\u201d, dijo el veterano entrenador. Con el regreso de <strong>Iker Muniain<\/strong>, que viaj\u00f3 a Espa\u00f1a para recuperarse de un desgarro, quiz\u00e1 sea posible ver un mayor volumen creativo.<\/p>\n<\/div>\n<\/div>\n<p><br \/>\n<br \/><a href=\"https:\/\/www.clarin.com\/deportes\/arranque-dispar-grandes-torneo-apertura-river-boca-irregulares-ilusion-avellaneda-reinvencion-san-lorenzo_0_jOINt081bb.html\">Fuente Clarin.com <\/a><\/p>\n","protected":false},"excerpt":{"rendered":"<p>Cuatro fechas no alcanzan para establecer una sentencia, pero es posible hacer un diagn\u00f3stico preliminar. Los cinco grandes siempre atrapan la mayor atenci\u00f3n, est\u00e1 claro. Porque son masivos en cuanto a la estructura y cantidad de hinchas, claro. Tambi\u00e9n, porque cuentan con m\u00e1s recursos, muy a pesar de las malas administraciones del pasado, puntualmente en [&hellip;]<\/p>\n","protected":false},"author":1,"featured_media":3762,"comment_status":"open","ping_status":"open","sticky":false,"template":"","format":"standard","meta":{"footnotes":""},"categories":[2],"tags":[5802,707,1445,5801,452,5803,595,451],"class_list":["post-3761","post","type-post","status-publish","format-standard","has-post-thumbnail","hentry","category-ultimas-noticias","tag-avellaneda","tag-boca","tag-ilusion","tag-irregulares","tag-lorenzo","tag-reinvencion","tag-river","tag-san"],"_links":{"self":[{"href":"https:\/\/13.com.ar\/index.php\/wp-json\/wp\/v2\/posts\/3761","targetHints":{"allow":["GET"]}}],"collection":[{"href":"https:\/\/13.com.ar\/index.php\/wp-json\/wp\/v2\/posts"}],"about":[{"href":"https:\/\/13.com.ar\/index.php\/wp-json\/wp\/v2\/types\/post"}],"author":[{"embeddable":true,"href":"https:\/\/13.com.ar\/index.php\/wp-json\/wp\/v2\/users\/1"}],"replies":[{"embeddable":true,"href":"https:\/\/13.com.ar\/index.php\/wp-json\/wp\/v2\/comments?post=3761"}],"version-history":[{"count":0,"href":"https:\/\/13.com.ar\/index.php\/wp-json\/wp\/v2\/posts\/3761\/revisions"}],"wp:featuredmedia":[{"embeddable":true,"href":"https:\/\/13.com.ar\/index.php\/wp-json\/wp\/v2\/media\/3762"}],"wp:attachment":[{"href":"https:\/\/13.com.ar\/index.php\/wp-json\/wp\/v2\/media?parent=3761"}],"wp:term":[{"taxonomy":"category","embeddable":true,"href":"https:\/\/13.com.ar\/index.php\/wp-json\/wp\/v2\/categories?post=3761"},{"taxonomy":"post_tag","embeddable":true,"href":"https:\/\/13.com.ar\/index.php\/wp-json\/wp\/v2\/tags?post=3761"}],"curies":[{"name":"wp","href":"https:\/\/api.w.org\/{rel}","templated":true}]}}