{"id":3758,"date":"2025-02-11T06:45:58","date_gmt":"2025-02-11T09:45:58","guid":{"rendered":"https:\/\/13.com.ar\/index.php\/alerta-amarilla-por-tormentas-fuertes-en-la-ciudad-y-la-provincia-de-buenos-aires\/"},"modified":"2025-02-11T06:45:58","modified_gmt":"2025-02-11T09:45:58","slug":"alerta-amarilla-por-tormentas-fuertes-en-la-ciudad-y-la-provincia-de-buenos-aires","status":"publish","type":"post","link":"https:\/\/13.com.ar\/index.php\/alerta-amarilla-por-tormentas-fuertes-en-la-ciudad-y-la-provincia-de-buenos-aires\/","title":{"rendered":"Alerta amarilla por tormentas fuertes en la Ciudad y la Provincia de Buenos Aires"},"content":{"rendered":"<p> <br \/>\n<br \/><img decoding=\"async\" src=\"https:\/\/13.com.ar\/wp-content\/uploads\/2025\/02\/Alerta-amarilla-por-tormentas-fuertes-en-la-Ciudad-y-la.jpg\" \/><\/p>\n<div>\n<p>Una alerta amarilla por fuertes tormentas emitida por el Servicio Meteorol\u00f3gico Nacional (SMN) reg\u00eda este martes sobre la Ciudad y la Provincia de Buenos Aires, y otras regiones del pa\u00eds.<\/p>\n<\/div>\n<div>\n<p>En las primeras horas de la ma\u00f1ana, hab\u00eda comenzado a llover en distintos puntos del \u00c1rea Metropolitana de Buenos Aires, donde se registraban intensas r\u00e1fagas y una intensa actividad el\u00e9ctrica. Hubo sitios, incluso, donde reportaron ca\u00edda de \u00e1rboles y cortes en el servicio de electricidad.<\/p>\n<\/div>\n<div>\n<p>Adem\u00e1s, se experimentaba un marcado descenso de la temperatura en relaci\u00f3n con la agobiante jornada de lunes, en la cual la sensaci\u00f3n t\u00e9rmica a las 13 horas se ubic\u00f3 en 39,5\u00ba en el AMBA.<\/p>\n<\/div>\n<div>\n<p>Algunas zonas estaban alcanzadas por avisos a corto plazo por tormentas fuertes con lluvias intensas, r\u00e1fagas y ocasional ca\u00edda de granizo.<\/p>\n<\/div>\n<div>\n<p>\u201cEl \u00e1rea ser\u00e1 afectada por tormentas aisladas, algunas localmente fuertes. Las mismas estar\u00e1n acompa\u00f1adas por abundante ca\u00edda de agua en cortos per\u00edodos, actividad el\u00e9ctrica, ocasional ca\u00edda de granizo y r\u00e1fagas entre 50 y 80 km\/h.Se prev\u00e9n valores de precipitaci\u00f3n acumulada entre 20 y 45 mm, pudiendo ser superados en forma puntual\u201d, indic\u00f3 el SMN.<\/p>\n<\/div>\n<div>\n<p>La alerta amarilla alcanza tambi\u00e9n el sur de Entre R\u00edos, Santa Fe y San Luis, el norte de La Pampa, el oeste de Salta, Catamarca y La Rioja, y una peque\u00f1a porci\u00f3n de Tucum\u00e1n.<\/p>\n<\/div>\n<div>\n<p>Las recomendaciones del SMN para este nivel de alerta son no sacar la basura y retirar objetos que impidan que el agua escurra, evitar actividades al aire libre, no refugiarse cerca de \u00e1rboles y postes de electricidad que puedan caerse, y no permanecer en playas r\u00edos lagunas o piletas para minimizar el riesgo de ser alcanzados por un rayo, entre otras.<\/p>\n<\/div>\n<div>\n<p>La advertencia, al menos en la ciudad de Buenos Aires, se extender\u00e1 hasta la tarde, aunque en horas de la noche, seg\u00fan el pron\u00f3stico, seguir\u00e1n las tormentas, aunque aisladas.<\/p>\n<\/div>\n<div>\n<p>Por su parte, en Santa Cruz, Tierra del Fuego y las Islas Malvinas estaban alcanzados por una alerta amarilla pero por vientos que podr\u00edan superar los 95 km\/h.<\/p>\n<\/div>\n<p><br \/>\n<br \/><a href=\"https:\/\/www.clarin.com\/sociedad\/alerta-amarilla-tormentas-fuertes-ciudad-provincia-buenos-aires_0_covG2mtogi.html\">Fuente Clarin.com <\/a><\/p>\n","protected":false},"excerpt":{"rendered":"<p>Una alerta amarilla por fuertes tormentas emitida por el Servicio Meteorol\u00f3gico Nacional (SMN) reg\u00eda este martes sobre la Ciudad y la Provincia de Buenos Aires, y otras regiones del pa\u00eds. En las primeras horas de la ma\u00f1ana, hab\u00eda comenzado a llover en distintos puntos del \u00c1rea Metropolitana de Buenos Aires, donde se registraban intensas r\u00e1fagas [&hellip;]<\/p>\n","protected":false},"author":1,"featured_media":3759,"comment_status":"open","ping_status":"open","sticky":false,"template":"","format":"standard","meta":{"footnotes":""},"categories":[2],"tags":[328,985,986,327,984,3107,142,490,3833],"class_list":["post-3758","post","type-post","status-publish","format-standard","has-post-thumbnail","hentry","category-ultimas-noticias","tag-aires","tag-alerta","tag-amarilla","tag-buenos","tag-ciudad","tag-fuertes","tag-por","tag-provincia","tag-tormentas"],"_links":{"self":[{"href":"https:\/\/13.com.ar\/index.php\/wp-json\/wp\/v2\/posts\/3758","targetHints":{"allow":["GET"]}}],"collection":[{"href":"https:\/\/13.com.ar\/index.php\/wp-json\/wp\/v2\/posts"}],"about":[{"href":"https:\/\/13.com.ar\/index.php\/wp-json\/wp\/v2\/types\/post"}],"author":[{"embeddable":true,"href":"https:\/\/13.com.ar\/index.php\/wp-json\/wp\/v2\/users\/1"}],"replies":[{"embeddable":true,"href":"https:\/\/13.com.ar\/index.php\/wp-json\/wp\/v2\/comments?post=3758"}],"version-history":[{"count":0,"href":"https:\/\/13.com.ar\/index.php\/wp-json\/wp\/v2\/posts\/3758\/revisions"}],"wp:featuredmedia":[{"embeddable":true,"href":"https:\/\/13.com.ar\/index.php\/wp-json\/wp\/v2\/media\/3759"}],"wp:attachment":[{"href":"https:\/\/13.com.ar\/index.php\/wp-json\/wp\/v2\/media?parent=3758"}],"wp:term":[{"taxonomy":"category","embeddable":true,"href":"https:\/\/13.com.ar\/index.php\/wp-json\/wp\/v2\/categories?post=3758"},{"taxonomy":"post_tag","embeddable":true,"href":"https:\/\/13.com.ar\/index.php\/wp-json\/wp\/v2\/tags?post=3758"}],"curies":[{"name":"wp","href":"https:\/\/api.w.org\/{rel}","templated":true}]}}