{"id":3754,"date":"2025-02-11T06:40:10","date_gmt":"2025-02-11T09:40:10","guid":{"rendered":"https:\/\/13.com.ar\/index.php\/cuanto-se-necesita-para-armar-la-mochila\/"},"modified":"2025-02-11T06:40:10","modified_gmt":"2025-02-11T09:40:10","slug":"cuanto-se-necesita-para-armar-la-mochila","status":"publish","type":"post","link":"https:\/\/13.com.ar\/index.php\/cuanto-se-necesita-para-armar-la-mochila\/","title":{"rendered":"cu\u00e1nto se necesita para armar la mochila"},"content":{"rendered":"<p> <br \/>\n<\/p>\n<div id=\"cuerpo\">\n<div class=\"sc-80531b6b-0 chRIGJ container-text text-embed\">\n<p>Aunque las aulas a\u00fan permanecen vac\u00edas hay quienes empezaron las clases de matem\u00e1ticas: son los padres de los alumnos que recorren librer\u00edas y comercios para armar la <strong>canasta escolar<\/strong>. En la Provincia de Buenos Aires el costo de ese lote de productos claves para reanudar las clases tuvo un incremento del <strong>26,5% en promedio, muy por debajo del \u00edndice de aumento de precios al consumidor que difunde el Indec <\/strong>que marc\u00f3 un 117% entre enero y diciembre del 2024.<\/p>\n<\/div>\n<div class=\"sc-80531b6b-0 chRIGJ container-text text-embed\">\n<p>El relevamiento elaborado por la Defensor\u00eda del Pueblo bonaerense determina que el costo de armar una mochila \u201ccon productos b\u00e1sicos y econ\u00f3micos\u201d qued\u00f3 fijada en febrero en<strong> $ 66.340,74<\/strong>. Ese \u201ccombo\u201d incluye tres cuadernos, l\u00e1pices, adhesivos, gomas, escuadra, sacapuntas, tijeras, fibras, cartuchera y una mochila elemental.<\/p>\n<\/div>\n<div class=\"sc-80531b6b-0 chRIGJ container-text text-embed\">\n<p>A esta compra la <strong>faltan los guardapolvos y la indumentaria<\/strong> para ir al colegio. El organismo provincial inform\u00f3 que si se agregan esas variables, una familia tipo con dos hijos en edad escolar necesitar\u00e1 casi $ 287.000 para afrontar el inicio del ciclo lectivo. Este monto contempla la compra de mochilas, cartucheras, guardapolvos, joggings, zapatillas y \u00fatiles b\u00e1sicos, sin incluir textos escolares.<\/p>\n<\/div>\n<div class=\"sc-80531b6b-0 chRIGJ container-text text-embed\">\n<p>La variaci\u00f3n del precio de estos elementos de uso masivo tuvo un comportamiento imprevisible en los \u00faltimos ciclos. El a\u00f1o pasado, el mismo informe de la Defensor\u00eda provincial comprob\u00f3 que esta misma canasta (de 35 art\u00edculos comparados en comercios de consumo masivo) tuvo un <strong>incremento de 450% promedio<\/strong> en doce meses.<\/p>\n<\/div>\n<div class=\"sc-80531b6b-0 chRIGJ container-text text-embed\">\n<p>El cuadro comparativo con los precios de febrero de 2023\/2024 revel\u00f3 sorprendentes remarcaciones en algunos de los \u00fatiles que resultan imprescindibles para volver a las aulas. El l\u00e1piz de grafito de primera marca, con un<strong> incremento del 869%<\/strong> en 12 meses; el papel glac\u00e9 de 10 hojas comunes, con una suba del 818%; y el cuaderno forrado de 48 hojas \u00c9xito tapa dura, con un aumento del 732% conforman el podio de aumentos. El producto que \u201cmenos\u201d se movi\u00f3 fue el guardapolvo blanco, que vari\u00f3 un 380%.<\/p>\n<\/div>\n<div class=\"sc-80531b6b-0 chRIGJ container-text text-embed\">\n<p>Entonces, hab\u00edan pasado apenas 40 dias de una<strong> devaluaci\u00f3n del 150%<\/strong> en el peso y los comercios estaban a la deriva con los precios. \u201cSin lugar a dudas, en ese momento hicieron un colch\u00f3n solo por especulaci\u00f3n. Ahora el mercado est\u00e1 m\u00e1s estable y <strong>en muchos casos tuvieron que bajar<\/strong>\u201d, explic\u00f3 uno de los t\u00e9cnicos que hizo el estudio a <strong>Clar\u00edn<\/strong>.<\/p>\n<\/div>\n<div class=\"sc-198be8ec-0 cynXbu image-embed  image-embed \"><picture class=\"sc-198be8ec-1 kOjRiQ\"><source media=\"(min-width: 975px)\" width=\"720\" height=\"480\" \/><img alt=\"La canasta escolar en Provincia qued\u00f3 fijada en $ 66.340,74. Foto Archivo \/ Juano Tesone\" loading=\"lazy\" width=\"720\" height=\"480\" decoding=\"async\" data-nimg=\"1\" style=\"color:transparent\" src=\"https:\/\/13.com.ar\/wp-content\/uploads\/2025\/02\/cuanto-se-necesita-para-armar-la-mochila.jpg\"\/><span class=\"epigraphe\">La canasta escolar en Provincia qued\u00f3 fijada en $ 66.340,74. Foto Archivo \/ Juano Tesone<\/span><span class=\"bkg\"\/><span class=\"picture-open\"><button class=\"open-image\" aria-label=\"Open Image\"\/><\/span><\/picture><\/div>\n<div class=\"sc-80531b6b-0 chRIGJ container-text text-embed\">\n<p>Esta vez los movimientos fueron m\u00e1s moderados y eso impact\u00f3 en el promedio final. Como muestra, van algunos ejemplos. Entre las alzas m\u00e1s importantes queda al tope la <strong>goma para tinta\/l\u00e1piz<\/strong>, que registr\u00f3 un<strong> aumento del 288,02%<\/strong>, el papel glac\u00e9 con un 102,79% y el repuesto de 96 hojas de primera calidad Rivadavia, que subi\u00f3 un 76,80%. Cerca del promedio quedaron el cuaderno universitario de 80 hojas (35,48%), la carpeta para dibujo con cord\u00f3n (36,82%) y el sacapuntas de pl\u00e1stico econ\u00f3mico (37,13%).<\/p>\n<\/div>\n<div class=\"sc-80531b6b-0 chRIGJ container-text text-embed\">\n<p>En el rengl\u00f3n de las bajas sobresale el l\u00e1piz de grafito (que el a\u00f1o pasado tuvo record de aumento) con 31% de rebaja; el sacapuntas de metal con un 28% menos; el diccionario Santillana econ\u00f3mico, que cuesta 21% menos y el lapiz de madera corto, con -9% de variaci\u00f3n con relaci\u00f3n al a\u00f1o pasado.<\/p>\n<\/div>\n<p><h2>El costo de vestirse para ir a la escuela<\/h2>\n<\/p>\n<div class=\"sc-80531b6b-0 chRIGJ container-text text-embed\">\n<p>En la categor\u00eda vestimenta, el informe elaborado por el ente a cargo de Guido Lorenzino, se\u00f1ala que un <strong>guardapolvo<\/strong> de primera marca talle 10 puede se puede adquirir en un rango de precios de <strong>$ 12.900 a $ 17.000<\/strong>. Los calzados escolares los ubican entre $ 14.000 y $ 16.000, con una disminuci\u00f3n de 21% respecto al a\u00f1o anterior.<\/p>\n<\/div>\n<div class=\"sc-80531b6b-0 chRIGJ container-text text-embed\">\n<p>\u201cA diferencia de los \u00fatiles escolares, los precios de las zapatillas deportivas escolares y de la indumentaria escolar en general no presentaron aumentos significativos en comparaci\u00f3n con el a\u00f1o anterior\u201d, concluye el relevamiento.<\/p>\n<\/div>\n<div class=\"sc-80531b6b-0 chRIGJ container-text text-embed\">\n<p>Igual que hace 12 meses, los agentes de la Defensor\u00eda hicieron el trabajo a partir de \u201crelevar precios de paginas webs de cadenas de hipermercados y plataformas de compra on line, y presencial, en comercios del Gran La Plata\u201d.<\/p>\n<\/div>\n<div class=\"sc-80531b6b-0 chRIGJ container-text text-embed\">\n<p>La evaluaci\u00f3n de la Defensor\u00eda est\u00e1 en l\u00ednea con otros trabajos conocidos en los \u00faltimos d\u00edas. La consultora <em>Focus Market <\/em>hizo una encuesta comercial para una tarjeta de cr\u00e9dito y revel\u00f3 que los \u00fatiles b\u00e1sicos escolares para primaria, (una lista de 20 productos que incluye una mochila b\u00e1sica), tiene un valor de $ 56.265. Esto representa un aumento del 44% con respecto a los mismos productos del 2024, cuando sumaban $ 38.999.<\/p>\n<\/div>\n<div class=\"sc-80531b6b-0 chRIGJ container-text text-embed\">\n<p>En Buenos Aires, <strong>las clases comenzar\u00e1n el 5 de marzo<\/strong>, despu\u00e9s del feriado por Carnavales. &#8220;Esta informaci\u00f3n permite brindar un panorama claro sobre los costos que deber\u00e1n afrontar las familias bonaerenses en el comienzo del nuevo ciclo lectivo. Reafirma la necesidad de implementar estrategias de ahorro y planificaci\u00f3n para garantizar que los alumnos tengan los materiales necesarios para su educaci\u00f3n sin generar un desbalance en la econom\u00eda del hogar&#8221;, explic\u00f3 Marcela Escudero, responsable del \u00e1rea de Asuntos Econ\u00f3micos de la Defensor\u00eda.<\/p>\n<\/div>\n<div class=\"sc-80531b6b-0 chRIGJ container-text text-embed\">\n<p>Cerca de la oficina de Lorenzino recomendaron a las familias tomar medidas para reducir el impacto econ\u00f3mico del inicio de clases. Sugieren comparar precios entre distintos comercios, la <strong>reutilizaci\u00f3n de \u00fatiles en buen estado y la promoci\u00f3n del cuidado de los materiales escolares<\/strong>. Estas acciones pueden representar un alivio para la econom\u00eda familiar y, al mismo tiempo, contribuir a un consumo m\u00e1s responsable y sostenible, explicaron.<\/p>\n<\/div>\n<div class=\"sc-80531b6b-0 chRIGJ container-text text-embed\">\n<p><strong>La Plata. Corresponsal\u00eda<\/strong><\/p>\n<\/div>\n<\/div>\n<p><br \/>\n<br \/><a href=\"https:\/\/www.clarin.com\/sociedad\/precios-utiles-escolares-aumentaron-inflacion-necesita-armar-mochila_0_45SVyVTDBL.html\">Fuente Clarin.com <\/a><\/p>\n","protected":false},"excerpt":{"rendered":"<p>Aunque las aulas a\u00fan permanecen vac\u00edas hay quienes empezaron las clases de matem\u00e1ticas: son los padres de los alumnos que recorren librer\u00edas y comercios para armar la canasta escolar. En la Provincia de Buenos Aires el costo de ese lote de productos claves para reanudar las clases tuvo un incremento del 26,5% en promedio, muy [&hellip;]<\/p>\n","protected":false},"author":1,"featured_media":3755,"comment_status":"open","ping_status":"open","sticky":false,"template":"","format":"standard","meta":{"footnotes":""},"categories":[2],"tags":[5795,448,5796,2012,16],"class_list":["post-3754","post","type-post","status-publish","format-standard","has-post-thumbnail","hentry","category-ultimas-noticias","tag-armar","tag-cuanto","tag-mochila","tag-necesita","tag-para"],"_links":{"self":[{"href":"https:\/\/13.com.ar\/index.php\/wp-json\/wp\/v2\/posts\/3754","targetHints":{"allow":["GET"]}}],"collection":[{"href":"https:\/\/13.com.ar\/index.php\/wp-json\/wp\/v2\/posts"}],"about":[{"href":"https:\/\/13.com.ar\/index.php\/wp-json\/wp\/v2\/types\/post"}],"author":[{"embeddable":true,"href":"https:\/\/13.com.ar\/index.php\/wp-json\/wp\/v2\/users\/1"}],"replies":[{"embeddable":true,"href":"https:\/\/13.com.ar\/index.php\/wp-json\/wp\/v2\/comments?post=3754"}],"version-history":[{"count":0,"href":"https:\/\/13.com.ar\/index.php\/wp-json\/wp\/v2\/posts\/3754\/revisions"}],"wp:featuredmedia":[{"embeddable":true,"href":"https:\/\/13.com.ar\/index.php\/wp-json\/wp\/v2\/media\/3755"}],"wp:attachment":[{"href":"https:\/\/13.com.ar\/index.php\/wp-json\/wp\/v2\/media?parent=3754"}],"wp:term":[{"taxonomy":"category","embeddable":true,"href":"https:\/\/13.com.ar\/index.php\/wp-json\/wp\/v2\/categories?post=3754"},{"taxonomy":"post_tag","embeddable":true,"href":"https:\/\/13.com.ar\/index.php\/wp-json\/wp\/v2\/tags?post=3754"}],"curies":[{"name":"wp","href":"https:\/\/api.w.org\/{rel}","templated":true}]}}