{"id":3746,"date":"2025-02-11T05:49:34","date_gmt":"2025-02-11T08:49:34","guid":{"rendered":"https:\/\/13.com.ar\/index.php\/sus-primeros-puntos-un-alley-oop-como-carta-de-presentacion-y-un-duro-regalo-de-bienvenida\/"},"modified":"2025-02-11T05:49:34","modified_gmt":"2025-02-11T08:49:34","slug":"sus-primeros-puntos-un-alley-oop-como-carta-de-presentacion-y-un-duro-regalo-de-bienvenida","status":"publish","type":"post","link":"https:\/\/13.com.ar\/index.php\/sus-primeros-puntos-un-alley-oop-como-carta-de-presentacion-y-un-duro-regalo-de-bienvenida\/","title":{"rendered":"sus primeros puntos, un alley-oop como carta de presentaci\u00f3n y un duro regalo de bienvenida"},"content":{"rendered":"<p> <br \/>\n<\/p>\n<div id=\"cuerpo\">\n<div class=\"sc-80531b6b-0 chRIGJ container-text text-embed\">\n<p>Tras protagonizar el traspaso del siglo en la NBA,<strong> Luka Doncic<\/strong> vivi\u00f3 este lunes por la noche su <strong>esperado debut con Los Angeles Lakers<\/strong> en un c\u00f3modo triunfo 132-113 ante los Utah Jazz en el que fue aclamado por su nueva afici\u00f3n.<\/p>\n<\/div>\n<div class=\"sc-80531b6b-0 chRIGJ container-text text-embed\">\n<p>Las gradas del Crypto.com Arena <strong>recibieron al esloveno como su nuevo \u00eddolo<\/strong> y se ilusionaron con los primeros destellos de la dupla con LeBron James, de quien debe tomar el relevo como \u00edcono de la glamorosa franquicia angelina.<\/p>\n<\/div>\n<div class=\"sc-80531b6b-0 chRIGJ container-text text-embed\">\n<p>Vestir el uniforme de los Lakers<strong> se siente &#8220;especial&#8221;, resumi\u00f3 Doncic<\/strong>, quien luci\u00f3 el dorsal 77 en la legendaria camiseta de p\u00farpura y oro. &#8220;Agradezco la forma en que me recibieron mis compa\u00f1eros, la direcci\u00f3n deportiva, todo el mundo aqu\u00ed&#8221;, a\u00f1adi\u00f3.<\/p>\n<\/div>\n<div class=\"sc-80531b6b-0 chRIGJ container-text text-embed\">\n<p>\u201cAntes del partido me dijeron que fuera yo mismo, as\u00ed de simple&#8221;, relat\u00f3 el base, que no jugaba desde el 25 de diciembre por una lesi\u00f3n de gemelos.<\/p>\n<\/div>\n<div class=\"sc-80531b6b-0 chRIGJ container-text text-embed\">\n<p>Doncic <strong>firm\u00f3 14 puntos, 5 rebotes y 4 asistencias <\/strong>mostrando que todav\u00eda no se encuentra a su mejor nivel f\u00edsico.<\/p>\n<\/div>\n<div class=\"sc-80531b6b-0 chRIGJ container-text text-embed\">\n<p>Para evitar mayores riesgos, el exl\u00edder de los Dallas Mavericks s\u00f3lo estuvo 24 minutos en pista y descans\u00f3 todo el \u00faltimo cuarto frente a unos Jazz que no presentaron resistencia a la derrota.<\/p>\n<\/div>\n<div class=\"sc-80531b6b-0 chRIGJ container-text text-embed\">\n<p>Previamente, en el tercero, se llev\u00f3 un duro regalo de bienvenida por parte de Isaiah Collier, cuando el jugador de los Jazz intent\u00f3 penetrar la defensa local y, al subir los brazos para superar a Doncic, que le hab\u00eda cerrado la l\u00ednea hacia el canasto, le propin\u00f3 un fuerte golpe en la cara.<\/p>\n<\/div>\n<div class=\"sc-80531b6b-0 chRIGJ container-text text-embed\">\n<p>La NBA llevaba esperando este estreno desde que el 1 de febrero se revel\u00f3 la venta de Doncic, uno de los jugadores de m\u00e1s presente y futuro de la NBA, en una decisi\u00f3n de los Mavericks que indign\u00f3 a sus propios seguidores. Es que Dallas ven\u00eda de alcanzar las Finales de la NBA en 2024 con el balc\u00e1nico al tim\u00f3n. <\/p>\n<\/div>\n<div class=\"sc-80531b6b-0 chRIGJ container-text text-embed\">\n<p>Los Lakers hab\u00edan calentado el ambiente desde la ma\u00f1ana publicando fotos de una marea de camisetas con el n\u00famero 77 del esloveno que esperaban a los espectadores sobre sus asientos.<\/p>\n<\/div>\n<div class=\"sc-80531b6b-0 chRIGJ container-text text-embed\">\n<p>El propio &#8216;King James&#8217; se puso una de esas playeras doradas para el calentamiento y, ya en los proleg\u00f3menos, permiti\u00f3 que Doncic fuera presentado en el \u00faltimo lugar del quinteto inicial, el lugar habitualmente reservado para la estrella del equipo.<\/p>\n<\/div>\n<div class=\"sc-198be8ec-0 cynXbu image-embed  image-embed \"><picture class=\"sc-198be8ec-1 kOjRiQ\"><source media=\"(min-width: 975px)\" width=\"720\" height=\"480\" \/><img alt=\"En un gran gesto, LeBron permiti\u00f3 que Doncic fuera presentado en el \u00faltimo lugar del quinteto inicial, el lugar habitualmente reservado para la estrella del equipo. Foto Jayne Kamin-Oncea- Reuter\" loading=\"lazy\" width=\"720\" height=\"480\" decoding=\"async\" data-nimg=\"1\" style=\"color:transparent\" src=\"https:\/\/13.com.ar\/wp-content\/uploads\/2025\/02\/sus-primeros-puntos-un-alley-oop-como-carta-de-presentacion-y.jpg\"\/><span class=\"epigraphe\">En un gran gesto, LeBron permiti\u00f3 que Doncic fuera presentado en el \u00faltimo lugar del quinteto inicial, el lugar habitualmente reservado para la estrella del equipo. Foto Jayne Kamin-Oncea- Reuter<\/span><span class=\"bkg\"\/><span class=\"picture-open\"><button class=\"open-image\" aria-label=\"Open Image\"\/><\/span><\/picture><\/div>\n<div class=\"sc-80531b6b-0 chRIGJ container-text text-embed\">\n<p>&#8220;Escuch\u00e9 mucho ruido cuando me presentaron y lo agradezco mucho. Fue un momento especial&#8221;, afirm\u00f3 Doncic.<\/p>\n<\/div>\n<p><h2>La emoci\u00f3n de los fan\u00e1ticos con los primeros puntos de Doncic<\/h2>\n<\/p>\n<div class=\"sc-80531b6b-0 chRIGJ container-text text-embed\">\n<p>Las gradas entraron en combusti\u00f3n con la primera acci\u00f3n de Doncic, <strong>un fabuloso &#8216;alley-oop&#8217; para la volcada del p\u00edvot Jaxson Hayes <\/strong>a los 24 segundos de juego.<\/p>\n<\/div>\n<div class=\"sc-80531b6b-0 chRIGJ container-text text-embed\">\n<p>Pasados cinco minutos lleg\u00f3 la primera canasta del esloveno, un triple con paso hacia atr\u00e1s frente a Walker Kessler, una torre de 2,13m de altura.<\/p>\n<\/div>\n<div class=\"sc-80531b6b-0 chRIGJ container-text text-embed\">\n<p>En su primer descanso, Doncic recibi\u00f3 <strong>un breve tratamiento en el vestuario<\/strong> y se coloc\u00f3 hielo sobre la zona de los gemelos.<\/p>\n<\/div>\n<div class=\"sc-80531b6b-0 chRIGJ container-text text-embed\">\n<p>Al descanso los locales dominaban por un amplio 72-47 a los Jazz, pen\u00faltimos de la Conferencia Oeste. En la segunda mitad el europeo baj\u00f3 el nivel anotando s\u00f3lo tres puntos y cerr\u00f3 su cuenta con una estad\u00edstica de 5-14 en tiros de campo.<\/p>\n<\/div>\n<div class=\"sc-80531b6b-0 chRIGJ container-text text-embed\">\n<p>&#8220;Conociendo a Luka, s\u00e9 que posiblemente hubo algo de nerviosismo por jugar por primera vez con los Lakers&#8221;, expuso el entrenador JJ Redick.<\/p>\n<\/div>\n<div class=\"sc-80531b6b-0 chRIGJ container-text text-embed\">\n<p>Y agreg\u00f3: &#8220;\u00c9l sabe de las expectativas que todo el mundo ten\u00eda pero lo manej\u00f3 muy bien y jug\u00f3 muy bien esta noche&#8221;.<\/p>\n<\/div>\n<div class=\"sc-80531b6b-0 chRIGJ container-text text-embed\">\n<p>Doncic se mostr\u00f3 tambi\u00e9n optimista con el potencial de un equipo que debe reemplazar a Anthony Davis, su gran baluarte defensivo, enviado en el intercambio a Dallas. &#8220;<strong>Podemos ser muy peligrosos<\/strong>&#8220;, advirti\u00f3.<\/p>\n<\/div>\n<div class=\"sc-80531b6b-0 chRIGJ container-text text-embed\">\n<p>Doncic, de 25 a\u00f1os, fue inesperadamente traspasado s\u00f3lo meses despu\u00e9s de ser el m\u00e1ximo anotador de la NBA y de llevar a los Mavericks hasta las Finales, perdidas ante Boston.<\/p>\n<\/div>\n<div class=\"sc-80531b6b-0 chRIGJ container-text text-embed\">\n<p>El alem\u00e1n <strong>Dirk Nowitzki, \u00eddolo m\u00e1ximo de Dallas<\/strong> y jefe del equipo que gan\u00f3 el \u00fanico anillo para la franquicia en 2011, <strong>viaj\u00f3 a Los \u00c1ngeles para acompa\u00f1ar a su excompa\u00f1ero<\/strong>.<\/p>\n<\/div>\n<div class=\"sc-80531b6b-0 chRIGJ container-text text-embed\">\n<p>&#8220;Siempre ser\u00e9 un Mav de por vida, pero ten\u00eda que venir a apoyar a mi amigo Luka Doncic en el primer juego de su nuevo cap\u00edtulo&#8221;, aleg\u00f3 Nowitzki en un mensaje en X.<\/p>\n<\/div>\n<div class=\"sc-80531b6b-0 chRIGJ container-text text-embed\">\n<p>&#8220;Es un gran amigo, un gran mentor, y significa mucho que pudiera venir&#8221;, le agradeci\u00f3 Doncic.<\/p>\n<\/div>\n<p><h2>LeBron James, el comandante de la victoria<\/h2>\n<\/p>\n<div class=\"sc-80531b6b-0 chRIGJ container-text text-embed\">\n<p>A sus 40 a\u00f1os, LeBron fue quien carg\u00f3 con el peso ofensivo de los Lakers con 24 puntos, 7 rebotes y 8 asistencias. <\/p>\n<\/div>\n<div class=\"sc-80531b6b-0 chRIGJ container-text text-embed\">\n<p>Los Lakers sumaron su sexta victoria seguida y escalaron hasta el cuarto puesto del Oeste. Pero, m\u00e1s all\u00e1 de las expectativas a corto plazo, los 20.000 espectadores angelinos estaban ansiosos por dar la bienvenida a su l\u00edder para la pr\u00f3xima d\u00e9cada.<\/p>\n<\/div>\n<div class=\"sc-80531b6b-0 chRIGJ container-text text-embed\">\n<p>El mi\u00e9rcoles volver\u00e1n a enfrentar a los Jazz, esta vez en Utah, y despu\u00e9s Doncic dispondr\u00e1 de una semana sin competici\u00f3n a causa del parate por el Juego de las Estrellas.<\/p>\n<\/div>\n<\/div>\n<p><br \/>\n<br \/><a href=\"https:\/\/www.clarin.com\/deportes\/debuto-luka-doncic-angeles-lakers-primeros-puntos-alley-oop-carta-presentacion-duro-regalo-bienvenida_0_gICTtgEcd0.html\">Fuente Clarin.com <\/a><\/p>\n","protected":false},"excerpt":{"rendered":"<p>Tras protagonizar el traspaso del siglo en la NBA, Luka Doncic vivi\u00f3 este lunes por la noche su esperado debut con Los Angeles Lakers en un c\u00f3modo triunfo 132-113 ante los Utah Jazz en el que fue aclamado por su nueva afici\u00f3n. Las gradas del Crypto.com Arena recibieron al esloveno como su nuevo \u00eddolo y [&hellip;]<\/p>\n","protected":false},"author":1,"featured_media":3747,"comment_status":"open","ping_status":"open","sticky":false,"template":"","format":"standard","meta":{"footnotes":""},"categories":[2],"tags":[5790,4372,5791,66,1369,5792,4862,4062,4077,40],"class_list":["post-3746","post","type-post","status-publish","format-standard","has-post-thumbnail","hentry","category-ultimas-noticias","tag-alleyoop","tag-bienvenida","tag-carta","tag-como","tag-duro","tag-presentacion","tag-primeros","tag-puntos","tag-regalo","tag-sus"],"_links":{"self":[{"href":"https:\/\/13.com.ar\/index.php\/wp-json\/wp\/v2\/posts\/3746","targetHints":{"allow":["GET"]}}],"collection":[{"href":"https:\/\/13.com.ar\/index.php\/wp-json\/wp\/v2\/posts"}],"about":[{"href":"https:\/\/13.com.ar\/index.php\/wp-json\/wp\/v2\/types\/post"}],"author":[{"embeddable":true,"href":"https:\/\/13.com.ar\/index.php\/wp-json\/wp\/v2\/users\/1"}],"replies":[{"embeddable":true,"href":"https:\/\/13.com.ar\/index.php\/wp-json\/wp\/v2\/comments?post=3746"}],"version-history":[{"count":0,"href":"https:\/\/13.com.ar\/index.php\/wp-json\/wp\/v2\/posts\/3746\/revisions"}],"wp:featuredmedia":[{"embeddable":true,"href":"https:\/\/13.com.ar\/index.php\/wp-json\/wp\/v2\/media\/3747"}],"wp:attachment":[{"href":"https:\/\/13.com.ar\/index.php\/wp-json\/wp\/v2\/media?parent=3746"}],"wp:term":[{"taxonomy":"category","embeddable":true,"href":"https:\/\/13.com.ar\/index.php\/wp-json\/wp\/v2\/categories?post=3746"},{"taxonomy":"post_tag","embeddable":true,"href":"https:\/\/13.com.ar\/index.php\/wp-json\/wp\/v2\/tags?post=3746"}],"curies":[{"name":"wp","href":"https:\/\/api.w.org\/{rel}","templated":true}]}}