{"id":3742,"date":"2025-02-11T05:19:00","date_gmt":"2025-02-11T08:19:00","guid":{"rendered":"https:\/\/13.com.ar\/index.php\/los-6-indicadores-clave-para-medir-tu-bienestar-fisico-y-mental-segun-diego-kerner\/"},"modified":"2025-02-11T05:19:00","modified_gmt":"2025-02-11T08:19:00","slug":"los-6-indicadores-clave-para-medir-tu-bienestar-fisico-y-mental-segun-diego-kerner","status":"publish","type":"post","link":"https:\/\/13.com.ar\/index.php\/los-6-indicadores-clave-para-medir-tu-bienestar-fisico-y-mental-segun-diego-kerner\/","title":{"rendered":"Los 6 indicadores clave para medir tu bienestar f\u00edsico y mental, seg\u00fan Diego Kerner"},"content":{"rendered":"<p> <br \/>\n<\/p>\n<div id=\"cuerpo\">\n<div class=\"sc-80531b6b-0 chRIGJ container-text text-embed\">\n<p>Diego Kerner es un destacado coach ejecutivo. Inici\u00f3 su carrera en el mundo corporativo, donde alcanz\u00f3 posiciones de liderazgo como gerente de marketing global y, con solo 34 a\u00f1os, f<strong>ue miembro del directorio regional de Cadbury Adams.<\/strong><\/p>\n<\/div>\n<div class=\"sc-80531b6b-0 chRIGJ container-text text-embed\">\n<p>Posteriormente, se form\u00f3 <strong>como coach ontol\u00f3gico<\/strong> y se especializ\u00f3 en \u00e1reas como Creatividad, Facilitaci\u00f3n de Equipos de Trabajo, Din\u00e1mica de Grupos y Psicolog\u00eda.<\/p>\n<\/div>\n<div class=\"sc-80531b6b-0 chRIGJ container-text text-embed\">\n<p>Desde all\u00ed, acompa\u00f1\u00f3 como coach a l\u00edderes y a equipos directivos en Hispanoam\u00e9rica de empresas como Bimbo, Unilever, Bodegas Chandon, Molinos R\u00edo de la Plata, Calidad Pascual, Ogilvy, La Seren\u00edsima, Accenture y Merck.<\/p>\n<\/div>\n<div class=\"sc-80531b6b-0 chRIGJ container-text text-embed\">\n<p>Adem\u00e1s, <em>es autor del libro <\/em><strong><em>&#8220;Lunes felices: Los 7 pasos hacia una vida m\u00e1s aut\u00e9ntica&#8221;<\/em><\/strong>, donde propone un m\u00e9todo para reinventarse y vivir de manera m\u00e1s plena, combinando elementos de neurociencias, psicolog\u00eda y ense\u00f1anzas de las artes marciales. <\/p>\n<\/div>\n<div class=\"sc-198be8ec-0 cynXbu image-embed  image-embed \"><picture class=\"sc-198be8ec-1 kOjRiQ\"><source media=\"(min-width: 975px)\" width=\"720\" height=\"480\" \/><img alt=\"Los 6 indicadores clave para medir tu bienestar f\u00edsico y mental, seg\u00fan Diego Kerner, coach ejecutivo y ontol\u00f3gico.\" loading=\"lazy\" width=\"720\" height=\"480\" decoding=\"async\" data-nimg=\"1\" style=\"color:transparent\" src=\"https:\/\/13.com.ar\/wp-content\/uploads\/2025\/02\/Los-6-indicadores-clave-para-medir-tu-bienestar-fisico-y.jpg\"\/><span class=\"epigraphe\">Los 6 indicadores clave para medir tu bienestar f\u00edsico y mental, seg\u00fan Diego Kerner, coach ejecutivo y ontol\u00f3gico.<\/span><span class=\"bkg\"\/><span class=\"picture-open\"><button class=\"open-image\" aria-label=\"Open Image\"\/><\/span><\/picture><\/div>\n<p><h2>Los 6 indicadores clave para medir tu bienestar f\u00edsico y mental, seg\u00fan Diego Kerner<\/h2>\n<\/p>\n<div class=\"sc-80531b6b-0 chRIGJ container-text text-embed\">\n<p>En los \u00faltimos a\u00f1os, Diego Kerner ha compartido <strong>sus conocimientos en diversas plataformas<\/strong>, como en el episodio de La F\u00f3rmula Podcast titulado &#8220;Productividad y calidad de vida: reguladores que marcan la diferencia&#8221;, donde aborda temas relacionados con el bienestar y la efectividad personal. Y en otras publicaciones de sus redes.<\/p>\n<\/div>\n<div class=\"sc-198be8ec-0 cynXbu image-embed  image-embed \"><picture class=\"sc-198be8ec-1 kOjRiQ\"><source media=\"(min-width: 975px)\" width=\"720\" height=\"480\" \/><img alt=\"Diego Kerner public\u00f3 el libro &quot;Lunes Felices: los 7 pasos hacia una vida m\u00e1s autentica&quot;.\/ Foto: Penguin Libros.\" loading=\"lazy\" width=\"720\" height=\"480\" decoding=\"async\" data-nimg=\"1\" style=\"color:transparent\" src=\"https:\/\/13.com.ar\/wp-content\/uploads\/2025\/02\/1739261939_90_Los-6-indicadores-clave-para-medir-tu-bienestar-fisico-y.jpg\"\/><span class=\"epigraphe\">Diego Kerner public\u00f3 el libro &#8220;Lunes Felices: los 7 pasos hacia una vida m\u00e1s autentica&#8221;.\/ Foto: Penguin Libros.<\/span><span class=\"bkg\"\/><span class=\"picture-open\"><button class=\"open-image\" aria-label=\"Open Image\"\/><\/span><\/picture><\/div>\n<div class=\"sc-80531b6b-0 chRIGJ container-text text-embed\">\n<p>Su enfoque integral y experiencia en el \u00e1mbito corporativo y del desarrollo personal lo convierten en <strong>una referencia en temas de liderazgo<\/strong>, bienestar y crecimiento personal.<\/p>\n<\/div>\n<div class=\"sc-80531b6b-0 chRIGJ container-text text-embed\">\n<p>Como coach ejecutivo de <strong>alta direcci\u00f3n y equipos directivos,<\/strong> Diego Kerner identifica seis marcadores para evaluar el bienestar f\u00edsico y mental de una persona. Estos son:<\/p>\n<\/div>\n<p><h2>1. Bienestar f\u00edsico<\/h2>\n<\/p>\n<div class=\"sc-198be8ec-0 cynXbu image-embed  image-embed \"><picture class=\"sc-198be8ec-1 kOjRiQ\"><source media=\"(min-width: 975px)\" width=\"720\" height=\"480\" \/><img alt=\"El cuidado f\u00edsico es un punto clave para nuestro rendimiento. Ejercicios, alimentaci\u00f3n sana, dormir bien.\" loading=\"lazy\" width=\"720\" height=\"480\" decoding=\"async\" data-nimg=\"1\" style=\"color:transparent\" src=\"https:\/\/13.com.ar\/wp-content\/uploads\/2025\/02\/1739261939_111_Los-6-indicadores-clave-para-medir-tu-bienestar-fisico-y.jpg\"\/><span class=\"epigraphe\">El cuidado f\u00edsico es un punto clave para nuestro rendimiento. Ejercicios, alimentaci\u00f3n sana, dormir bien.<\/span><span class=\"bkg\"\/><span class=\"picture-open\"><button class=\"open-image\" aria-label=\"Open Image\"\/><\/span><\/picture><\/div>\n<div class=\"sc-80531b6b-0 chRIGJ container-text text-embed\">\n<p>Hace referencia al estado general de salud del cuerpo, desde controlar la salud peri\u00f3dicamente para prevenir enfermedades (chequeos m\u00e9dicos), hasta aspectos como la alimentaci\u00f3n, el ejercicio y el descanso adecuados.<\/p>\n<\/div>\n<div class=\"sc-80531b6b-0 chRIGJ container-text text-embed\">\n<p>Dormir bien es clave para la recuperaci\u00f3n del cuerpo y el mantenimiento de funciones cognitivas y emocionales.<\/p>\n<\/div>\n<p><h2>2. Regulaci\u00f3n emocional<\/h2>\n<\/p>\n<div class=\"sc-198be8ec-0 cynXbu image-embed  image-embed \"><picture class=\"sc-198be8ec-1 kOjRiQ\"><source media=\"(min-width: 975px)\" width=\"720\" height=\"480\" \/><img alt=\"Aprender a regular las emociones es clave para la vida y para el trabajo. Aprender a responder.\" loading=\"lazy\" width=\"720\" height=\"480\" decoding=\"async\" data-nimg=\"1\" style=\"color:transparent\" src=\"https:\/\/13.com.ar\/wp-content\/uploads\/2025\/02\/1739261940_381_Los-6-indicadores-clave-para-medir-tu-bienestar-fisico-y.jpg\"\/><span class=\"epigraphe\">Aprender a regular las emociones es clave para la vida y para el trabajo. Aprender a responder.<\/span><span class=\"bkg\"\/><span class=\"picture-open\"><button class=\"open-image\" aria-label=\"Open Image\"\/><\/span><\/picture><\/div>\n<div class=\"sc-80531b6b-0 chRIGJ container-text text-embed\">\n<p>Implica la capacidad de manejar y equilibrar las emociones de manera efectiva, manteniendo una estabilidad emocional ante diversas situaciones. Esto es, ante una circunstancia desafiante, no reaccionar de manera autom\u00e1tica, sino aprender a responder.<\/p>\n<\/div>\n<div class=\"sc-80531b6b-0 chRIGJ container-text text-embed\">\n<p>A su vez, recomienda no reprimir los sentimientos, sino entenderlos y darles espacio. Ser amable con uno mismo en momentos de dificultad es practicar la autocompasi\u00f3n. Una <strong>buena regulaci\u00f3n emocional <\/strong>permite reducir el estr\u00e9s, mejorar las relaciones y tomar mejores decisiones.<\/p>\n<\/div>\n<p><h2>3. M\u00e9todo RAIN<\/h2>\n<\/p>\n<div class=\"sc-198be8ec-0 cynXbu image-embed  image-embed \"><picture class=\"sc-198be8ec-1 kOjRiQ\"><source media=\"(min-width: 975px)\" width=\"720\" height=\"480\" \/><img alt=\"El RAIN, una t\u00e9cnica de mindfulness, es un chequeo que nos propone el coach Diego Kerner.\/ Foto Shutterstock.\" loading=\"lazy\" width=\"720\" height=\"480\" decoding=\"async\" data-nimg=\"1\" style=\"color:transparent\" src=\"https:\/\/13.com.ar\/wp-content\/uploads\/2025\/02\/1739261940_626_Los-6-indicadores-clave-para-medir-tu-bienestar-fisico-y.jpg\"\/><span class=\"epigraphe\">El RAIN, una t\u00e9cnica de mindfulness, es un chequeo que nos propone el coach Diego Kerner.\/ Foto Shutterstock.<\/span><span class=\"bkg\"\/><span class=\"picture-open\"><button class=\"open-image\" aria-label=\"Open Image\"\/><\/span><\/picture><\/div>\n<div class=\"sc-80531b6b-0 chRIGJ container-text text-embed\">\n<p>Es una t\u00e9cnica de mindfulness que ayuda a reconocer y procesar las emociones. RAIN es un acr\u00f3nimo en ingl\u00e9s que significa:<\/p>\n<\/div>\n<div class=\"sc-80531b6b-0 chRIGJ container-text text-embed\">\n<ul>\n<li><strong>Recognize (Reconocer): <\/strong>Identificar lo que est\u00e1 sucediendo en el momento presente.<\/li>\n<li><strong>Allow (Permitir):<\/strong> Aceptar la experiencia o la emoci\u00f3n tal como es, sin juzgarla.<\/li>\n<li><strong>Investigate (Investigar): <\/strong>Explorar con curiosidad las sensaciones y pensamientos asociados.<\/li>\n<li><strong>Non-Identification (No identificaci\u00f3n):<\/strong> Desapegarse de las emociones y pensamientos, entendiendo que no definen la identidad propia. Los pensamientos y las emociones son pasajeros.<\/li>\n<\/ul>\n<\/div>\n<p><h2>4. Pr\u00e1ctica contemplativa<\/h2>\n<\/p>\n<div class=\"sc-198be8ec-0 cynXbu image-embed  image-embed \"><picture class=\"sc-198be8ec-1 kOjRiQ\"><source media=\"(min-width: 975px)\" width=\"720\" height=\"480\" \/><img alt=\"Los ejercicios de respiraci\u00f3n son fundamentales en la pr\u00e1ctica contemplativa. Meditaci\u00f3n. Naturaleza. B\u00fasqueda de la claridad mental.\/ Foto: Shutterstock.\" loading=\"lazy\" width=\"720\" height=\"480\" decoding=\"async\" data-nimg=\"1\" style=\"color:transparent\" src=\"https:\/\/13.com.ar\/wp-content\/uploads\/2025\/02\/1739261940_60_Los-6-indicadores-clave-para-medir-tu-bienestar-fisico-y.jpg\"\/><span class=\"epigraphe\">Los ejercicios de respiraci\u00f3n son fundamentales en la pr\u00e1ctica contemplativa. Meditaci\u00f3n. Naturaleza. B\u00fasqueda de la claridad mental.\/ Foto: Shutterstock.<\/span><span class=\"bkg\"\/><span class=\"picture-open\"><button class=\"open-image\" aria-label=\"Open Image\"\/><\/span><\/picture><\/div>\n<div class=\"sc-80531b6b-0 chRIGJ container-text text-embed\">\n<p>Se refiere a actividades como la <strong>meditaci\u00f3n o la reflexi\u00f3n profunda<\/strong>, que promueven la conexi\u00f3n interna y la claridad mental.<\/p>\n<\/div>\n<div class=\"sc-80531b6b-0 chRIGJ container-text text-embed\">\n<p>Pr\u00e1cticas como los ejercicios de respiraci\u00f3n, la reflexi\u00f3n y la escritura,<strong> la observaci\u00f3n de la naturaleza <\/strong>o la meditaci\u00f3n, contribuyen a disminuir el estr\u00e9s, mejorar la concentraci\u00f3n y fomentar una sensaci\u00f3n de bienestar general.<\/p>\n<\/div>\n<p><h2>5. Fortaleza mental<\/h2>\n<\/p>\n<div class=\"sc-198be8ec-0 cynXbu image-embed  image-embed \"><picture class=\"sc-198be8ec-1 kOjRiQ\"><source media=\"(min-width: 975px)\" width=\"720\" height=\"480\" \/><img alt=\"Mantener la determinaci\u00f3n frente a los desaf\u00edos o complejidades nos lleva al bienestar.\" loading=\"lazy\" width=\"720\" height=\"480\" decoding=\"async\" data-nimg=\"1\" style=\"color:transparent\" src=\"https:\/\/13.com.ar\/wp-content\/uploads\/2025\/02\/1739261940_16_Los-6-indicadores-clave-para-medir-tu-bienestar-fisico-y.jpg\"\/><span class=\"epigraphe\">Mantener la determinaci\u00f3n frente a los desaf\u00edos o complejidades nos lleva al bienestar.<\/span><span class=\"bkg\"\/><span class=\"picture-open\"><button class=\"open-image\" aria-label=\"Open Image\"\/><\/span><\/picture><\/div>\n<div class=\"sc-80531b6b-0 chRIGJ container-text text-embed\">\n<p>Es la capacidad de mantener la resiliencia y la determinaci\u00f3n frente a desaf\u00edos y adversidades, <strong>manteniendo una actitud positiva<\/strong> y proactiva.<\/p>\n<\/div>\n<div class=\"sc-80531b6b-0 chRIGJ container-text text-embed\">\n<p>Ver los desaf\u00edos como oportunidades de crecimiento; aprender a manejar fracasos sin que afecten la autoestima; aceptar los cambios en lugar de resistirse a ellos (la capacidad de adaptabilidad); y fijar objetivos alcanzables contribuyen a una mentalidad fuerte. Estos \u00edtems ayudan a mantener la motivaci\u00f3n y la confianza, incluso en momentos de adversidad.<\/p>\n<\/div>\n<p><h2>6. Gesti\u00f3n de energ\u00eda<\/h2>\n<\/p>\n<div class=\"sc-198be8ec-0 cynXbu image-embed  image-embed \"><picture class=\"sc-198be8ec-1 kOjRiQ\"><source media=\"(min-width: 975px)\" width=\"720\" height=\"480\" \/><img alt=\"No todo es trabajo. Ni conexi\u00f3n digital. Ni redes. Ni productividad. Disfrutar de momentos, lugares, familias, sentimiento. Equilibrio de la energ\u00eda.\/ Shutterstock.\" loading=\"lazy\" width=\"720\" height=\"480\" decoding=\"async\" data-nimg=\"1\" style=\"color:transparent\" src=\"https:\/\/13.com.ar\/wp-content\/uploads\/2025\/02\/1739261940_201_Los-6-indicadores-clave-para-medir-tu-bienestar-fisico-y.jpg\"\/><span class=\"epigraphe\">No todo es trabajo. Ni conexi\u00f3n digital. Ni redes. Ni productividad. Disfrutar de momentos, lugares, familias, sentimiento. Equilibrio de la energ\u00eda.\/ Shutterstock.<\/span><span class=\"bkg\"\/><span class=\"picture-open\"><button class=\"open-image\" aria-label=\"Open Image\"\/><\/span><\/picture><\/div>\n<div class=\"sc-80531b6b-0 chRIGJ container-text text-embed\">\n<p>Consiste en administrar de<strong> manera efectiva la energ\u00eda f\u00edsica<\/strong>, <strong>emocional y mental,<\/strong> asegurando un equilibrio entre las actividades diarias y el descanso necesario.<\/p>\n<\/div>\n<div class=\"sc-80531b6b-0 chRIGJ container-text text-embed\">\n<p>En este punto, ser\u00e1 importante saber aprovechar los picos de productividad para tareas importantes y<strong> limitar el uso de dispositivos y redes sociales<\/strong> para mejorar la concentraci\u00f3n. Saber manejar la energ\u00eda permite ser m\u00e1s eficiente y sentirse menos agotado al final del d\u00eda.<\/p>\n<\/div>\n<div class=\"sc-80531b6b-0 chRIGJ container-text text-embed\">\n<p><strong>Estos 6 indicadores<\/strong> <strong>proporcionan una gu\u00eda integral <\/strong>para evaluar y mejorar el bienestar personal en sus dimensiones f\u00edsica y mental.<\/p>\n<\/div>\n<\/div>\n<p><br \/>\n<br \/><a href=\"https:\/\/www.clarin.com\/internacional\/6-indicadores-clave-medir-bienestar-fisico-mental-diego-kerner_0_ltw974HdvX.html\">Fuente Clarin.com <\/a><\/p>\n","protected":false},"excerpt":{"rendered":"<p>Diego Kerner es un destacado coach ejecutivo. Inici\u00f3 su carrera en el mundo corporativo, donde alcanz\u00f3 posiciones de liderazgo como gerente de marketing global y, con solo 34 a\u00f1os, fue miembro del directorio regional de Cadbury Adams. Posteriormente, se form\u00f3 como coach ontol\u00f3gico y se especializ\u00f3 en \u00e1reas como Creatividad, Facilitaci\u00f3n de Equipos de Trabajo, [&hellip;]<\/p>\n","protected":false},"author":1,"featured_media":3743,"comment_status":"open","ping_status":"open","sticky":false,"template":"","format":"standard","meta":{"footnotes":""},"categories":[2],"tags":[5786,272,880,3884,5784,5787,28,5785,421,16,227],"class_list":["post-3742","post","type-post","status-publish","format-standard","has-post-thumbnail","hentry","category-ultimas-noticias","tag-bienestar","tag-clave","tag-diego","tag-fisico","tag-indicadores","tag-kerner","tag-los","tag-medir","tag-mental","tag-para","tag-segun"],"_links":{"self":[{"href":"https:\/\/13.com.ar\/index.php\/wp-json\/wp\/v2\/posts\/3742","targetHints":{"allow":["GET"]}}],"collection":[{"href":"https:\/\/13.com.ar\/index.php\/wp-json\/wp\/v2\/posts"}],"about":[{"href":"https:\/\/13.com.ar\/index.php\/wp-json\/wp\/v2\/types\/post"}],"author":[{"embeddable":true,"href":"https:\/\/13.com.ar\/index.php\/wp-json\/wp\/v2\/users\/1"}],"replies":[{"embeddable":true,"href":"https:\/\/13.com.ar\/index.php\/wp-json\/wp\/v2\/comments?post=3742"}],"version-history":[{"count":0,"href":"https:\/\/13.com.ar\/index.php\/wp-json\/wp\/v2\/posts\/3742\/revisions"}],"wp:featuredmedia":[{"embeddable":true,"href":"https:\/\/13.com.ar\/index.php\/wp-json\/wp\/v2\/media\/3743"}],"wp:attachment":[{"href":"https:\/\/13.com.ar\/index.php\/wp-json\/wp\/v2\/media?parent=3742"}],"wp:term":[{"taxonomy":"category","embeddable":true,"href":"https:\/\/13.com.ar\/index.php\/wp-json\/wp\/v2\/categories?post=3742"},{"taxonomy":"post_tag","embeddable":true,"href":"https:\/\/13.com.ar\/index.php\/wp-json\/wp\/v2\/tags?post=3742"}],"curies":[{"name":"wp","href":"https:\/\/api.w.org\/{rel}","templated":true}]}}