{"id":3741,"date":"2025-02-11T04:47:29","date_gmt":"2025-02-11T07:47:29","guid":{"rendered":"https:\/\/13.com.ar\/index.php\/mariano-de-los-heros-de-anses-y-sonia-cavallo-de-la-embajada-argentina-ante-la-oea\/"},"modified":"2025-02-11T04:47:29","modified_gmt":"2025-02-11T07:47:29","slug":"mariano-de-los-heros-de-anses-y-sonia-cavallo-de-la-embajada-argentina-ante-la-oea","status":"publish","type":"post","link":"https:\/\/13.com.ar\/index.php\/mariano-de-los-heros-de-anses-y-sonia-cavallo-de-la-embajada-argentina-ante-la-oea\/","title":{"rendered":"Mariano de los Heros de ANSeS y Sonia Cavallo de la embajada argentina ante la OEA"},"content":{"rendered":"<p> <br \/>\n<br \/><img decoding=\"async\" src=\"https:\/\/13.com.ar\/wp-content\/uploads\/2025\/02\/sube-la-edad-jubilatoria-y-el-haber-sera-segun-los.jpg\" \/><\/p>\n<div id=\"cuerpo\">\n<div class=\"sc-80531b6b-0 chRIGJ container-text text-embed\">\n<p>El Gobierno oficializ\u00f3 este martes la <strong>renuncia que present\u00f3 Mariano de los Heros<\/strong> a su cargo de <strong>director ejecutivo de ANSeS<\/strong>. Lo hizo a trav\u00e9s del <strong>Decreto 69\/2025<\/strong>, publicado en la \u00faltima edici\u00f3n del <strong>Bolet\u00edn Oficial<\/strong>.<\/p>\n<\/div>\n<div class=\"sc-80531b6b-0 chRIGJ container-text text-embed\">\n<p>El documento, adem\u00e1s, formaliz\u00f3 la designaci\u00f3n en su <strong>reemplazo a partir de este martes <\/strong>de<strong> Fernando Bearzi<\/strong>, quien hasta el momento era subdirector ejecutivo de Operaciones del Fondo de Garant\u00eda de Sustentabilidad del organismo previsional.<\/p>\n<\/div>\n<div class=\"sc-80531b6b-0 chRIGJ container-text text-embed\">\n<p>En realidad, <strong>la dimisi\u00f3n <\/strong>de Mariano de los Heros<strong> fue solicitada por el Gobierno<\/strong>, luego de que el Presidente desmintiera declaraciones del funcionario que public\u00f3 <strong><em>Clar\u00edn<\/em><\/strong> en las que hablaba de una reforma previsional, y asegurara que ese tema \u201cno est\u00e1 en carpeta&#8221;.<\/p>\n<\/div>\n<div class=\"sc-80531b6b-0 chRIGJ container-text text-embed\">\n<p>\u201cMe parece<strong> un disparate<\/strong> que un funcionario de segunda l\u00ednea se tome el atrevimiento de hablar de un tema que no es parte de la agenda pol\u00edtica y no entender la secuencialidad de las reformas&#8221;, lanz\u00f3 Milei contra de los Heros en di\u00e1logo con <em>Radio Rivadavia<\/em>.<\/p>\n<\/div>\n<div class=\"sc-ad4aedf2-0 dPPgNJ border-video video-embed horizontal border-video video-embed horizontal\">\n<div class=\"sc-ad4aedf2-1 hnFuni videoText videoText\">\n<h2>Video<\/h2>\n<p>Javier Milei explic\u00f3 por qu\u00e9 ech\u00f3 a Mariano de los Heros<\/p>\n<\/div>\n<\/div>\n<div class=\"sc-80531b6b-0 chRIGJ container-text text-embed\">\n<p>El Presidente neg\u00f3 tener lista una reforma de ese tipo. &#8220;No puede pensarse si antes no se arregla la cuesti\u00f3n laboral. Yo tengo el 40% del mercado laboral en el sector informal. \u00bfC\u00f3mo voy a estar hablando de la reforma previsional, si ni siquiera pude poner en caja el mercado laboral porque tengo el 40% de la mano de obra en el segmento informal? Es un disparate&#8221;, coment\u00f3.<\/p>\n<\/div>\n<div class=\"sc-80531b6b-0 chRIGJ container-text text-embed\">\n<p>Y a\u00f1adi\u00f3: &#8220;Si yo me pas\u00e9 toda la campa\u00f1a hablando la secuencialidad de las reformas, c\u00f3mo se le va a ocurrir modificar mi agenda de reformas. Me parece una falta de respeto. Por lo tanto,<strong> vol\u00f3 por los aires<\/strong>, que es lo que correspond\u00eda&#8221;<\/p>\n<\/div>\n<p><h2>La decisi\u00f3n de prescindir de Sonia Cavallo<\/h2>\n<\/p>\n<div class=\"sc-80531b6b-0 chRIGJ container-text text-embed\">\n<p>En un Bolet\u00edn Oficial que fue publicado m\u00e1s de una hora despu\u00e9s de su horario habitual, el Gobierno tambi\u00e9n materializ\u00f3 la <strong>salida de Sonia Cavallo<\/strong>, hija del exministro de Econom\u00eda Domingo Cavallo, de su cargo de <strong>embajadora de Argentina ante la Organizaci\u00f3n de los Estados Americanos (OEA)<\/strong>.<\/p>\n<\/div>\n<div class=\"sc-80531b6b-0 chRIGJ container-text text-embed\">\n<p>Lo hizo a trav\u00e9s del <strong>Decreto 71\/2025<\/strong>, que lleva las firmas de Javier Milei y el canciller Gerardo Werthein, e indica que \u201cpor las presentes actuaciones y atento a razones de servicio tramita el traslado a la Rep\u00fablica de la funcionaria mencionada precedentemente\u201d.<\/p>\n<\/div>\n<div class=\"sc-ad4aedf2-0 dPPgNJ border-video video-embed horizontal border-video video-embed horizontal\">\n<div class=\"sc-ad4aedf2-1 hnFuni videoText videoText\">\n<h2>Video<\/h2>\n<p>Javier Milei habl\u00f3 sobre el despido de la hija de Domingo Cavallo<\/p>\n<\/div>\n<\/div>\n<div class=\"sc-80531b6b-0 chRIGJ container-text text-embed\">\n<p>La economista era una de las embajadoras pol\u00edticas del gobierno libertario y lleg\u00f3 a la OEA casi al principio de la gesti\u00f3n de Javier Milei, quien este mismo lunes calific\u00f3 a Domingo Cavallo, ex amigo y aliado, como \u201cimpresentable\u201d.<\/p>\n<\/div>\n<div class=\"sc-80531b6b-0 chRIGJ container-text text-embed\">\n<p>Todo hace pensar que su despido es fruto del enojo presidencial con su pap\u00e1 por marcar diferencias con el plan econ\u00f3mico y sugerir la conveniencia de una devaluaci\u00f3n. &#8220;Sin comentarios&#8221;, dijo la ahora desplazada embajadora ante la consulta de <strong><em>Clar\u00edn<\/em><\/strong>.<\/p>\n<\/div>\n<\/div>\n<p><br \/>\n<br \/><a href=\"https:\/\/www.clarin.com\/politica\/oficializan-recientes-salidas-gobierno-mariano-heros-anses-sonia-cavallo-embajada-argentina-oea_0_FQbCYm7UFA.html\">Fuente Clarin.com <\/a><\/p>\n","protected":false},"excerpt":{"rendered":"<p>El Gobierno oficializ\u00f3 este martes la renuncia que present\u00f3 Mariano de los Heros a su cargo de director ejecutivo de ANSeS. Lo hizo a trav\u00e9s del Decreto 69\/2025, publicado en la \u00faltima edici\u00f3n del Bolet\u00edn Oficial. El documento, adem\u00e1s, formaliz\u00f3 la designaci\u00f3n en su reemplazo a partir de este martes de Fernando Bearzi, quien hasta [&hellip;]<\/p>\n","protected":false},"author":1,"featured_media":3377,"comment_status":"open","ping_status":"open","sticky":false,"template":"","format":"standard","meta":{"footnotes":""},"categories":[2],"tags":[994,2759,288,4462,5748,5594,28,5593,3293,5626],"class_list":["post-3741","post","type-post","status-publish","format-standard","has-post-thumbnail","hentry","category-ultimas-noticias","tag-anses","tag-ante","tag-argentina","tag-cavallo","tag-embajada","tag-heros","tag-los","tag-mariano","tag-oea","tag-sonia"],"_links":{"self":[{"href":"https:\/\/13.com.ar\/index.php\/wp-json\/wp\/v2\/posts\/3741","targetHints":{"allow":["GET"]}}],"collection":[{"href":"https:\/\/13.com.ar\/index.php\/wp-json\/wp\/v2\/posts"}],"about":[{"href":"https:\/\/13.com.ar\/index.php\/wp-json\/wp\/v2\/types\/post"}],"author":[{"embeddable":true,"href":"https:\/\/13.com.ar\/index.php\/wp-json\/wp\/v2\/users\/1"}],"replies":[{"embeddable":true,"href":"https:\/\/13.com.ar\/index.php\/wp-json\/wp\/v2\/comments?post=3741"}],"version-history":[{"count":0,"href":"https:\/\/13.com.ar\/index.php\/wp-json\/wp\/v2\/posts\/3741\/revisions"}],"wp:featuredmedia":[{"embeddable":true,"href":"https:\/\/13.com.ar\/index.php\/wp-json\/wp\/v2\/media\/3377"}],"wp:attachment":[{"href":"https:\/\/13.com.ar\/index.php\/wp-json\/wp\/v2\/media?parent=3741"}],"wp:term":[{"taxonomy":"category","embeddable":true,"href":"https:\/\/13.com.ar\/index.php\/wp-json\/wp\/v2\/categories?post=3741"},{"taxonomy":"post_tag","embeddable":true,"href":"https:\/\/13.com.ar\/index.php\/wp-json\/wp\/v2\/tags?post=3741"}],"curies":[{"name":"wp","href":"https:\/\/api.w.org\/{rel}","templated":true}]}}