{"id":3740,"date":"2025-02-11T04:22:37","date_gmt":"2025-02-11T07:22:37","guid":{"rendered":"https:\/\/13.com.ar\/index.php\/cerro-una-secretaria-pero-rescato-a-un-funcionario-de-karina-milei\/"},"modified":"2025-02-11T04:22:37","modified_gmt":"2025-02-11T07:22:37","slug":"cerro-una-secretaria-pero-rescato-a-un-funcionario-de-karina-milei","status":"publish","type":"post","link":"https:\/\/13.com.ar\/index.php\/cerro-una-secretaria-pero-rescato-a-un-funcionario-de-karina-milei\/","title":{"rendered":"cerr\u00f3 una Secretar\u00eda pero rescat\u00f3 a un funcionario de Karina Milei"},"content":{"rendered":"<p> <br \/>\n<br \/><img decoding=\"async\" src=\"https:\/\/13.com.ar\/wp-content\/uploads\/2025\/02\/el-Gobierno-paga-US-640-millones-al-Fondo-y-espera.jpg\" \/><\/p>\n<div>\n<p>El Gobierno confirm\u00f3 este martes <strong>profundos cambios en la estructura del Ministerio de Econom\u00eda<\/strong>. Lo hizo por medio del decreto 70\/2025, que establece, entre otras cosas, la <strong>eliminaci\u00f3n de la Secretar\u00eda de Desarrollo Territorial, H\u00e1bitat y Vivienda<\/strong>, y dos de las tres Subsecretar\u00edas que la integraban.<\/p>\n<\/div>\n<div>\n<p>Seg\u00fan indica el texto del <strong>Bolet\u00edn Oficial<\/strong> que se public\u00f3 m\u00e1s de una hora despu\u00e9s de su horario habitual, se suprimieron las Subsecretar\u00edas de Desarrollo Territorial, y de H\u00e1bitat y Vivienda, mientras que <strong>la Subsecretar\u00eda de Integraci\u00f3n Socio-Urbana, que lidera Sebasti\u00e1n Pareja<\/strong>, armador pol\u00edtico de Karina Milei en la provincia de Buenos Aires, <strong>pas\u00f3 a depender de la Secretar\u00eda de Obras P\u00fablicas<\/strong>.<\/p>\n<\/div>\n<div>\n<p>La normativa lleva la firma del Presidente, Javier Milei, y del m\u00e1ximo responsable de la cartera econ\u00f3mica, Luis Caputo.<\/p>\n<\/div>\n<div>\n<p>As\u00ed el Ministerio de Econom\u00eda qued\u00f3 con 14 Secretar\u00edas: Legal y Administrativa; de Pol\u00edtica Econ\u00f3mica; de Hacienda; de Finanzas; de Coordinaci\u00f3n de Energ\u00eda y Miner\u00eda; de Energ\u00eda; de Miner\u00eda; de Coordinaci\u00f3n de Producci\u00f3n; de la Peque\u00f1a y Mediana Empresa, Emprendedores y Econom\u00eda del Conocimiento; de Industria y Comercio; de Agricultura, Ganader\u00eda y Pesca; de Coordinaci\u00f3n de Infraestructura; de Obras P\u00fablicas; y de Transporte.<\/p>\n<\/div>\n<div>\n<p>Seg\u00fan el art\u00edculo 10 del decreto, \u201cel personal que revista en la planta permanente y goce de estabilidad en la Secretar\u00eda de Desarrollo Territorial, H\u00e1bitat y Vivienda y en sus dependientes Subsecretar\u00eda de Desarrollo Territorial y Subsecretar\u00eda de H\u00e1bitat y Vivienda, que se suprimen por los art\u00edculos 1\u00ba y 8\u00ba del presente decreto, queda sujeto a las previsiones de lo dispuesto por el art\u00edculo 11 del Anexo I al Decreto N\u00b0 1421\/02, reglamentario de la Ley N\u00b0 25.164 y sus modificatorios\u201d. <\/p>\n<\/div>\n<div>\n<p>Esto significa que el personal de las \u00e1reas eliminadas queda sujeto a una reubicaci\u00f3n o a una desvinculaci\u00f3n, seg\u00fan el caso y conforme a esa normativa vigente<\/p>\n<\/div>\n<div>\n<p>El apartado siguiente, en tanto, instruye \u201cal \u00e1rea responsable de las acciones de personal del Ministerio de Econom\u00eda a arbitrar las medidas necesarias para dar cumplimiento a lo dispuesto por la Resoluci\u00f3n N\u00b0 1 del 8 de agosto de 2024 de la Secretar\u00eda de Transformaci\u00f3n del Estado y Funci\u00f3n P\u00fablica del Ministerio de Desregulaci\u00f3n y Transformaci\u00f3n del Estado\u201d, conducido por Federico Sturzenegger.<\/p>\n<\/div>\n<p><br \/>\n<br \/><a href=\"https:\/\/www.clarin.com\/politica\/gobierno-realizo-cambios-ministerio-economia-cerro-secretaria-rescato-funcionario-karina-milei_0_usJwGHY3IC.html\">Fuente Clarin.com <\/a><\/p>\n","protected":false},"excerpt":{"rendered":"<p>El Gobierno confirm\u00f3 este martes profundos cambios en la estructura del Ministerio de Econom\u00eda. Lo hizo por medio del decreto 70\/2025, que establece, entre otras cosas, la eliminaci\u00f3n de la Secretar\u00eda de Desarrollo Territorial, H\u00e1bitat y Vivienda, y dos de las tres Subsecretar\u00edas que la integraban. Seg\u00fan indica el texto del Bolet\u00edn Oficial que se [&hellip;]<\/p>\n","protected":false},"author":1,"featured_media":1433,"comment_status":"open","ping_status":"open","sticky":false,"template":"","format":"standard","meta":{"footnotes":""},"categories":[2],"tags":[424,638,4337,77,265,5783,2223,73],"class_list":["post-3740","post","type-post","status-publish","format-standard","has-post-thumbnail","hentry","category-ultimas-noticias","tag-cerro","tag-funcionario","tag-karina","tag-milei","tag-pero","tag-rescato","tag-secretaria","tag-una"],"_links":{"self":[{"href":"https:\/\/13.com.ar\/index.php\/wp-json\/wp\/v2\/posts\/3740","targetHints":{"allow":["GET"]}}],"collection":[{"href":"https:\/\/13.com.ar\/index.php\/wp-json\/wp\/v2\/posts"}],"about":[{"href":"https:\/\/13.com.ar\/index.php\/wp-json\/wp\/v2\/types\/post"}],"author":[{"embeddable":true,"href":"https:\/\/13.com.ar\/index.php\/wp-json\/wp\/v2\/users\/1"}],"replies":[{"embeddable":true,"href":"https:\/\/13.com.ar\/index.php\/wp-json\/wp\/v2\/comments?post=3740"}],"version-history":[{"count":0,"href":"https:\/\/13.com.ar\/index.php\/wp-json\/wp\/v2\/posts\/3740\/revisions"}],"wp:featuredmedia":[{"embeddable":true,"href":"https:\/\/13.com.ar\/index.php\/wp-json\/wp\/v2\/media\/1433"}],"wp:attachment":[{"href":"https:\/\/13.com.ar\/index.php\/wp-json\/wp\/v2\/media?parent=3740"}],"wp:term":[{"taxonomy":"category","embeddable":true,"href":"https:\/\/13.com.ar\/index.php\/wp-json\/wp\/v2\/categories?post=3740"},{"taxonomy":"post_tag","embeddable":true,"href":"https:\/\/13.com.ar\/index.php\/wp-json\/wp\/v2\/tags?post=3740"}],"curies":[{"name":"wp","href":"https:\/\/api.w.org\/{rel}","templated":true}]}}