{"id":37279,"date":"2025-06-26T13:57:31","date_gmt":"2025-06-26T16:57:31","guid":{"rendered":"https:\/\/13.com.ar\/index.php\/axel-kicillof-nombro-otros-93-jueces-en-la-provincia-y-ya-lleno-mas-de-200-vacantes\/"},"modified":"2025-06-26T13:57:31","modified_gmt":"2025-06-26T16:57:31","slug":"axel-kicillof-nombro-otros-93-jueces-en-la-provincia-y-ya-lleno-mas-de-200-vacantes","status":"publish","type":"post","link":"https:\/\/13.com.ar\/index.php\/axel-kicillof-nombro-otros-93-jueces-en-la-provincia-y-ya-lleno-mas-de-200-vacantes\/","title":{"rendered":"Axel Kicillof nombr\u00f3 otros 93 jueces en la Provincia y ya llen\u00f3 m\u00e1s de 200 vacantes"},"content":{"rendered":"<p> <br \/>\n<br \/><img decoding=\"async\" src=\"https:\/\/13.com.ar\/wp-content\/uploads\/2025\/06\/Por-la-pelea-interna-se-cayo-la-sesion-en-el.jpg\" \/><\/p>\n<div id=\"element-body-0\">\n<p>En un escenario de acuerdos pol\u00edticos fr\u00e1giles, donde los compromisos se pueden romper apenas con un gesto destemplado, <strong>el Senado bonaerense consigui\u00f3 unanimidad para la designaci\u00f3n de 93 jueces, fiscales y defensores para toda la Provincia propuestos por Axel Kicillof.<\/strong><\/p>\n<\/div>\n<div id=\"element-body-1\">\n<p><strong>La aprobaci\u00f3n se concret\u00f3 en la \u00faltima y controvertida sesi\u00f3n<\/strong> del cuerpo en la que tambi\u00e9n se vot\u00f3 <strong>la reelecci\u00f3n indefinida de legisladores, concejales y consejeros escolares, impulsada por el kirchnerismo y La C\u00e1mpora.<\/strong> Y constituye el segundo \u201cpaquete\u201d de nombramientos que se registran en menos de un mes. El 28 de mayo, el cuerpo deliberativo dio luz verde a 131 magistrados en un plenario que no tuvo controversias y que cont\u00f3 con el aval de todos los bloques que integran la Comisi\u00f3n de Acuerdos.<\/p>\n<\/div>\n<div id=\"element-body-2\">\n<p>La celeridad en este tr\u00e1mite -que siempre es complejo y de intensa negociaci\u00f3n- tiene varios soportes. El primero es operativo: la Provincia tiene m\u00e1s de 2.600 cargos en el Poder Judicial, repartidos en 18 departamentos. <strong>Hasta mediados de 2024 hab\u00eda casi un 25% de vacantes. Es decir, faltaban 644 jueces,<\/strong> camaristas, fiscales, defensores e integrantes de tribunales superiores que resent\u00edan severamente el servicio de justicia. Se acumularon en a\u00f1os por traslados, fallecimientos y jubilaciones.<\/p>\n<\/div>\n<div id=\"element-body-3\">\n<p>La mayor\u00eda con m\u00e1s de 2 a\u00f1os sin titular y algunos extremos, con 4 a\u00f1os de vacancia. El retraso afecta la administraci\u00f3n de Justicia, genera demoras en los procesos y sobrecarga en los juzgados y fiscal\u00edas que deben subrogar. <strong>Despu\u00e9s de este proceso acelerado de designaciones, quedar\u00edan, todav\u00eda, 230 sillones vac\u00edos.<\/strong><\/p>\n<\/div>\n<div id=\"element-body-4\">\n<p>Entre 2019 y 2024, hubo una par\u00e1lisis operativa del sistema de acuerdos y apenas se cubrieron 68 puestos. A partir de mediados del a\u00f1o pasado, el mecanismo se aceler\u00f3. En el parlamento coinciden en que la llegada de Juan Mart\u00edn Mena (de La C\u00e1mpora) al ministerio de Justicia (reemplaz\u00f3 a Julio Alak, actual intendente de La Plata) aceit\u00f3 los mecanismos que derivan en las designaciones.<\/p>\n<\/div>\n<div id=\"element-body-5\">\n<p>Tambi\u00e9n se explica por un poco trasl\u00facido arreglo pol\u00edtico. Se avanz\u00f3, entonces con 224 pliegos promovidos por el gobernador en dos sesiones consecutivas. En el medio, el oficialismo logr\u00f3 la controvertida reforma pol\u00edtica que permite habilitar re reelecciones indefinidas. A\u00fan falta el paso por Diputados, donde el panorama es m\u00e1s complejo.<\/p>\n<\/div>\n<div id=\"element-body-6\">\n<p><strong>Pero el peronismo hizo jugar los intereses de los bloques opositores en la designaci\u00f3n de funcionarios de la Justicia,<\/strong> para forzar el qu\u00f3rum y habilitar el debate. Por eso, adem\u00e1s de los integrantes de UxP, el n\u00famero para empezar el debate se consigui\u00f3 con el aval de dos legisladores opositores. As\u00ed, la sesi\u00f3n arranc\u00f3 con 27 bancas ocupadas: 20 del oficialismo; 3 de los \u201clibertarios blue\u201d, dos de UCR-Cambio Federal y dos del PRO.<\/p>\n<\/div>\n<div id=\"element-body-7\">\n<p><strong>Los 93 funcionarios judiciales son \u201chombres y mujeres del \u201csistema\u201d.<\/strong> Es decir, agentes que tienen a\u00f1os de transito en los pasillos de Tribunales y que han hilvanado v\u00ednculos pol\u00edticos en las jurisdicciones.<\/p>\n<\/div>\n<div id=\"element-body-8\">\n<p>De ah\u00ed proviene la mayor\u00eda holgada que el Senado consigui\u00f3 para la aprobaci\u00f3n de los pliegos. Todos los espacios con representaci\u00f3n en el parlamento lograron incluir en las listas candidatos propios.<\/p>\n<\/div>\n<div id=\"element-body-9\">\n<p>El PJ, La C\u00e1mpora y los intendentes del Conurbano empujaron las designaciones en Lomas de La Plata, Mor\u00f3n, Mercedes, Merlo, entro otros. <strong>Desde la bancada macrista, presidida por Cristian Gribaudo, se avanz\u00f3 con candidaturas para la cobertura de vacantes en San Nicol\u00e1s, Pergamino, Mar del Plata y Jun\u00edn.<\/strong> Todos territorios con manejo de intendentes del PRO.<\/p>\n<\/div>\n<div id=\"element-body-10\">\n<p>El radicalismo tambi\u00e9n ten\u00eda sus preferencias y una integrante de su bloque -Maria Lorena Mandagar\u00e1n- fue una de las que permiti\u00f3 habilitar el qu\u00f3rum en la sesi\u00f3n del martes. <strong>La legisladora hab\u00eda promovido magistrados para el departamento de Azul que consigui\u00f3 incorporar un pu\u00f1ado de cargos.<\/strong><\/p>\n<\/div>\n<div id=\"element-body-11\">\n<p>Seg\u00fan pudo averiguar <strong>Clar\u00edn<\/strong>, la concordancia para progresar con este esquema de avales hab\u00eda tenido encuentros preliminares hace m\u00e1s de un mes. A\u00fan antes de que el cristinismo presentara su proyecto de re reelecciones que intensific\u00f3 la tensi\u00f3n interna en el peronismo. Y previo, tambi\u00e9n a la decisi\u00f3n de la Corte Suprema de confirmar la condena a Cristina Kirchner por la causa Vialidad, que movi\u00f3 todas las piezas del tablero provincial.<\/p>\n<\/div>\n<div id=\"element-body-12\">\n<p>Ahora, resta un recorrido administrativo de estos pliegos para que lleguen a la firma de Kicillof, quien los pondr\u00e1 en funciones a trav\u00e9s de decretos respectivos.<\/p>\n<\/div>\n<p><br \/>\n<br \/><a href=\"https:\/\/www.clarin.com\/politica\/axel-kicillof-nombro-93-jueces-provincia-lleno-200-vacantes_0_Td25494AkP.html\">Fuente Clarin.com <\/a><\/p>\n","protected":false},"excerpt":{"rendered":"<p>En un escenario de acuerdos pol\u00edticos fr\u00e1giles, donde los compromisos se pueden romper apenas con un gesto destemplado, el Senado bonaerense consigui\u00f3 unanimidad para la designaci\u00f3n de 93 jueces, fiscales y defensores para toda la Provincia propuestos por Axel Kicillof. La aprobaci\u00f3n se concret\u00f3 en la \u00faltima y controvertida sesi\u00f3n del cuerpo en la que [&hellip;]<\/p>\n","protected":false},"author":1,"featured_media":30684,"comment_status":"open","ping_status":"open","sticky":false,"template":"","format":"standard","meta":{"footnotes":""},"categories":[2],"tags":[1687,6557,488,2418,155,8962,1103,490,8267],"class_list":["post-37279","post","type-post","status-publish","format-standard","has-post-thumbnail","hentry","category-ultimas-noticias","tag-axel","tag-jueces","tag-kicillof","tag-lleno","tag-mas","tag-nombro","tag-otros","tag-provincia","tag-vacantes"],"_links":{"self":[{"href":"https:\/\/13.com.ar\/index.php\/wp-json\/wp\/v2\/posts\/37279","targetHints":{"allow":["GET"]}}],"collection":[{"href":"https:\/\/13.com.ar\/index.php\/wp-json\/wp\/v2\/posts"}],"about":[{"href":"https:\/\/13.com.ar\/index.php\/wp-json\/wp\/v2\/types\/post"}],"author":[{"embeddable":true,"href":"https:\/\/13.com.ar\/index.php\/wp-json\/wp\/v2\/users\/1"}],"replies":[{"embeddable":true,"href":"https:\/\/13.com.ar\/index.php\/wp-json\/wp\/v2\/comments?post=37279"}],"version-history":[{"count":0,"href":"https:\/\/13.com.ar\/index.php\/wp-json\/wp\/v2\/posts\/37279\/revisions"}],"wp:featuredmedia":[{"embeddable":true,"href":"https:\/\/13.com.ar\/index.php\/wp-json\/wp\/v2\/media\/30684"}],"wp:attachment":[{"href":"https:\/\/13.com.ar\/index.php\/wp-json\/wp\/v2\/media?parent=37279"}],"wp:term":[{"taxonomy":"category","embeddable":true,"href":"https:\/\/13.com.ar\/index.php\/wp-json\/wp\/v2\/categories?post=37279"},{"taxonomy":"post_tag","embeddable":true,"href":"https:\/\/13.com.ar\/index.php\/wp-json\/wp\/v2\/tags?post=37279"}],"curies":[{"name":"wp","href":"https:\/\/api.w.org\/{rel}","templated":true}]}}