{"id":37278,"date":"2025-06-26T13:54:29","date_gmt":"2025-06-26T16:54:29","guid":{"rendered":"https:\/\/13.com.ar\/index.php\/el-gobierno-revela-que-el-rojo-por-la-salida-de-dolares-sera-cinco-veces-mayor-a-lo-previsto-con-el-fmi\/"},"modified":"2025-06-26T13:54:29","modified_gmt":"2025-06-26T16:54:29","slug":"el-gobierno-revela-que-el-rojo-por-la-salida-de-dolares-sera-cinco-veces-mayor-a-lo-previsto-con-el-fmi","status":"publish","type":"post","link":"https:\/\/13.com.ar\/index.php\/el-gobierno-revela-que-el-rojo-por-la-salida-de-dolares-sera-cinco-veces-mayor-a-lo-previsto-con-el-fmi\/","title":{"rendered":"el Gobierno revela que el rojo por la salida de d\u00f3lares ser\u00e1 cinco veces mayor a lo previsto con el FMI"},"content":{"rendered":"<p> <br \/>\n<br \/><img decoding=\"async\" src=\"https:\/\/13.com.ar\/wp-content\/uploads\/2025\/06\/el-Gobierno-interviene-con-fuerza-en-futuros-para-controlar-el.jpg\" \/><\/p>\n<div id=\"element-body-0\">\n<p>En medio de la misi\u00f3n del <strong>Fondo Monetario Internacional,<\/strong> el Gobierno revel\u00f3 que<strong> incumplir\u00e1 otra de las proyecciones<\/strong> que aparecen en el programa estrenado hace poco menos de tres meses. Se trata de la cuenta corriente de la balanza de pagos, <strong>un indicador que mide el ingreso y la salida de d\u00f3lares de la econom\u00eda <\/strong>(bienes, servicios, rentas y transferencias) y que para este a\u00f1o <strong>arrojar\u00e1 un d\u00e9ficit un 400% superior a lo previsto en los papeles<\/strong>, seg\u00fan el rec\u00e1lculo oficial.<\/p>\n<\/div>\n<div id=\"element-body-1\">\n<p>&#8220;Vivimos la crisis de Rusia, Tailandia, la Uni\u00f3n Europea, el elemento com\u00fan es un gran d\u00e9ficit de cuenta corriente, pero importa la calidad, la raz\u00f3n y la magnitud, <strong>un d\u00e9ficit del 2% en un pa\u00eds que crece al 6% (por Argentina) es algo absolutamente esperable<\/strong>, porque el d\u00e9ficit de cuenta corriente es la diferencia de todo el ingreso y lo que gasta el pa\u00eds o la diferencia entre ahorro e inversi\u00f3n&#8221;, dijo esta ma\u00f1ana el viceministro de Econom\u00eda, Jos\u00e9 Luis Daza.<\/p>\n<\/div>\n<div id=\"element-body-2\">\n<p>El funcionario comparti\u00f3 ese pron\u00f3stico en el foro econ\u00f3mico de Argentina organizado por el Instituto Internacional de Finanzas (IIF) en el Banco Galicia, lo que representa<strong> un rojo en el sector externo cinco veces superior al 0,4% del PBI<\/strong> estipulado para 2025 en el \u00faltimo staff report con el Fondo. All\u00ed, se habla de &#8220;un ligero d\u00e9ficit este a\u00f1o, lo que refleja t\u00e9rminos de intercambio menos favorables y una recuperaci\u00f3n c\u00edclica de la demanda interna&#8221;.<\/p>\n<\/div>\n<div id=\"element-body-3\">\n<p>&#8220;\u00bfQue vemos? Desahorro generado por el fisco y, por el lado del gasto, aumentando la inversi\u00f3n.<strong> Vamos a seguir monitoreando el d\u00e9ficit de cuenta corriente, pero nos sentimos c\u00f3modos<\/strong>. Hay un componente de gasto, pero en gran medida es explicado por la inversi\u00f3n. Si ven la regi\u00f3n van a ver pa\u00edses con d\u00e9ficits de 2,5% y 3% del PBI, pero creciendo al 2%&#8221;, explic\u00f3 Daza, y mencion\u00f3 los desbalances externos durante la \u00faltima crisis financiera de Espa\u00f1a (14%), Rumania (18%) y M\u00e9xico (7%).<\/p>\n<\/div>\n<div id=\"element-body-4\">\n<p>Si bien se trata de una proyecci\u00f3n y el Gobierno no est\u00e1 obligado a cumplir una meta, <strong>el n\u00famero es seguido de cerca por las autoridades del Fondo y los bancos de inversi\u00f3n en Wall Street<\/strong>. &#8220;Ese dato no lo hab\u00eda visto antes&#8221;, se sorprendi\u00f3 un economista presente en la charla.<\/p>\n<\/div>\n<div id=\"element-body-5\">\n<p>Las explicaciones del equipo de econ\u00f3mico se conocieron luego del dato de la balanza de pagos del INDEC que arroj\u00f3 un d\u00e9ficit externo de casi US$ 5200 millones en el primer trimestre de 2025, dejando atr\u00e1s los super\u00e1vits de 2024 y equivalente al 0,7% del PBI del primer trimestre, seg\u00fan el c\u00e1lculo de Outlier.<\/p>\n<\/div>\n<div id=\"element-body-6\">\n<p>&#8220;Ahora una cuesti\u00f3n a considerar es que el dato del PIB trimestral est\u00e1 anualizado, el PBI siempre es un dato anual. Con lo cual, una comparaci\u00f3n consistente <strong>nos habla de un d\u00e9ficit de CC de casi 3% del PBI durante el primer trimestre de 2025 que es muy superior al 0,4% explicitado por el FMI<\/strong> en el \u00faltimo acuerdo e, incluso, a nuestro 1,5\/2%&#8221;, se\u00f1al\u00f3 la consultora. <\/p>\n<\/div>\n<div id=\"element-body-7\">\n<p><strong>La salida de d\u00f3lares obedece a un menor super\u00e1vit comercial de bienes por el aumento de importaciones, un mayor d\u00e9ficit en servicios por el mayor turismo en el exterior y mayores importaciones de servicios<\/strong>, y un d\u00e9ficit de los ingresos primarios o rentas, un cuadro motivado por el &#8220;d\u00f3lar barato&#8221; que abarata la compra de bienes y servicios importados y los gastos en el exterior,  y encarece las exportaciones.<\/p>\n<\/div>\n<div id=\"element-body-8\">\n<p>De acuerdo con el INDEC, <strong>la mayor parte del financiamiento provino de desarme de activos externos y mayor endeudamiento<\/strong>. &#8220;En ese sentido, el sector p\u00fablico consolidado (Banco Central y sector p\u00fablico) aport\u00f3 una reducci\u00f3n de activos netos (activos en moneda extranjera \u2013 pasivos en moneda extranjera) de m\u00e1s de US$ 4.500 millones <strong>consistente con la ca\u00edda de reservas, el REPO y las cancelaciones de capital de Bonares y Globales de dicho per\u00edodo<\/strong>. El resto lo puso el sector privado&#8221;, se\u00f1al\u00f3 Outlier.<\/p>\n<\/div>\n<div id=\"element-body-9\">\n<p>Daza tambi\u00e9n se refiri\u00f3 al esquema cambiario y los cuestionamientos por la intervenci\u00f3n en el mercado del d\u00f3lar futuro. &#8220;Hoy tenemos un tipo de cambio flotante, los argentinos no est\u00e1n acostumbrados en donde no hay control de precios, control de cambios, no hay fijaci\u00f3n de precios, ni de tipo de cambio, y<strong> no est\u00e1n acostumbrados donde el tipo de cambio flota<\/strong>&#8220;, afirm\u00f3.<\/p>\n<\/div>\n<div id=\"element-body-10\">\n<p>Y agreg\u00f3: &#8220;<strong>Entiendo que la poblaci\u00f3n que no es especializada no comprenda y cuando ve poca volatilidad, digan &#8216;esto est\u00e1 controlado<\/strong>\ufeff&#8217;. El tipo de cambio no est\u00e1 planchado, no esta controlado, esta flotando y se va a determinar por la oferta y demanda de d\u00f3lares&#8221;.<\/p>\n<\/div>\n<p><br \/>\n<br \/><a href=\"https:\/\/www.clarin.com\/economia\/avisa-traiciona-gobierno-revela-rojo-salida-dolares-veces-mayor-previsto-fmi_0_uSRZj7S8Ee.html\">Fuente Clarin.com <\/a><\/p>\n","protected":false},"excerpt":{"rendered":"<p>En medio de la misi\u00f3n del Fondo Monetario Internacional, el Gobierno revel\u00f3 que incumplir\u00e1 otra de las proyecciones que aparecen en el programa estrenado hace poco menos de tres meses. Se trata de la cuenta corriente de la balanza de pagos, un indicador que mide el ingreso y la salida de d\u00f3lares de la econom\u00eda [&hellip;]<\/p>\n","protected":false},"author":1,"featured_media":36947,"comment_status":"open","ping_status":"open","sticky":false,"template":"","format":"standard","meta":{"footnotes":""},"categories":[2],"tags":[567,18,439,323,71,817,142,9268,1387,2698,443,153,834],"class_list":["post-37278","post","type-post","status-publish","format-standard","has-post-thumbnail","hentry","category-ultimas-noticias","tag-cinco","tag-con","tag-dolares","tag-fmi","tag-gobierno","tag-mayor","tag-por","tag-previsto","tag-revela","tag-rojo","tag-salida","tag-sera","tag-veces"],"_links":{"self":[{"href":"https:\/\/13.com.ar\/index.php\/wp-json\/wp\/v2\/posts\/37278","targetHints":{"allow":["GET"]}}],"collection":[{"href":"https:\/\/13.com.ar\/index.php\/wp-json\/wp\/v2\/posts"}],"about":[{"href":"https:\/\/13.com.ar\/index.php\/wp-json\/wp\/v2\/types\/post"}],"author":[{"embeddable":true,"href":"https:\/\/13.com.ar\/index.php\/wp-json\/wp\/v2\/users\/1"}],"replies":[{"embeddable":true,"href":"https:\/\/13.com.ar\/index.php\/wp-json\/wp\/v2\/comments?post=37278"}],"version-history":[{"count":0,"href":"https:\/\/13.com.ar\/index.php\/wp-json\/wp\/v2\/posts\/37278\/revisions"}],"wp:featuredmedia":[{"embeddable":true,"href":"https:\/\/13.com.ar\/index.php\/wp-json\/wp\/v2\/media\/36947"}],"wp:attachment":[{"href":"https:\/\/13.com.ar\/index.php\/wp-json\/wp\/v2\/media?parent=37278"}],"wp:term":[{"taxonomy":"category","embeddable":true,"href":"https:\/\/13.com.ar\/index.php\/wp-json\/wp\/v2\/categories?post=37278"},{"taxonomy":"post_tag","embeddable":true,"href":"https:\/\/13.com.ar\/index.php\/wp-json\/wp\/v2\/tags?post=37278"}],"curies":[{"name":"wp","href":"https:\/\/api.w.org\/{rel}","templated":true}]}}