{"id":37276,"date":"2025-06-26T13:51:39","date_gmt":"2025-06-26T16:51:39","guid":{"rendered":"https:\/\/13.com.ar\/index.php\/la-impactante-cifra-del-documental-y-un-testimonio-que-contradice-a-la-jueza-makintach\/"},"modified":"2025-06-26T13:51:39","modified_gmt":"2025-06-26T16:51:39","slug":"la-impactante-cifra-del-documental-y-un-testimonio-que-contradice-a-la-jueza-makintach","status":"publish","type":"post","link":"https:\/\/13.com.ar\/index.php\/la-impactante-cifra-del-documental-y-un-testimonio-que-contradice-a-la-jueza-makintach\/","title":{"rendered":"la impactante cifra del documental y un testimonio que contradice a la jueza Makintach"},"content":{"rendered":"<p> <br \/>\n<br \/><img decoding=\"async\" src=\"https:\/\/13.com.ar\/wp-content\/uploads\/2025\/06\/la-impactante-cifra-del-documental-y-un-testimonio-que-contradice.jpg\" \/><\/p>\n<div id=\"element-body-0\">\n<p>\u201c<em>La magistrada conoc\u00eda el contenido del proyecto y se encontraba absolutamente de acuerdo con su realizaci\u00f3n<\/em>\u201d. La afirmaci\u00f3n es del productor audiovisual y due\u00f1o de la <strong>productora La Doble S.A.<\/strong>, <strong>Jos\u00e9 Mar\u00eda Arnal Ponti<\/strong>, quien asegur\u00f3 que <strong>la jueza Julieta Makintach (47)<\/strong> autoriz\u00f3 la grabaci\u00f3n de im\u00e1genes del juicio por la muerte de <strong>Diego Armando Maradona (60)<\/strong>.<\/p>\n<\/div>\n<div id=\"element-body-1\">\n<p>En un escrito de 10 p\u00e1ginas presentado en la Fiscal\u00eda N\u00b0 1 de San Isidro por sus abogados <strong>Guillermo Arias y Alejandro Ramella<\/strong> \u2013al que tuvo acceso <strong>Clar\u00edn<\/strong>-, Arnal Ponti detall\u00f3 c\u00f3mo se gest\u00f3 el documental que llevaba el nombre de \u201c<strong>Justicia Divina<\/strong>\u201d y deriv\u00f3 en la nulidad del debate y la recusaci\u00f3n y posterior renuncia de Makintach.<\/p>\n<\/div>\n<div id=\"element-body-2\">\n<p>Arnal Ponti dijo que el proyecto del documental, que ten\u00eda una inversi\u00f3n estimada en <strong>800.000 d\u00f3lares<\/strong>, se lo present\u00f3 <strong>Juan Manuel \u201cChavo\u201d D&#8217;Emilio<\/strong>, a quien describi\u00f3 como \u201cun reconocido publicista\u201d al que \u201crespeta\u201d y conoce hace m\u00e1s de 20 a\u00f1os.<\/p>\n<\/div>\n<div id=\"element-body-3\">\n<div class=\"sc-c2c2a3c6-1 kQhBlc videoText videoText\">\n<h2>Video<\/h2>\n<p>As\u00ed es el primer cap\u00edtulo del pol\u00e9mico documental de la jueza que investigaba el caso Maradona<\/p>\n<\/div>\n<\/div>\n<div id=\"element-body-4\">\n<p>D&#8217;Emilio lleg\u00f3 con un guion que fue escrito por \u00e9l junto a <strong>Mar\u00eda L\u00eda Vidal Alem\u00e1n<\/strong>, que luego se supo que es amiga de la infancia de la jueza Makintach y fue quien declar\u00f3 en su momento que fue la que tuvo la idea de realizar este proyecto.<\/p>\n<\/div>\n<div id=\"element-body-5\">\n<p><em>\u201cEl se\u00f1or D&#8217;Emilio me inform\u00f3 a su vez -tambi\u00e9n desde nuestra primera conversaci\u00f3n sobre el tema- que la citada magistrada conoc\u00eda el contenido del proyecto y que se encontraba absolutamente de acuerdo con su realizaci\u00f3n\u201d<\/em>, declar\u00f3 por escrito el due\u00f1o de La Doble.<\/p>\n<\/div>\n<div id=\"element-body-6\">\n<p>Este fragmento de la declaraci\u00f3n contradice los dichos de la jueza a <strong>Clar\u00edn<\/strong>, en donde neg\u00f3 la realizaci\u00f3n de un documental, lo mismo que argument\u00f3 ante las partes en la audiencia donde fue recusada por todos los abogados que intervinieron en el debate por la muerte del &#8220;Diez&#8221;.<\/p>\n<\/div>\n<div id=\"element-body-7\">\n<p>La productora se interes\u00f3 en el proyecto y mantuvo reuniones con D&#8217;Emilio y Vidal Alem\u00e1n, pero de las que no particip\u00f3 la magistrada, aclar\u00f3 Arnal Pont, que est\u00e1 siendo investigado en la causa que llevan adelante <strong>los fiscales Carolina Asprella, Cecilia Chaieb y Jos\u00e9 Amallo<\/strong>.<\/p>\n<\/div>\n<div id=\"element-body-8\">\n<p>Makintach renunci\u00f3 este martes, el mismo d\u00eda que en el Senado bonaerense, en La Plata, empez\u00f3 a analizarse su conducta en un Jury de Enjuiciamiento.<\/p>\n<\/div>\n<p><br \/>\n<br \/><a href=\"https:\/\/www.clarin.com\/policiales\/juicio-muerte-maradona-impactante-cifra-documental-testimonio-contradice-jueza-makintach_0_hG5LlVyN94.html\">Fuente Clarin.com <\/a><\/p>\n","protected":false},"excerpt":{"rendered":"<p>\u201cLa magistrada conoc\u00eda el contenido del proyecto y se encontraba absolutamente de acuerdo con su realizaci\u00f3n\u201d. La afirmaci\u00f3n es del productor audiovisual y due\u00f1o de la productora La Doble S.A., Jos\u00e9 Mar\u00eda Arnal Ponti, quien asegur\u00f3 que la jueza Julieta Makintach (47) autoriz\u00f3 la grabaci\u00f3n de im\u00e1genes del juicio por la muerte de Diego Armando [&hellip;]<\/p>\n","protected":false},"author":1,"featured_media":37277,"comment_status":"open","ping_status":"open","sticky":false,"template":"","format":"standard","meta":{"footnotes":""},"categories":[2],"tags":[233,22079,100,3060,232,7402,19103,6286],"class_list":["post-37276","post","type-post","status-publish","format-standard","has-post-thumbnail","hentry","category-ultimas-noticias","tag-cifra","tag-contradice","tag-del","tag-documental","tag-impactante","tag-jueza","tag-makintach","tag-testimonio"],"_links":{"self":[{"href":"https:\/\/13.com.ar\/index.php\/wp-json\/wp\/v2\/posts\/37276","targetHints":{"allow":["GET"]}}],"collection":[{"href":"https:\/\/13.com.ar\/index.php\/wp-json\/wp\/v2\/posts"}],"about":[{"href":"https:\/\/13.com.ar\/index.php\/wp-json\/wp\/v2\/types\/post"}],"author":[{"embeddable":true,"href":"https:\/\/13.com.ar\/index.php\/wp-json\/wp\/v2\/users\/1"}],"replies":[{"embeddable":true,"href":"https:\/\/13.com.ar\/index.php\/wp-json\/wp\/v2\/comments?post=37276"}],"version-history":[{"count":0,"href":"https:\/\/13.com.ar\/index.php\/wp-json\/wp\/v2\/posts\/37276\/revisions"}],"wp:featuredmedia":[{"embeddable":true,"href":"https:\/\/13.com.ar\/index.php\/wp-json\/wp\/v2\/media\/37277"}],"wp:attachment":[{"href":"https:\/\/13.com.ar\/index.php\/wp-json\/wp\/v2\/media?parent=37276"}],"wp:term":[{"taxonomy":"category","embeddable":true,"href":"https:\/\/13.com.ar\/index.php\/wp-json\/wp\/v2\/categories?post=37276"},{"taxonomy":"post_tag","embeddable":true,"href":"https:\/\/13.com.ar\/index.php\/wp-json\/wp\/v2\/tags?post=37276"}],"curies":[{"name":"wp","href":"https:\/\/api.w.org\/{rel}","templated":true}]}}