{"id":37274,"date":"2025-06-26T13:42:30","date_gmt":"2025-06-26T16:42:30","guid":{"rendered":"https:\/\/13.com.ar\/index.php\/como-es-la-lujosa-torre-de-puerto-madero-donde-jose-alperovich-cumplira-su-condena-por-violacion\/"},"modified":"2025-06-26T13:42:30","modified_gmt":"2025-06-26T16:42:30","slug":"como-es-la-lujosa-torre-de-puerto-madero-donde-jose-alperovich-cumplira-su-condena-por-violacion","status":"publish","type":"post","link":"https:\/\/13.com.ar\/index.php\/como-es-la-lujosa-torre-de-puerto-madero-donde-jose-alperovich-cumplira-su-condena-por-violacion\/","title":{"rendered":"C\u00f3mo es la lujosa torre de Puerto Madero donde Jos\u00e9 Alperovich cumplir\u00e1 su condena por violaci\u00f3n"},"content":{"rendered":"<p> <br \/>\n<br \/><img decoding=\"async\" src=\"https:\/\/13.com.ar\/wp-content\/uploads\/2025\/06\/Como-es-la-lujosa-torre-de-Puerto-Madero-donde-Jose.jpg\" \/><\/p>\n<div id=\"element-body-0\">\n<p>Despu\u00e9s de un a\u00f1o, el exgobernador y exsenador de Tucum\u00e1n, <strong>Jos\u00e9 Alperovich<\/strong>, dejar\u00e1 el penal de Ezeiza para cumplir lo que le queda de condena en su departamento de Puerto Madero.<\/p>\n<\/div>\n<div id=\"element-body-1\">\n<p>El juez Juan Ramos Padilla accedi\u00f3 al pedido de excarcelaci\u00f3n que ya hab\u00eda sido rechazado en varias oportunidades. La familia de Alperovich hab\u00eda argumentado cuestiones vinculadas a su salud para conseguir el beneficio pero no fue hasta ahora, despu\u00e9s de un a\u00f1o en la c\u00e1rcel y luego de que cumpliera los 70 a\u00f1os, que autoriz\u00f3 la domiciliaria.<\/p>\n<\/div>\n<div id=\"element-body-2\">\n<p>Alperovich fue condenado el 18 de junio de 2024 a <strong>16 a\u00f1os de pena<\/strong> por por nueve hechos de abuso sexual (tres en tentativa) e inhabilitaci\u00f3n perpetua para ejercer cargos p\u00fablicos.<\/p>\n<\/div>\n<div id=\"element-body-3\">\n<p>Pas\u00f3 sus primeras semanas en el hospital penitenciario de Ezeiza y luego lo ubicaron en el pabell\u00f3n de abusadores. Sus hijos realizaron una campa\u00f1a en redes sociales para cuestionar la condena y exigir la liberaci\u00f3n pero no lo consiguieron. <\/p>\n<\/div>\n<div id=\"element-body-4\">\n<p>Los abogados de Alperovich hab\u00edan ofrecido un domicilio en una casa quinta en un barrio cerrado de la provincia de Buenos Aires. Algo que el juez rechaz\u00f3 al considerar que &#8220;el ofrecimiento de ese inmueble, es otra <strong>manifestaci\u00f3n innecesaria de ostentaci\u00f3n<\/strong>&#8220;. Adem\u00e1s porque quedaba fuera de su jurisdicci\u00f3n.<\/p>\n<\/div>\n<div id=\"element-body-5\">\n<p>Los hijos del ex gobernador Gabriel (46), Mariana (44), Sara (42) y Daniel  (35) Alperovich fueron designados como &#8220;referentes&#8221; y estar\u00e1n encargados de la guarda de su padre &#8220;de forma conjunta, sucesiva o alternativamente&#8221;. <\/p>\n<\/div>\n<div id=\"element-body-7\">\n<p>Los familiares se ofrecieron como fiadores y se comprometieron a convivir con \u00e9l las 24 horas del d\u00eda en los departamentos &#8220;C1&#8221; o &#8220;C2&#8221; del piso 4\u00b0 de la <strong>Torre Zafiro del Complejo Zencity de Puerto Madero<\/strong>.<\/p>\n<\/div>\n<div id=\"element-body-8\">\n<p>Este domicilio fue la propuesta subsidiaria que ofrecieron y finalmente la que acept\u00f3 el juez.<\/p>\n<\/div>\n<div id=\"element-body-9\">\n<p>Las unidades C1 y C2 son propiedad de Alperovich y de su familia y el lugar en el que se alojaban cuando viajaban a Buenos Aires, sobre todo cuando el ahora condenado era senador nacional. <\/p>\n<\/div>\n<div id=\"element-body-10\">\n<p>Tienen entrada independiente y se unen por una puerta de servicio. Una de esas propiedades tiene tres habitaciones y un balc\u00f3n y fue all\u00ed donde se cometieron al menos dos de los abusos por los que Alperovich fue condenado. <\/p>\n<\/div>\n<div id=\"element-body-12\">\n<p>El complejo Zencity est\u00e1 en el Dique N\u00b01 de Puerto Madero, en Rosario Vera Pe\u00f1aloza\u202f599, en una superficie de 150.000\u202fmetros cuadrados con cuatro torres: \u00d3nix, Rub\u00ed, \u00c1mbar, Zafiro y un edificio de oficinas. <\/p>\n<\/div>\n<div id=\"element-body-13\">\n<p>La Torre Zafiro tiene planta baja y nueve pisos con departamentos aterrazados, algunos (los Penthouse de 357\u202fmetros cuadrados) incluyen piletas dentro del departamento. <\/p>\n<\/div>\n<div id=\"element-body-15\">\n<p>El complejo tiene una plaza central de 8.500\u202fmetros cuadrados con jardines, cascadas y piscinas de uso compartido, exteriores, climatizadas e hidromasajes. <\/p>\n<\/div>\n<div id=\"element-body-16\">\n<p>Adem\u00e1s de gimnasio, spa, microcine, Sal\u00f3n de Usos M\u00faltiples, sala infantil, jaulas de golf. Tambi\u00e9n seguridad 24\u202fhoras, control de acceso y cochera.<\/p>\n<\/div>\n<p><br \/>\n<br \/><a href=\"https:\/\/www.clarin.com\/policiales\/lujosa-torre-puerto-madero-jose-alperovich-cumplira-condena-violacion_0_5sS8Bgs9oJ.html\">Fuente Clarin.com <\/a><\/p>\n","protected":false},"excerpt":{"rendered":"<p>Despu\u00e9s de un a\u00f1o, el exgobernador y exsenador de Tucum\u00e1n, Jos\u00e9 Alperovich, dejar\u00e1 el penal de Ezeiza para cumplir lo que le queda de condena en su departamento de Puerto Madero. El juez Juan Ramos Padilla accedi\u00f3 al pedido de excarcelaci\u00f3n que ya hab\u00eda sido rechazado en varias oportunidades. La familia de Alperovich hab\u00eda argumentado [&hellip;]<\/p>\n","protected":false},"author":1,"featured_media":37275,"comment_status":"open","ping_status":"open","sticky":false,"template":"","format":"standard","meta":{"footnotes":""},"categories":[2],"tags":[2291,66,4668,6066,743,3473,10424,262,142,261,1453,8382],"class_list":["post-37274","post","type-post","status-publish","format-standard","has-post-thumbnail","hentry","category-ultimas-noticias","tag-alperovich","tag-como","tag-condena","tag-cumplira","tag-donde","tag-jose","tag-lujosa","tag-madero","tag-por","tag-puerto","tag-torre","tag-violacion"],"_links":{"self":[{"href":"https:\/\/13.com.ar\/index.php\/wp-json\/wp\/v2\/posts\/37274","targetHints":{"allow":["GET"]}}],"collection":[{"href":"https:\/\/13.com.ar\/index.php\/wp-json\/wp\/v2\/posts"}],"about":[{"href":"https:\/\/13.com.ar\/index.php\/wp-json\/wp\/v2\/types\/post"}],"author":[{"embeddable":true,"href":"https:\/\/13.com.ar\/index.php\/wp-json\/wp\/v2\/users\/1"}],"replies":[{"embeddable":true,"href":"https:\/\/13.com.ar\/index.php\/wp-json\/wp\/v2\/comments?post=37274"}],"version-history":[{"count":0,"href":"https:\/\/13.com.ar\/index.php\/wp-json\/wp\/v2\/posts\/37274\/revisions"}],"wp:featuredmedia":[{"embeddable":true,"href":"https:\/\/13.com.ar\/index.php\/wp-json\/wp\/v2\/media\/37275"}],"wp:attachment":[{"href":"https:\/\/13.com.ar\/index.php\/wp-json\/wp\/v2\/media?parent=37274"}],"wp:term":[{"taxonomy":"category","embeddable":true,"href":"https:\/\/13.com.ar\/index.php\/wp-json\/wp\/v2\/categories?post=37274"},{"taxonomy":"post_tag","embeddable":true,"href":"https:\/\/13.com.ar\/index.php\/wp-json\/wp\/v2\/tags?post=37274"}],"curies":[{"name":"wp","href":"https:\/\/api.w.org\/{rel}","templated":true}]}}