{"id":37270,"date":"2025-06-26T13:33:36","date_gmt":"2025-06-26T16:33:36","guid":{"rendered":"https:\/\/13.com.ar\/index.php\/mbappe-denuncia-al-psg-por-acoso-moral-y-le-reclama-55-millones-de-euros\/"},"modified":"2025-06-26T13:33:36","modified_gmt":"2025-06-26T16:33:36","slug":"mbappe-denuncia-al-psg-por-acoso-moral-y-le-reclama-55-millones-de-euros","status":"publish","type":"post","link":"https:\/\/13.com.ar\/index.php\/mbappe-denuncia-al-psg-por-acoso-moral-y-le-reclama-55-millones-de-euros\/","title":{"rendered":"Mbapp\u00e9 denuncia al PSG por &#8220;acoso moral&#8221; y le reclama 55 millones de euros"},"content":{"rendered":"<p> <br \/>\n<br \/><img decoding=\"async\" src=\"https:\/\/13.com.ar\/wp-content\/uploads\/2025\/06\/Mbappe-denuncia-al-PSG-por-acoso-moral-y-le-reclama.jpg\" \/><\/p>\n<div id=\"element-body-0\">\n<p>El delantero franc\u00e9s del <strong>Real Madrid<\/strong>, <strong>Kylian Mbapp\u00e9<\/strong>, denunci\u00f3 por <strong>&#8220;acoso moral&#8221;<\/strong> a su ex club <strong>Paris Saint Germain<\/strong> por haberlo apartado del primer equipo en el marco de negociaciones contractuales y le <strong>reclama al club 55 millones de euros<\/strong>.<\/p>\n<\/div>\n<div id=\"element-body-1\">\n<p>En ese contexto de conflicto entre el campe\u00f3n de Europa y el artillero campe\u00f3n del mundo con Francia en 2018, la <strong>justicia francesa abri\u00f3 este martes una investigaci\u00f3n<\/strong> por la denuncia del futbolista.<\/p>\n<\/div>\n<div id=\"element-body-2\">\n<p>En 2023, como <strong>medida de presi\u00f3n para que renovara su contrato o dejara el club<\/strong>, la dirigencia mand\u00f3 al jugador a entrenar con los juveniles y, tras dos a\u00f1os de esa situaci\u00f3n, el goleador inici\u00f3 la causa judicial.<\/p>\n<\/div>\n<div id=\"element-body-3\">\n<p>La denuncia fue anunciada el mes pasado por los abogados del ahora jugador del Real Madrid y desemboc\u00f3, inform\u00f3 EFE, en el nombramiento de dos jueces de instrucci\u00f3n para investigar los hechos.<\/p>\n<\/div>\n<div id=\"element-body-5\">\n<p>Mbapp\u00e9, que anunci\u00f3 a principios de la temporada 2023\/2024 que no cumplir\u00eda el tercer a\u00f1o de contrato opcional con el PSG, fue apartado del primer equipo.<\/p>\n<\/div>\n<div id=\"element-body-6\">\n<p>El presidente del club, Nasser Al Khelaifi, asegur\u00f3 que era una medida para incitarlo a renovar su contrato o marcharse de forma inmediata, lo que habr\u00eda permitido ingresar una indemnizaci\u00f3n de transferencia.<\/p>\n<\/div>\n<div id=\"element-body-7\">\n<p>Durante un mes, el delantero entren\u00f3 con el segundo equipo antes de que finalmente fuera reintegrado en la primera plantilla, que dirig\u00eda Luis Enrique, tras un presunto acuerdo con el presidente de la entidad parisina.<\/p>\n<\/div>\n<div id=\"element-body-8\">\n<p>El jugador neg\u00f3 ese acuerdo y ahora le reclama al club el pago de 55 millones de euros en concepto de atrasos que el PSG considera que corresponden a ese trato verbal.<\/p>\n<\/div>\n<div id=\"element-body-9\">\n<p>El caso super\u00f3 las diferentes instancias deportivas y el club aspira a que llegue a la justicia laboral. En paralelo, los abogados de Mbapp\u00e9 anunciaron una bater\u00eda de medidas legales contra el club para que aceptara el pago de esos atrasos.<\/p>\n<\/div>\n<div id=\"element-body-10\">\n<p>Entre ellas, la demanda por haberlo apartado del primer equipo, una pr\u00e1ctica que viene denunciando desde hace tiempo el sindicato de jugadores.<\/p>\n<\/div>\n<div id=\"element-body-11\">\n<p>Mbapp\u00e9 se fue libre al Real Madrid al final de la temporada 2023\/2024, lo que provoc\u00f3 la ira del club, que confisc\u00f3 esos 55 millones.<\/p>\n<\/div>\n<p><br \/>\n<br \/><a href=\"https:\/\/www.clarin.com\/deportes\/mbappe-denuncia-psg-acoso-moral-reclama-55-millones-euros_0_oWItTVgGpk.html\">Fuente Clarin.com <\/a><\/p>\n","protected":false},"excerpt":{"rendered":"<p>El delantero franc\u00e9s del Real Madrid, Kylian Mbapp\u00e9, denunci\u00f3 por &#8220;acoso moral&#8221; a su ex club Paris Saint Germain por haberlo apartado del primer equipo en el marco de negociaciones contractuales y le reclama al club 55 millones de euros. En ese contexto de conflicto entre el campe\u00f3n de Europa y el artillero campe\u00f3n del [&hellip;]<\/p>\n","protected":false},"author":1,"featured_media":37271,"comment_status":"open","ping_status":"open","sticky":false,"template":"","format":"standard","meta":{"footnotes":""},"categories":[2],"tags":[2711,4036,8533,6040,1065,19419,142,6035,75],"class_list":["post-37270","post","type-post","status-publish","format-standard","has-post-thumbnail","hentry","category-ultimas-noticias","tag-acoso","tag-denuncia","tag-euros","tag-mbappe","tag-millones","tag-moral","tag-por","tag-psg","tag-reclama"],"_links":{"self":[{"href":"https:\/\/13.com.ar\/index.php\/wp-json\/wp\/v2\/posts\/37270","targetHints":{"allow":["GET"]}}],"collection":[{"href":"https:\/\/13.com.ar\/index.php\/wp-json\/wp\/v2\/posts"}],"about":[{"href":"https:\/\/13.com.ar\/index.php\/wp-json\/wp\/v2\/types\/post"}],"author":[{"embeddable":true,"href":"https:\/\/13.com.ar\/index.php\/wp-json\/wp\/v2\/users\/1"}],"replies":[{"embeddable":true,"href":"https:\/\/13.com.ar\/index.php\/wp-json\/wp\/v2\/comments?post=37270"}],"version-history":[{"count":0,"href":"https:\/\/13.com.ar\/index.php\/wp-json\/wp\/v2\/posts\/37270\/revisions"}],"wp:featuredmedia":[{"embeddable":true,"href":"https:\/\/13.com.ar\/index.php\/wp-json\/wp\/v2\/media\/37271"}],"wp:attachment":[{"href":"https:\/\/13.com.ar\/index.php\/wp-json\/wp\/v2\/media?parent=37270"}],"wp:term":[{"taxonomy":"category","embeddable":true,"href":"https:\/\/13.com.ar\/index.php\/wp-json\/wp\/v2\/categories?post=37270"},{"taxonomy":"post_tag","embeddable":true,"href":"https:\/\/13.com.ar\/index.php\/wp-json\/wp\/v2\/tags?post=37270"}],"curies":[{"name":"wp","href":"https:\/\/api.w.org\/{rel}","templated":true}]}}