{"id":36857,"date":"2025-06-25T11:09:30","date_gmt":"2025-06-25T14:09:30","guid":{"rendered":"https:\/\/13.com.ar\/index.php\/iran-admite-graves-danos-en-sus-instalaciones-nucleares-pero-les-resta-importancia-son-cuestiones-tecnicas\/"},"modified":"2025-06-25T11:09:30","modified_gmt":"2025-06-25T14:09:30","slug":"iran-admite-graves-danos-en-sus-instalaciones-nucleares-pero-les-resta-importancia-son-cuestiones-tecnicas","status":"publish","type":"post","link":"https:\/\/13.com.ar\/index.php\/iran-admite-graves-danos-en-sus-instalaciones-nucleares-pero-les-resta-importancia-son-cuestiones-tecnicas\/","title":{"rendered":"Ir\u00e1n admite &#8220;graves da\u00f1os&#8221; en sus instalaciones nucleares, pero les resta importancia: &#8220;Son cuestiones t\u00e9cnicas&#8221;"},"content":{"rendered":"<p> <br \/>\n<br \/><img decoding=\"async\" src=\"https:\/\/13.com.ar\/wp-content\/uploads\/2025\/06\/Las-imagenes-satelitales-que-muestran-el-impacto-del-bombardeo-de.jpg\" \/><\/p>\n<div id=\"element-body-0\">\n<p>Para Donald Trump, el ataque de Estados Unidos, con bombas antib\u00fanker, caus\u00f3 un da\u00f1o absoluto y total <strong>a las plantas nucleares iran\u00edes<\/strong>, cuando un informe de inteligencia preliminar afirma que en realidad el da\u00f1o fue menor.<strong> Ir\u00e1n admiti\u00f3 haber sufrido da\u00f1os, pero intent\u00f3 minimizarlos.<\/strong><\/p>\n<\/div>\n<div id=\"element-body-1\">\n<p>&#8220;S\u00ed, nuestras instalaciones nucleares <strong>han sufrido graves da\u00f1os.<\/strong> Esto es cierto porque <strong>han sido objeto de repetidos ataques<\/strong>&#8220;, declar\u00f3 el portavoz del Ministerio de Asuntos Exteriores iran\u00ed, Esmail Baghaei, al ser preguntado por Al Jazeera sobre las condiciones de las plantas tras los ataques estadounidenses e israel\u00edes.<\/p>\n<\/div>\n<div id=\"element-body-2\">\n<p>Pero el vocero le rest\u00f3 importancia, al considerar que es meramente<strong> un asunto t\u00e9cnico.<\/strong><\/p>\n<\/div>\n<div id=\"element-body-3\">\n<p>&#8220;No tengo nada que a\u00f1adir al respecto, ya que se trata de un asunto t\u00e9cnico&#8221;, continu\u00f3, se\u00f1alando que la Organizaci\u00f3n de Energ\u00eda At\u00f3mica de Ir\u00e1n y otras agencias pertinentes se est\u00e1n ocupando del asunto.<\/p>\n<\/div>\n<div id=\"element-body-5\">\n<p>Baghaei afirm\u00f3 que <strong>Ir\u00e1n planea seguir desarrollando la energ\u00eda nuclear.<\/strong><\/p>\n<\/div>\n<div id=\"element-body-6\">\n<p>&#8220;Lo que debo decir es que <strong>el derecho de Ir\u00e1n a la energ\u00eda nuclear pac\u00edfica permanece intacto<\/strong>. Ir\u00e1n tiene todo el derecho, en virtud del TNP (Tratado sobre la No Proliferaci\u00f3n de las Armas Nucleares), a disfrutar del uso de la energ\u00eda nuclear con fines pac\u00edficos. Y est\u00e1 dispuesto a reservarse ese derecho bajo cualquier circunstancia&#8221;.<\/p>\n<\/div>\n<div id=\"element-body-8\">\n<p>Al ser presionado sobre la magnitud de los da\u00f1os infligidos a sus instalaciones nucleares y el estado de las reservas de uranio enriquecido, Baghaei volvi\u00f3 a esquivar la pregunta y dijo que estos <strong>deber\u00edan ser &#8220;asuntos secundarios&#8221; para la comunidad internacional.<\/strong><\/p>\n<\/div>\n<div id=\"element-body-9\">\n<p>&#8220;La principal preocupaci\u00f3n de la comunidad internacional debe ser condenar estos actos ilegales de Estados Unidos&#8221;, declar\u00f3, calificando los ataques de &#8220;golpe perjudicial&#8221; para el derecho internacional, la diplomacia y la \u00e9tica.<\/p>\n<\/div>\n<div id=\"element-body-11\">\n<p>\u201cCreo que es realmente una muy mala se\u00f1al que muchas personas en todo el mundo est\u00e9n tratando de subestimar la profundidad y la gravedad del acto de agresi\u00f3n estadounidense contra Ir\u00e1n y ahora est\u00e9n hablando del nivel de los ataques o su efectividad\u201d, conden\u00f3.<\/p>\n<\/div>\n<div id=\"element-body-12\">\n<p>El argumento israel\u00ed de que Ir\u00e1n contaba ya con una bomba at\u00f3mica llev\u00f3 a Netanyahu el viernes 13 de junio a lanzar un feroz ataque contra Ir\u00e1n, desatando una guerra que dur\u00f3 12 d\u00edas, con la intervenci\u00f3n final de Estados Unidos, el s\u00e1bado \u00faltimo.<\/p>\n<\/div>\n<div id=\"element-body-14\">\n<p>Estados Unidos atac\u00f3 al menos tres instalaciones nucleares iran\u00edes, entre ellas, la planta de Fordow, enterrado bajo una monta\u00f1a rocosa a m\u00e1s de 100 metros de profundidad.<\/p>\n<\/div>\n<div id=\"element-body-15\">\n<p>Un informe preliminar de inteligencia filtrado a la CNN y a The New York Times sostiene que las poderosas bombas norteamericanas apenas retrasaron el programa nuclear iran\u00ed algunos meses y no d\u00e9cadas como dice Trump.<\/p>\n<\/div>\n<div id=\"element-body-16\">\n<p>El presidente de Estados Unidos rest\u00f3 importancia al informe. Dijo que era preliminar, compar\u00f3 el ataque norteamericano del s\u00e1bado como el de Hiroshima y Nagasaki, y adelant\u00f3 que un pronto informe israel\u00ed dar\u00e1 detalles sobre los da\u00f1os.<\/p>\n<\/div>\n<div id=\"element-body-17\">\n<p><em>Con informaci\u00f3n de ANSA y Al Jazeera<\/em><\/p>\n<\/div>\n<p><br \/>\n<br \/><a href=\"https:\/\/www.clarin.com\/mundo\/iran-admite-graves-danos-instalaciones-nucleares-resta-importancia-cuestiones-tecnicas_0_ZG55dp1Nl8.html\">Fuente Clarin.com <\/a><\/p>\n","protected":false},"excerpt":{"rendered":"<p>Para Donald Trump, el ataque de Estados Unidos, con bombas antib\u00fanker, caus\u00f3 un da\u00f1o absoluto y total a las plantas nucleares iran\u00edes, cuando un informe de inteligencia preliminar afirma que en realidad el da\u00f1o fue menor. Ir\u00e1n admiti\u00f3 haber sufrido da\u00f1os, pero intent\u00f3 minimizarlos. &#8220;S\u00ed, nuestras instalaciones nucleares han sufrido graves da\u00f1os. Esto es cierto [&hellip;]<\/p>\n","protected":false},"author":1,"featured_media":36051,"comment_status":"open","ping_status":"open","sticky":false,"template":"","format":"standard","meta":{"footnotes":""},"categories":[2],"tags":[8188,13201,7157,1971,7944,18773,12716,2815,17815,265,21524,406,40,5250],"class_list":["post-36857","post","type-post","status-publish","format-standard","has-post-thumbnail","hentry","category-ultimas-noticias","tag-admite","tag-cuestiones","tag-danos","tag-graves","tag-importancia","tag-instalaciones","tag-iran","tag-les","tag-nucleares","tag-pero","tag-resta","tag-son","tag-sus","tag-tecnicas"],"_links":{"self":[{"href":"https:\/\/13.com.ar\/index.php\/wp-json\/wp\/v2\/posts\/36857","targetHints":{"allow":["GET"]}}],"collection":[{"href":"https:\/\/13.com.ar\/index.php\/wp-json\/wp\/v2\/posts"}],"about":[{"href":"https:\/\/13.com.ar\/index.php\/wp-json\/wp\/v2\/types\/post"}],"author":[{"embeddable":true,"href":"https:\/\/13.com.ar\/index.php\/wp-json\/wp\/v2\/users\/1"}],"replies":[{"embeddable":true,"href":"https:\/\/13.com.ar\/index.php\/wp-json\/wp\/v2\/comments?post=36857"}],"version-history":[{"count":0,"href":"https:\/\/13.com.ar\/index.php\/wp-json\/wp\/v2\/posts\/36857\/revisions"}],"wp:featuredmedia":[{"embeddable":true,"href":"https:\/\/13.com.ar\/index.php\/wp-json\/wp\/v2\/media\/36051"}],"wp:attachment":[{"href":"https:\/\/13.com.ar\/index.php\/wp-json\/wp\/v2\/media?parent=36857"}],"wp:term":[{"taxonomy":"category","embeddable":true,"href":"https:\/\/13.com.ar\/index.php\/wp-json\/wp\/v2\/categories?post=36857"},{"taxonomy":"post_tag","embeddable":true,"href":"https:\/\/13.com.ar\/index.php\/wp-json\/wp\/v2\/tags?post=36857"}],"curies":[{"name":"wp","href":"https:\/\/api.w.org\/{rel}","templated":true}]}}