{"id":36856,"date":"2025-06-25T11:06:32","date_gmt":"2025-06-25T14:06:32","guid":{"rendered":"https:\/\/13.com.ar\/index.php\/el-gobierno-recorta-las-tasas-por-deudas-con-la-ex-afip-y-la-aduana\/"},"modified":"2025-06-25T11:06:32","modified_gmt":"2025-06-25T14:06:32","slug":"el-gobierno-recorta-las-tasas-por-deudas-con-la-ex-afip-y-la-aduana","status":"publish","type":"post","link":"https:\/\/13.com.ar\/index.php\/el-gobierno-recorta-las-tasas-por-deudas-con-la-ex-afip-y-la-aduana\/","title":{"rendered":"el Gobierno recorta las tasas por deudas con la ex AFIP y la Aduana"},"content":{"rendered":"<p> <br \/>\n<br \/><img decoding=\"async\" src=\"https:\/\/13.com.ar\/wp-content\/uploads\/2025\/01\/cuanto-rinde-congelar-dinero-a-30-dias-y-que-banco.jpg\" \/><\/p>\n<div id=\"element-body-0\">\n<p>El Gobierno nacional <strong>dispuso reducir las tasas de inter\u00e9s resarcitorias, punitorias y de devoluci\u00f3n<\/strong> que deben pagar los contribuyentes. Lo hizo a trav\u00e9s de la Resoluci\u00f3n 823\/2025, publicada este mi\u00e9rcoles en el Bolet\u00edn Oficial. <\/p>\n<\/div>\n<div id=\"element-body-1\">\n<p>Con esta medida<strong>, la tasa de inter\u00e9s resarcitoria (aplicable cuando un contribuyente paga fuera de t\u00e9rmino) pasar\u00e1 del 4% al 2,75% <\/strong>mensual. Por su parte, la tasa punitoria (que afecta a las deudas en instancia judicial o con intimaci\u00f3n previa)<strong> se reducir\u00e1 del 5% al 3,5% mensual. <\/strong>Asimismo,<strong> la tasa de devoluci\u00f3n,<\/strong> que corresponde cuando el Estado debe reintegrar fondos a los contribuyentes (por ejemplo, en casos de saldos a favor), <strong>caer\u00e1 de 0,75% a 0,5% mensual.<\/strong><\/p>\n<\/div>\n<div id=\"element-body-2\">\n<p><strong>Las nuevas tasas entrar\u00e1n en vigencia este mi\u00e9rcoles 25 de junio<\/strong>, aunque comenzar\u00e1n a<strong> aplicarse a partir del 1 de julio.<\/strong> Estos <strong>porcentajes no ser\u00e1n retroactivos<\/strong>, por lo que las obligaciones vencidas antes de la modificaci\u00f3n seguir\u00e1n regidas por las tasas previamente establecidas.<\/p>\n<\/div>\n<div id=\"element-body-3\">\n<p>Seg\u00fan el texto oficial, &#8220;para la cancelaci\u00f3n de las obligaciones con vencimiento previo a la entrada en vigencia de la norma, se deber\u00e1n aplicar los reg\u00edmenes correspondientes a cada per\u00edodo&#8221;.<\/p>\n<\/div>\n<div id=\"element-body-4\">\n<p>Desde el Ejecutivo,<strong> resaltaron que esta medida forma parte de un proceso m\u00e1s amplio de desaceleraci\u00f3n de la inflaci\u00f3n,<\/strong> impulsado por las pol\u00edticas econ\u00f3micas implementadas en los \u00faltimos meses. El ministro de Econom\u00eda, Luis Caputo, celebr\u00f3 la noticia a trav\u00e9s de su cuenta en X, destacando el impacto positivo en la econom\u00eda.<\/p>\n<\/div>\n<div id=\"element-body-5\">\n<p>El Gobierno tambi\u00e9n subray\u00f3 que con esta resoluci\u00f3n se contin\u00faa con la reducci\u00f3n de las tasas de inter\u00e9s, buscando reducir las fluctuaciones y facilitar la previsibilidad tanto para los contribuyentes como para los operadores aduaneros.<\/p>\n<\/div>\n<div id=\"element-body-7\">\n<p>La resoluci\u00f3n especifica que l<strong>os nuevos porcentajes no se aplican de forma retroactiva.<\/strong> Para la cancelaci\u00f3n de obligaciones cuyo vencimiento haya operado antes de la entrada en vigencia de la norma, <strong>se aplicar\u00e1n as tasas vigentes en cada uno de los per\u00edodos alcanzados por la deuda.<\/strong><\/p>\n<\/div>\n<div id=\"element-body-8\">\n<p>Esto implica que las empresas o contribuyentes con deudas viejas seguir\u00e1n viendo reflejadas en sus cuentas <strong>los intereses al 4% o 5%, <\/strong>dependiendo del caso, mientras que las nuevas liquidaciones aplicar\u00e1n las tasas reducidas.<\/p>\n<\/div>\n<p><br \/>\n<br \/><a href=\"https:\/\/www.clarin.com\/economia\/alivio-fiscal-contribuyentes-gobierno-recorta-tasas-deudas-ex-afip-aduana_0_S7njnXahKC.html\">Fuente Clarin.com <\/a><\/p>\n","protected":false},"excerpt":{"rendered":"<p>El Gobierno nacional dispuso reducir las tasas de inter\u00e9s resarcitorias, punitorias y de devoluci\u00f3n que deben pagar los contribuyentes. Lo hizo a trav\u00e9s de la Resoluci\u00f3n 823\/2025, publicada este mi\u00e9rcoles en el Bolet\u00edn Oficial. Con esta medida, la tasa de inter\u00e9s resarcitoria (aplicable cuando un contribuyente paga fuera de t\u00e9rmino) pasar\u00e1 del 4% al 2,75% [&hellip;]<\/p>\n","protected":false},"author":1,"featured_media":983,"comment_status":"open","ping_status":"open","sticky":false,"template":"","format":"standard","meta":{"footnotes":""},"categories":[2],"tags":[11379,3784,18,8923,71,48,142,7357,871],"class_list":["post-36856","post","type-post","status-publish","format-standard","has-post-thumbnail","hentry","category-ultimas-noticias","tag-aduana","tag-afip","tag-con","tag-deudas","tag-gobierno","tag-las","tag-por","tag-recorta","tag-tasas"],"_links":{"self":[{"href":"https:\/\/13.com.ar\/index.php\/wp-json\/wp\/v2\/posts\/36856","targetHints":{"allow":["GET"]}}],"collection":[{"href":"https:\/\/13.com.ar\/index.php\/wp-json\/wp\/v2\/posts"}],"about":[{"href":"https:\/\/13.com.ar\/index.php\/wp-json\/wp\/v2\/types\/post"}],"author":[{"embeddable":true,"href":"https:\/\/13.com.ar\/index.php\/wp-json\/wp\/v2\/users\/1"}],"replies":[{"embeddable":true,"href":"https:\/\/13.com.ar\/index.php\/wp-json\/wp\/v2\/comments?post=36856"}],"version-history":[{"count":0,"href":"https:\/\/13.com.ar\/index.php\/wp-json\/wp\/v2\/posts\/36856\/revisions"}],"wp:featuredmedia":[{"embeddable":true,"href":"https:\/\/13.com.ar\/index.php\/wp-json\/wp\/v2\/media\/983"}],"wp:attachment":[{"href":"https:\/\/13.com.ar\/index.php\/wp-json\/wp\/v2\/media?parent=36856"}],"wp:term":[{"taxonomy":"category","embeddable":true,"href":"https:\/\/13.com.ar\/index.php\/wp-json\/wp\/v2\/categories?post=36856"},{"taxonomy":"post_tag","embeddable":true,"href":"https:\/\/13.com.ar\/index.php\/wp-json\/wp\/v2\/tags?post=36856"}],"curies":[{"name":"wp","href":"https:\/\/api.w.org\/{rel}","templated":true}]}}