{"id":36802,"date":"2025-06-25T07:12:35","date_gmt":"2025-06-25T10:12:35","guid":{"rendered":"https:\/\/13.com.ar\/index.php\/nunca-desayunes-despues-de-esta-hora-si-queres-sanar-tu-metabolismo\/"},"modified":"2025-06-25T07:12:35","modified_gmt":"2025-06-25T10:12:35","slug":"nunca-desayunes-despues-de-esta-hora-si-queres-sanar-tu-metabolismo","status":"publish","type":"post","link":"https:\/\/13.com.ar\/index.php\/nunca-desayunes-despues-de-esta-hora-si-queres-sanar-tu-metabolismo\/","title":{"rendered":"\u201cNunca desayun\u00e9s despu\u00e9s de esta hora si quer\u00e9s sanar tu metabolismo\u201d"},"content":{"rendered":"<p> <br \/>\n<br \/><img decoding=\"async\" src=\"https:\/\/13.com.ar\/wp-content\/uploads\/2025\/06\/Nunca-desayunes-despues-de-esta-hora-si-queres-sanar-tu.jpg\" \/><\/p>\n<div id=\"element-body-0\">\n<p>\u00bfSab\u00edas que <strong>desayunar tarde<\/strong> puede tener un impacto directo sobre tus niveles de estr\u00e9s y tu metabolismo? As\u00ed lo afirma el <strong>endocrin\u00f3logo y divulgador Francisco Rosero<\/strong>, que ha encendido el debate en redes sociales con una advertencia clara.<\/p>\n<\/div>\n<div id=\"element-body-1\">\n<p>En un momento en que <strong>conceptos como la crononutrici\u00f3n<\/strong> \u2014la ciencia que estudia c\u00f3mo la hora de las comidas afecta al organismo\u2014 ganan terreno, Rosero recuerda que nuestro cuerpo est\u00e1 regido por <strong>relojes biol\u00f3gicos<\/strong>, los famosos ritmos circadianos, que regulan funciones clave como la digesti\u00f3n, el sue\u00f1o o la secreci\u00f3n hormonal.<\/p>\n<\/div>\n<div id=\"element-body-4\">\n<p>La raz\u00f3n principal por la que el experto recomienda <strong>evitar los desayunos tard\u00edos<\/strong> tiene nombre propio: cortisol, tambi\u00e9n conocida como la hormona del estr\u00e9s. <\/p>\n<\/div>\n<div id=\"element-body-5\">\n<p>\u201cEl <strong>pico de cortisol<\/strong> empieza a las 4 de la ma\u00f1ana y va subiendo hasta las 8 o 9, momento en el cual alcanza el nivel m\u00e1ximo y luego empieza a descender\u201d, explica Rosero.<\/p>\n<\/div>\n<div id=\"element-body-6\">\n<p>El problema, seg\u00fan apunta, es que si no se desayuna antes de ese punto m\u00e1ximo, el cuerpo interpreta <strong>el ayuno como una se\u00f1al de alarma<\/strong>. En palabras del endocrin\u00f3logo: \u201cSi yo no desayuno <strong>antes de las 9 de la ma\u00f1ana<\/strong>, mi cuerpo interpreta ese ayuno como una se\u00f1al de estr\u00e9s, que no permite que el cortisol empiece a bajar sino que lo mantiene alto\u201d.<\/p>\n<\/div>\n<div id=\"element-body-9\">\n<p>El exceso prolongado de cortisol puede alterar numerosos procesos metab\u00f3licos. \u201c<strong>Nuestro cuerpo produce glucosa<\/strong> y se elevan los niveles de az\u00facar en sangre. <\/p>\n<\/div>\n<div id=\"element-body-10\">\n<p>Hay que desayunar temprano para evitar que nuestro cuerpo interprete el ayuno como una <strong>se\u00f1al de alarma<\/strong> para mantener elevados los niveles de cortisol\u201d, sostiene Rosero, citando investigaciones del American Journal of Physiology, Endocrinology and Metabolism y Stress.<\/p>\n<\/div>\n<div id=\"element-body-11\">\n<p>Este mecanismo, que puede parecer inofensivo, podr\u00eda tener <strong>efectos acumulativos con el paso del tiempo<\/strong>: aumentar el riesgo de desarrollar resistencia a la insulina, sobrepeso o enfermedades cardiovasculares.<\/p>\n<\/div>\n<div id=\"element-body-14\">\n<p>El endocrin\u00f3logo no pretende imponer un horario universal, pero s\u00ed invita <strong>a tomar conciencia del impacto<\/strong> que tienen nuestros ritmos diarios sobre la salud hormonal y metab\u00f3lica. En una sociedad acostumbrada a correr sin mirar el reloj interno, respetar el ritmo natural del cuerpo podr\u00eda ser una de las herramientas m\u00e1s poderosas de prevenci\u00f3n.<\/p>\n<\/div>\n<div id=\"element-body-15\">\n<p>As\u00ed que, si eres de los que desayuna a media ma\u00f1ana o <strong>se salta la primera comida del d\u00eda<\/strong>, quiz\u00e1s ha llegado el momento de reconsiderarlo. Porque, como recuerda Rosero, tu metabolismo tambi\u00e9n necesita su propio horario.<\/p>\n<\/div>\n<p><br \/>\n<br \/><a href=\"https:\/\/www.clarin.com\/internacional\/francisco-rosero-endocrinologo-desayunes-despues-hora-queres-sanar-metabolismo_0_fGoR5yMY6N.html\">Fuente Clarin.com <\/a><\/p>\n","protected":false},"excerpt":{"rendered":"<p>\u00bfSab\u00edas que desayunar tarde puede tener un impacto directo sobre tus niveles de estr\u00e9s y tu metabolismo? As\u00ed lo afirma el endocrin\u00f3logo y divulgador Francisco Rosero, que ha encendido el debate en redes sociales con una advertencia clara. En un momento en que conceptos como la crononutrici\u00f3n \u2014la ciencia que estudia c\u00f3mo la hora de [&hellip;]<\/p>\n","protected":false},"author":1,"featured_media":36803,"comment_status":"open","ping_status":"open","sticky":false,"template":"","format":"standard","meta":{"footnotes":""},"categories":[2],"tags":[22121,1514,300,713,15035,87,4833,12093],"class_list":["post-36802","post","type-post","status-publish","format-standard","has-post-thumbnail","hentry","category-ultimas-noticias","tag-desayunes","tag-despues","tag-esta","tag-hora","tag-metabolismo","tag-nunca","tag-queres","tag-sanar"],"_links":{"self":[{"href":"https:\/\/13.com.ar\/index.php\/wp-json\/wp\/v2\/posts\/36802","targetHints":{"allow":["GET"]}}],"collection":[{"href":"https:\/\/13.com.ar\/index.php\/wp-json\/wp\/v2\/posts"}],"about":[{"href":"https:\/\/13.com.ar\/index.php\/wp-json\/wp\/v2\/types\/post"}],"author":[{"embeddable":true,"href":"https:\/\/13.com.ar\/index.php\/wp-json\/wp\/v2\/users\/1"}],"replies":[{"embeddable":true,"href":"https:\/\/13.com.ar\/index.php\/wp-json\/wp\/v2\/comments?post=36802"}],"version-history":[{"count":0,"href":"https:\/\/13.com.ar\/index.php\/wp-json\/wp\/v2\/posts\/36802\/revisions"}],"wp:featuredmedia":[{"embeddable":true,"href":"https:\/\/13.com.ar\/index.php\/wp-json\/wp\/v2\/media\/36803"}],"wp:attachment":[{"href":"https:\/\/13.com.ar\/index.php\/wp-json\/wp\/v2\/media?parent=36802"}],"wp:term":[{"taxonomy":"category","embeddable":true,"href":"https:\/\/13.com.ar\/index.php\/wp-json\/wp\/v2\/categories?post=36802"},{"taxonomy":"post_tag","embeddable":true,"href":"https:\/\/13.com.ar\/index.php\/wp-json\/wp\/v2\/tags?post=36802"}],"curies":[{"name":"wp","href":"https:\/\/api.w.org\/{rel}","templated":true}]}}