{"id":36794,"date":"2025-06-25T06:33:30","date_gmt":"2025-06-25T09:33:30","guid":{"rendered":"https:\/\/13.com.ar\/index.php\/la-seleccion-de-futbolistas-que-jugaron-en-ambos-clubes-en-la-historia\/"},"modified":"2025-06-25T06:33:30","modified_gmt":"2025-06-25T09:33:30","slug":"la-seleccion-de-futbolistas-que-jugaron-en-ambos-clubes-en-la-historia","status":"publish","type":"post","link":"https:\/\/13.com.ar\/index.php\/la-seleccion-de-futbolistas-que-jugaron-en-ambos-clubes-en-la-historia\/","title":{"rendered":"la &#8220;selecci\u00f3n&#8221; de futbolistas que jugaron en ambos clubes en la historia"},"content":{"rendered":"<p> <br \/>\n<\/p>\n<div id=\"cuerpo\">\n<div class=\"sc-45461e9c-0 eqiBeF container-text text-embed \" id=\"element-body-0\">\n<p>La inmigraci\u00f3n italiana fue el \u00e9xodo m\u00e1s importante que recibi\u00f3 hist\u00f3ricamente la Argentina. Hay un v\u00ednculo fraternal entre ambas naciones. Y si hay un club que representa ese v\u00ednculo es e<strong>l Inter, el rival de River en la \u00faltima fecha del Grupo E del Mundial de Clubes<\/strong>, que definir\u00e1 la clasificaci\u00f3n a los octavos de final. <\/p>\n<\/div>\n<div class=\"sc-45461e9c-0 eqiBeF container-text text-embed \" id=\"element-body-1\">\n<p>El dato estad\u00edstico marca que hubo<strong> 56 argentinos que estuvieron en el <em>Neroazzurro <\/em>en su historia<\/strong>, de los que 52 jugaron oficialmente y 4 no llegaron a debutar en Primera. En tanto, <strong>15 de ellos actuaron tambi\u00e9n en el club de N\u00fa\u00f1ez.<\/strong><\/p>\n<\/div>\n<div class=\"sc-45461e9c-0 eqiBeF container-text text-embed \" id=\"element-body-2\">\n<p>Desde los a\u00f1os 30, el Inter estableci\u00f3 una conexi\u00f3n especial con los futbolistas argentinos, una relaci\u00f3n que se sostuvo a lo largo de d\u00e9cadas y que fue fundamental en los \u00e9xitos del club. <\/p>\n<\/div>\n<div class=\"sc-45461e9c-0 eqiBeF container-text text-embed \" id=\"element-body-3\">\n<p>Desde <strong>Attilio Demar\u00eda hasta Lautaro Mart\u00ednez,<\/strong> con una inmensa cantidad de grandes jugadores en el medio. Uno de ellos, <strong>Javier Zanetti<\/strong>, que fue r\u00e9cord en la cancha, al ser el argentino que m\u00e1s partidos jug\u00f3 en la historia del club italiano con<strong> 858 partidos en 19 temporadas<\/strong> en la instituci\u00f3n, es vicepresidente en la actualidad<\/p>\n<\/div>\n<div class=\"sc-45461e9c-0 eqiBeF container-text text-embed \" id=\"element-body-4\">\n<p>Justamente el v\u00ednculo comenz\u00f3 con Demar\u00eda, un mediocampista argentino que jug\u00f3 en Gimnasia, Independiente y Estudiantil Porte\u00f1o, que actu\u00f3 en el Mundial de 1930 con Argentina. Demar\u00eda conquist\u00f3 la Copa Italia en la temporada 1938\/39 y marc\u00f3 el inicio de una tradici\u00f3n de futbolistas argentinos en el Inter.<\/p>\n<\/div>\n<div class=\"sc-45461e9c-0 eqiBeF container-text text-embed \" id=\"element-body-5\">\n<p>Luego el fen\u00f3meno se potenci\u00f3 con el correr de los a\u00f1os, hasta que tuvo su <strong>pico en los a\u00f1os 2000<\/strong>. En 2010, cuatro lograron consagrarse campeones de la <strong>Champions League<\/strong> en la temporada 2009\/10: <strong>Javier Zanetti, Diego Milito, Walter Samuel, Esteban Cambiasso<\/strong>. Milito, actual presidente de Racing, qued\u00f3 retratado en la historia con sus dos goles al Bayern M\u00fanich en la final en el Santiago Bernab\u00e9u de Madrid.<\/p>\n<\/div>\n<div class=\"sc-45461e9c-0 eqiBeF container-text text-embed \" id=\"element-body-6\">\n<p>Y <strong>dos consiguieron levantar la Copa de la UEFA (97\/98): Zanetti y Diego Simeone.<\/strong><\/p>\n<\/div>\n<div class=\"sc-45461e9c-0 eqiBeF container-text text-embed \" id=\"element-body-7\">\n<p>En la actualidad,<strong> Lautaro Mart\u00ednez<\/strong>, otro argentino que se convirti\u00f3 en capit\u00e1n del Inter, bati\u00f3 r\u00e9cords del club:<strong> es el m\u00e1ximo goleador argentino en su historia<\/strong>, con 153 goles, e hist\u00f3rico en competiciones europeas, con 21 tantos. Los logros que consigui\u00f3 lo posicionan, junto a Zanetti, en lo m\u00e1s alto de la historia del Inter y junto a los m\u00e1ximos \u00eddolos.<\/p>\n<\/div>\n<div class=\"sc-98b114a2-0 bkqiHH image-embed  image-embed \" id=\"element-body-8\"><picture class=\"sc-98b114a2-1 jRUlDm\"><source media=\"(min-width: 975px)\" width=\"720\" height=\"480\" \/><img alt=\"Hernan Crespo celebra un gol en Inter de Mil\u00e1n en 2009. Foto: EFE\/MATTEO BAZZI \" loading=\"lazy\" width=\"720\" height=\"480\" decoding=\"async\" data-nimg=\"1\" style=\"color:transparent\" src=\"https:\/\/13.com.ar\/wp-content\/uploads\/2025\/06\/la-seleccion-de-futbolistas-que-jugaron-en-ambos-clubes-en.jpg\"\/><span class=\"epigraphe\">Hernan Crespo celebra un gol en Inter de Mil\u00e1n en 2009. Foto: EFE\/MATTEO BAZZI <\/span><span class=\"picture-open\"><button class=\"open-image\" aria-label=\"Open Image\"\/><\/span><\/picture><\/div>\n<p><h2>Hay 15 futbolistas que jugaron en River e Inter<\/h2>\n<\/p>\n<div class=\"sc-45461e9c-0 eqiBeF container-text text-embed \" id=\"element-body-10\">\n<p>Entre tantos jugadores argentinos, hay <strong>15 que actuaron en River e Inter<\/strong>, aunque uno de ellos no lleg\u00f3 a debutar en la Primera del club italiano pero actu\u00f3 hasta la divisi\u00f3n Primavera (la Reserva).<\/p>\n<\/div>\n<div class=\"sc-45461e9c-0 eqiBeF container-text text-embed \" id=\"element-body-11\">\n<p>La lista de jugadores que vistieron la camiseta tiene nombres muy importantes como los de <strong>Daniel Passarella, Ram\u00f3n D\u00edaz, Hern\u00e1n Crespo, Mat\u00edas Almeyda y Gabriel Batistuta<\/strong>. Y los otros futbolistas que actuaron en ambas instituciones son: <strong>Juan Pablo Carrizo, Nelson Vivas, Oscar Basso, Esteban Cambiasso, Santiago Solari, Sixto Peralta, Julio Cruz, Sebasti\u00e1n Rambert, Marcelo Pagani y Facundo Colidio (no jug\u00f3 oficialmente en el Inter). <\/strong>Adem\u00e1s, Franco Carboni estuvo en los dos clubes , ambos en categor\u00edas juveniles, y obviamente no sum\u00f3 minutos en Primera. <\/p>\n<\/div>\n<p><h2>El &#8220;equipo ideal&#8221; de la historia de River-Inter<\/h2>\n<\/p>\n<div class=\"sc-45461e9c-0 eqiBeF container-text text-embed \" id=\"element-body-13\">\n<p>Si se tuviera que armar el Once, ser\u00eda una verdadera selecci\u00f3n. Podr\u00eda formar as\u00ed: <strong>Carrizo; Vivas, Passarella, Basso; Almeyda, Cambiasso, Solari; Cruz, Batistuta, Crespo y Ram\u00f3n D\u00edaz<\/strong>. Y quedar\u00edan para ingresar Peralta, Rambert, Colidio y Pagani, que fue un delantero que jug\u00f3 en River los primeros meses de 1962 y luego de disputar el Mundial de Chile con la Selecci\u00f3n se fue al Inter para actuar all\u00ed durante la temporada 1962\/63.<\/p>\n<\/div>\n<p><h2>Qu\u00e9 dijeron Marcelo Gallardo y Javier Zanetti<\/h2>\n<\/p>\n<div class=\"sc-45461e9c-0 eqiBeF container-text text-embed \" id=\"element-body-15\">\n<p>\u201cInter es un equipo representativo de Europa, ganador de algunas Champions, y referente en las \u00faltimas. O sea es un equipo de mucho calibre y tambi\u00e9n con ascendencia de jugadores argentinos que han marcado historia dentro de ese club\u201d, expres\u00f3 Marcelo Gallardo, el DT de River que ahora prepara su equipo para un choque definitorio  con ese Inter tan representativo.<\/p>\n<\/div>\n<div class=\"sc-45461e9c-0 eqiBeF container-text text-embed \" id=\"element-body-16\">\n<p>\u201cEn Argentina hay materia prima y el jugador argentino siempre gusta en Europa. Y en Inter gust\u00f3 siempre. Los argentinos y los sudamericanos tienen personalidad y pasi\u00f3n; nos admiran por c\u00f3mo vivimos el f\u00fatbol\u201d,  afirm\u00f3 Zanetti, de buen v\u00ednculo con la dirigencia de River.<\/p>\n<\/div>\n<div class=\"sc-98b114a2-0 bkqiHH image-embed  image-embed \" id=\"element-body-17\"><picture class=\"sc-98b114a2-1 jRUlDm\"><source media=\"(min-width: 975px)\" width=\"720\" height=\"480\" \/><img alt=\"Javier Zanetti, el argentino que m\u00e1s partidos jug\u00f3 en la historia de Inter, hoy es vicepresidente en la actualidad. Foto: EFE\/ MATTEO BAZZI\" loading=\"lazy\" width=\"720\" height=\"480\" decoding=\"async\" data-nimg=\"1\" style=\"color:transparent\" src=\"https:\/\/13.com.ar\/wp-content\/uploads\/2025\/06\/1750844010_703_la-seleccion-de-futbolistas-que-jugaron-en-ambos-clubes-en.jpg\"\/><span class=\"epigraphe\">Javier Zanetti, el argentino que m\u00e1s partidos jug\u00f3 en la historia de Inter, hoy es vicepresidente en la actualidad. Foto: EFE\/ MATTEO BAZZI<\/span><span class=\"picture-open\"><button class=\"open-image\" aria-label=\"Open Image\"\/><\/span><\/picture><\/div>\n<div class=\"sc-45461e9c-0 eqiBeF container-text text-embed \" id=\"element-body-18\">\n<p>Es que entre Inter y los argentinos, muchos ellos que vistieron tambi\u00e9n la banda roja, hay una gran hermandad.<\/p>\n<\/div>\n<p><h2>La lista completa de argentinos que jugaron en Inter<\/h2>\n<\/p>\n<div class=\"sc-45461e9c-0 eqiBeF container-text text-embed \" id=\"element-body-20\">\n<p>Desde el que m\u00e1s partidos jug\u00f3 hasta el que menos sali\u00f3 a la cancha, esta es la n\u00f3mina de los 54 futbolistas argentinos que jugaron en el Inter:<\/p>\n<\/div>\n<div class=\"sc-45461e9c-0 eqiBeF container-text text-embed \" id=\"element-body-21\">\n<p>1- Javier Zanetti (858 partidos, 21 goles)<\/p>\n<\/div>\n<div class=\"sc-45461e9c-0 eqiBeF container-text text-embed \" id=\"element-body-22\">\n<p>2- Esteban Cambiasso (430, 51)<\/p>\n<\/div>\n<div class=\"sc-45461e9c-0 eqiBeF container-text text-embed \" id=\"element-body-23\">\n<p>3 &#8211; Lautaro Mart\u00ednez (333, 153)<\/p>\n<\/div>\n<div class=\"sc-45461e9c-0 eqiBeF container-text text-embed \" id=\"element-body-24\">\n<p>4- Atilio Demar\u00eda (295, 86)<\/p>\n<\/div>\n<div class=\"sc-45461e9c-0 eqiBeF container-text text-embed \" id=\"element-body-25\">\n<p>5- Walter Samuel (236, 17)<\/p>\n<\/div>\n<div class=\"sc-45461e9c-0 eqiBeF container-text text-embed \" id=\"element-body-26\">\n<p>6- Mauro Icardi (222, 126)<\/p>\n<\/div>\n<div class=\"sc-45461e9c-0 eqiBeF container-text text-embed \" id=\"element-body-28\">\n<p>8- Diego Milito (171, 75)<\/p>\n<\/div>\n<div class=\"sc-45461e9c-0 eqiBeF container-text text-embed \" id=\"element-body-29\">\n<p>9- Rodrigo Palacio (171, 58)<\/p>\n<\/div>\n<div class=\"sc-45461e9c-0 eqiBeF container-text text-embed \" id=\"element-body-30\">\n<p>10- Nicol\u00e1s Burdisso (139, 8)<\/p>\n<\/div>\n<div class=\"sc-98b114a2-0 bkqiHH image-embed  image-embed \" id=\"element-body-31\"><picture class=\"sc-98b114a2-1 jRUlDm\"><source media=\"(min-width: 975px)\" width=\"720\" height=\"480\" \/><img alt=\"Lautaro Mart\u00ednez es el actual goleador y capit\u00e1n del Inter de Mil\u00e1n. Foto: Xinhua\" loading=\"lazy\" width=\"720\" height=\"480\" decoding=\"async\" data-nimg=\"1\" style=\"color:transparent\" src=\"https:\/\/13.com.ar\/wp-content\/uploads\/2025\/06\/1750844010_582_la-seleccion-de-futbolistas-que-jugaron-en-ambos-clubes-en.jpg\"\/><span class=\"epigraphe\">Lautaro Mart\u00ednez es el actual goleador y capit\u00e1n del Inter de Mil\u00e1n. Foto: Xinhua<\/span><span class=\"picture-open\"><button class=\"open-image\" aria-label=\"Open Image\"\/><\/span><\/picture><\/div>\n<div class=\"sc-45461e9c-0 eqiBeF container-text text-embed \" id=\"element-body-32\">\n<p>11- Antonio Valent\u00edn Angelillo (127, 77)<\/p>\n<\/div>\n<div class=\"sc-45461e9c-0 eqiBeF container-text text-embed \" id=\"element-body-33\">\n<p>12- Hern\u00e1n Crespo (117, 46)<\/p>\n<\/div>\n<div class=\"sc-45461e9c-0 eqiBeF container-text text-embed \" id=\"element-body-34\">\n<p>13- Joaqu\u00edn Correa (99 12)<\/p>\n<\/div>\n<div class=\"sc-45461e9c-0 eqiBeF container-text text-embed \" id=\"element-body-35\">\n<p>14- Ricardo \u00c1lvarez (90, 14)<\/p>\n<\/div>\n<div class=\"sc-45461e9c-0 eqiBeF container-text text-embed \" id=\"element-body-36\">\n<p>15- Diego Simeone (85, 14)<\/p>\n<\/div>\n<div class=\"sc-45461e9c-0 eqiBeF container-text text-embed \" id=\"element-body-37\">\n<p>16- Cristian Kily Gonz\u00e1lez (75, 0)<\/p>\n<\/div>\n<div class=\"sc-45461e9c-0 eqiBeF container-text text-embed \" id=\"element-body-38\">\n<p>17- Juan Sebasti\u00e1n Ver\u00f3n (74, 4)<\/p>\n<\/div>\n<div class=\"sc-45461e9c-0 eqiBeF container-text text-embed \" id=\"element-body-39\">\n<p>18- Daniel Passarella (73, 15)<\/p>\n<\/div>\n<div class=\"sc-45461e9c-0 eqiBeF container-text text-embed \" id=\"element-body-40\">\n<p>19- Santiago Solari (71, 7)<\/p>\n<\/div>\n<div class=\"sc-45461e9c-0 eqiBeF container-text text-embed \" id=\"element-body-41\">\n<p>20- Alfredo De Vincenzi (56, 21)<\/p>\n<\/div>\n<div class=\"sc-45461e9c-0 eqiBeF container-text text-embed \" id=\"element-body-42\">\n<p>21- Oscar Massei (54, 21)<\/p>\n<\/div>\n<div class=\"sc-45461e9c-0 eqiBeF container-text text-embed \" id=\"element-body-43\">\n<p>22- Andr\u00e9s Guglielminpietro (48, 1)<\/p>\n<\/div>\n<div class=\"sc-45461e9c-0 eqiBeF container-text text-embed \" id=\"element-body-44\">\n<p>23- Mat\u00edas Almeyda (47, 1)<\/p>\n<\/div>\n<div class=\"sc-45461e9c-0 eqiBeF container-text text-embed \" id=\"element-body-45\">\n<p>24- Ram\u00f3n D\u00edaz (43, 15)<\/p>\n<\/div>\n<div class=\"sc-45461e9c-0 eqiBeF container-text text-embed \" id=\"element-body-46\">\n<p>25- Hugo Campagnaro (39, 0)<\/p>\n<\/div>\n<div class=\"sc-45461e9c-0 eqiBeF container-text text-embed \" id=\"element-body-48\">\n<p>27- Mauro Z\u00e1rate (31, 3)<\/p>\n<\/div>\n<div class=\"sc-45461e9c-0 eqiBeF container-text text-embed \" id=\"element-body-49\">\n<p>28- Juan Pablo Carrizo (27, 0)<\/p>\n<\/div>\n<div class=\"sc-45461e9c-0 eqiBeF container-text text-embed \" id=\"element-body-50\">\n<p>29- Cristian Ansaldi (26, 0)<\/p>\n<\/div>\n<div class=\"sc-45461e9c-0 eqiBeF container-text text-embed \" id=\"element-body-52\">\n<p>31- Mariano Gonz\u00e1lez (24, 1)<\/p>\n<\/div>\n<div class=\"sc-45461e9c-0 eqiBeF container-text text-embed \" id=\"element-body-53\">\n<p>32- V\u00edctor Jos\u00e9 Pozzo (24, 0)<\/p>\n<\/div>\n<div class=\"sc-45461e9c-0 eqiBeF container-text text-embed \" id=\"element-body-55\">\n<p>34- Mat\u00edas Silvestre (20, 0)<\/p>\n<\/div>\n<div class=\"sc-45461e9c-0 eqiBeF container-text text-embed \" id=\"element-body-56\">\n<p>35- Juan Landolfi (19, 0)<\/p>\n<\/div>\n<div class=\"sc-45461e9c-0 eqiBeF container-text text-embed \" id=\"element-body-57\">\n<p>36- Humberto Maschio (17, 6)<\/p>\n<\/div>\n<div class=\"sc-45461e9c-0 eqiBeF container-text text-embed \" id=\"element-body-58\">\n<p>37- Alberto Cerioni (16, 4)<\/p>\n<\/div>\n<div class=\"sc-98b114a2-0 bkqiHH image-embed  image-embed \" id=\"element-body-59\"><picture class=\"sc-98b114a2-1 jRUlDm\"><source media=\"(min-width: 975px)\" width=\"720\" height=\"480\" \/><img alt=\"El joven Valet\u00edn Carboni anot\u00f3 el gol ag\u00f3nico cn que Inter venci\u00f3 a Urawa Red Diamonds  en el Mundial de Clubes. Foto: REUTERS\/Agustin Marcarian\" loading=\"lazy\" width=\"720\" height=\"480\" decoding=\"async\" data-nimg=\"1\" style=\"color:transparent\" src=\"https:\/\/13.com.ar\/wp-content\/uploads\/2025\/06\/1750844010_227_la-seleccion-de-futbolistas-que-jugaron-en-ambos-clubes-en.jpg\"\/><span class=\"epigraphe\">El joven Valet\u00edn Carboni anot\u00f3 el gol ag\u00f3nico cn que Inter venci\u00f3 a Urawa Red Diamonds  en el Mundial de Clubes. Foto: REUTERS\/Agustin Marcarian<\/span><span class=\"picture-open\"><button class=\"open-image\" aria-label=\"Open Image\"\/><\/span><\/picture><\/div>\n<div class=\"sc-45461e9c-0 eqiBeF container-text text-embed \" id=\"element-body-60\">\n<p>38- Antonio Ferrara (15, 1)<\/p>\n<\/div>\n<div class=\"sc-45461e9c-0 eqiBeF container-text text-embed \" id=\"element-body-61\">\n<p>39- Ezequiel Schelotto (13,1)<\/p>\n<\/div>\n<div class=\"sc-45461e9c-0 eqiBeF container-text text-embed \" id=\"element-body-62\">\n<p>40- Gabriel Batistuta (13, 2)<\/p>\n<\/div>\n<div class=\"sc-45461e9c-0 eqiBeF container-text text-embed \" id=\"element-body-65\">\n<p>43- F\u00e9lix Demar\u00eda (9, 0)<\/p>\n<\/div>\n<div class=\"sc-45461e9c-0 eqiBeF container-text text-embed \" id=\"element-body-66\">\n<p>44- Valent\u00edn Carboni (7, 1)<\/p>\n<\/div>\n<div class=\"sc-45461e9c-0 eqiBeF container-text text-embed \" id=\"element-body-67\">\n<p>45- Tom\u00e1s Palacios (3, 0)<\/p>\n<\/div>\n<div class=\"sc-45461e9c-0 eqiBeF container-text text-embed \" id=\"element-body-69\">\n<p>47- Sebasti\u00e1n Rambert (2, 0)<\/p>\n<\/div>\n<div class=\"sc-45461e9c-0 eqiBeF container-text text-embed \" id=\"element-body-70\">\n<p>48- Hern\u00e1n Dellafiore (1, 0)<\/p>\n<\/div>\n<div class=\"sc-45461e9c-0 eqiBeF container-text text-embed \" id=\"element-body-71\">\n<p>49- Lisandro L\u00f3pez (1, 0)<\/p>\n<\/div>\n<div class=\"sc-45461e9c-0 eqiBeF container-text text-embed \" id=\"element-body-72\">\n<p>50- Marcello Pagani (1, 0)<\/p>\n<\/div>\n<div class=\"sc-45461e9c-0 eqiBeF container-text text-embed \" id=\"element-body-73\">\n<p>51- Franco Ponzinibio (1, 0)<\/p>\n<\/div>\n<div class=\"sc-45461e9c-0 eqiBeF container-text text-embed \" id=\"element-body-74\">\n<p>52- Juan Salvador Rizzo (1, 0)<\/p>\n<\/div>\n<div class=\"sc-45461e9c-0 eqiBeF container-text text-embed \" id=\"element-body-79\">\n<p>\t\t\t\t\t\t\t\t\t\t\t\t<em>Informe y estad\u00edstica: Oscar Barnade<\/em><\/p>\n<\/div>\n<\/div>\n<p><br \/>\n<br \/><a href=\"https:\/\/www.clarin.com\/deportes\/river-inter-milan-seleccion-futbolistas-jugaron-ambos-clubes-historia_0_RdE6eQ2YrS.html\">Fuente Clarin.com <\/a><\/p>\n","protected":false},"excerpt":{"rendered":"<p>La inmigraci\u00f3n italiana fue el \u00e9xodo m\u00e1s importante que recibi\u00f3 hist\u00f3ricamente la Argentina. Hay un v\u00ednculo fraternal entre ambas naciones. Y si hay un club que representa ese v\u00ednculo es el Inter, el rival de River en la \u00faltima fecha del Grupo E del Mundial de Clubes, que definir\u00e1 la clasificaci\u00f3n a los octavos de [&hellip;]<\/p>\n","protected":false},"author":1,"featured_media":36795,"comment_status":"open","ping_status":"open","sticky":false,"template":"","format":"standard","meta":{"footnotes":""},"categories":[2],"tags":[13524,1613,13742,1329,13068,2703],"class_list":["post-36794","post","type-post","status-publish","format-standard","has-post-thumbnail","hentry","category-ultimas-noticias","tag-ambos","tag-clubes","tag-futbolistas","tag-historia","tag-jugaron","tag-seleccion"],"_links":{"self":[{"href":"https:\/\/13.com.ar\/index.php\/wp-json\/wp\/v2\/posts\/36794","targetHints":{"allow":["GET"]}}],"collection":[{"href":"https:\/\/13.com.ar\/index.php\/wp-json\/wp\/v2\/posts"}],"about":[{"href":"https:\/\/13.com.ar\/index.php\/wp-json\/wp\/v2\/types\/post"}],"author":[{"embeddable":true,"href":"https:\/\/13.com.ar\/index.php\/wp-json\/wp\/v2\/users\/1"}],"replies":[{"embeddable":true,"href":"https:\/\/13.com.ar\/index.php\/wp-json\/wp\/v2\/comments?post=36794"}],"version-history":[{"count":0,"href":"https:\/\/13.com.ar\/index.php\/wp-json\/wp\/v2\/posts\/36794\/revisions"}],"wp:featuredmedia":[{"embeddable":true,"href":"https:\/\/13.com.ar\/index.php\/wp-json\/wp\/v2\/media\/36795"}],"wp:attachment":[{"href":"https:\/\/13.com.ar\/index.php\/wp-json\/wp\/v2\/media?parent=36794"}],"wp:term":[{"taxonomy":"category","embeddable":true,"href":"https:\/\/13.com.ar\/index.php\/wp-json\/wp\/v2\/categories?post=36794"},{"taxonomy":"post_tag","embeddable":true,"href":"https:\/\/13.com.ar\/index.php\/wp-json\/wp\/v2\/tags?post=36794"}],"curies":[{"name":"wp","href":"https:\/\/api.w.org\/{rel}","templated":true}]}}