{"id":36792,"date":"2025-06-25T06:30:33","date_gmt":"2025-06-25T09:30:33","guid":{"rendered":"https:\/\/13.com.ar\/index.php\/de-que-hablo-cuando-hablo-de-footing\/"},"modified":"2025-06-25T06:30:33","modified_gmt":"2025-06-25T09:30:33","slug":"de-que-hablo-cuando-hablo-de-footing","status":"publish","type":"post","link":"https:\/\/13.com.ar\/index.php\/de-que-hablo-cuando-hablo-de-footing\/","title":{"rendered":"De qu\u00e9 hablo cuando hablo de \u201cfooting\u201d"},"content":{"rendered":"<p> <br \/>\n<br \/><img decoding=\"async\" src=\"https:\/\/13.com.ar\/wp-content\/uploads\/2025\/06\/De-que-hablo-cuando-hablo-de-footing.jpg\" \/><\/p>\n<div id=\"element-body-0\">\n<p>Recuerdo con claridad cuando empec\u00e9 a salir a correr: fue a los trece a\u00f1os y el primer lugar adonde entrenaba -por llamarle as\u00ed- era la plaza Libertad. Estoy hablando de un Rosario de hace mucho tiempo atr\u00e1s, cuando esa plaza estaba en el barrio que hab\u00eda dejado de llamarse El Abasto y que en el \u00faltimo lustro retom\u00f3 su nombre. Sal\u00eda a correr &#8211;<strong>en ese entonces se llamaba footing<\/strong>&#8211; porque mi pap\u00e1, dec\u00eda \u00e9l, hab\u00eda sido corredor de cortas distancias y hab\u00eda estado a pocos segundos del r\u00e9cord santafesino. No sali\u00f3 ganador porque su familia, mis abuelos, no ten\u00edan plata para comprarle los botines necesarios. No esperaba que yo fuera corredora, pero me alentaba a hacerlo.<\/p>\n<\/div>\n<div id=\"element-body-1\">\n<p>Aunque yo no ten\u00eda la vocaci\u00f3n, sal\u00eda munida de la informaci\u00f3n que hab\u00eda conseguido en un libro espec\u00edfico de James F. Fixx, de 1977, de portada roja y donde se ve\u00edan unas piernas de hombre corriendo. Todo lo que aprend\u00ed y aprendo en la vida es porque lo le\u00ed en alguna parte.<strong> Hay quien dice que fue Mr. Fixx quien invent\u00f3 el running.<\/strong> En las pel\u00edculas norteamericanas hab\u00eda empezado a verse gente corriendo en el Central Park en Nueva York, y adem\u00e1s por esos a\u00f1os hab\u00edan estrenado \u201cCarrozas de fuego\u201d, sobre las Olimp\u00edadas de 1924 con m\u00fasica de Vangelis y eso me llenaba de energ\u00edas. Mi mam\u00e1, en cambio, me consideraba una boba completa; y casi todo el mundo alrededor compart\u00eda la idea de que salir a correr sin pretender ser corredora en un club de atletismo era una p\u00e9rdida de tiempo absoluta.<\/p>\n<\/div>\n<div id=\"element-body-2\">\n<p>El libro de Fixx tra\u00eda consejos muy \u00fatiles que guard\u00e9 para toda la vida y por eso recomiendo su lectura. Por ejemplo: que era bueno llevar lo menos posible encima y que se pod\u00eda salir a trotar -otra expresi\u00f3n de los \u201980- con sol o con viento, con fr\u00edo o con calor. Yo llevaba adem\u00e1s mi walkman que mi pap\u00e1 me hab\u00eda comprado en el Once y parec\u00eda de primera marca y era falsificado. Mi sue\u00f1o de adolescente era correr la Marat\u00f3n de San Silvestre en R\u00edo de Janeiro. En aquel tiempo las \u00fanicas carreras que hab\u00eda eran para profesionales, y no estaba del todo bien visto que un escritor, un intelectual, pusiera su energ\u00eda en algo f\u00edsico tan banal como correr para mantenerse en forma. En aquel tiempo a Murakami con<em> \u201cDe qu\u00e9 hablo cuando hablo de correr <\/em>\u201cno le hubiera ido para nada bien.<\/p>\n<\/div>\n<div id=\"element-body-3\">\n<p>Quiero aclarar que nunca corr\u00ed una marat\u00f3n, ni siquiera la de cinco kil\u00f3metros. Tal vez alg\u00fan d\u00eda lo haga. Sin embargo,<strong> la pr\u00e1ctica me acompa\u00f1\u00f3 toda la vida.<\/strong> A veces me enamoro de la idea de correr y hago punto fijo y voy cuatro veces en la semana, aunque sea a la cinta del gimnasio. Despu\u00e9s me aburro y paso a otra disciplina. En mi mente, agradezco la frustraci\u00f3n de mi pap\u00e1 que me apoy\u00f3 a salir a correr. Cuando lo hago, me pasa lo que a todos: mi cabeza <strong>se pone en blanco<\/strong> y a los treinta minutos de hacerlo, me lleno de ideas para escribir. Ese espacio adonde corro, ya sea en el Parque Lezama o en el gimnasio, es mi espacio creativo. Ah\u00ed de verdad soy yo.<\/p>\n<\/div>\n<p><br \/>\n<br \/><a href=\"https:\/\/www.clarin.com\/opinion\/hablo-hablo-footing_0_yPMtirbXK8.html\">Fuente Clarin.com <\/a><\/p>\n","protected":false},"excerpt":{"rendered":"<p>Recuerdo con claridad cuando empec\u00e9 a salir a correr: fue a los trece a\u00f1os y el primer lugar adonde entrenaba -por llamarle as\u00ed- era la plaza Libertad. Estoy hablando de un Rosario de hace mucho tiempo atr\u00e1s, cuando esa plaza estaba en el barrio que hab\u00eda dejado de llamarse El Abasto y que en el [&hellip;]<\/p>\n","protected":false},"author":1,"featured_media":36793,"comment_status":"open","ping_status":"open","sticky":false,"template":"","format":"standard","meta":{"footnotes":""},"categories":[2],"tags":[677,22117,347,286],"class_list":["post-36792","post","type-post","status-publish","format-standard","has-post-thumbnail","hentry","category-ultimas-noticias","tag-cuando","tag-footing","tag-hablo","tag-que"],"_links":{"self":[{"href":"https:\/\/13.com.ar\/index.php\/wp-json\/wp\/v2\/posts\/36792","targetHints":{"allow":["GET"]}}],"collection":[{"href":"https:\/\/13.com.ar\/index.php\/wp-json\/wp\/v2\/posts"}],"about":[{"href":"https:\/\/13.com.ar\/index.php\/wp-json\/wp\/v2\/types\/post"}],"author":[{"embeddable":true,"href":"https:\/\/13.com.ar\/index.php\/wp-json\/wp\/v2\/users\/1"}],"replies":[{"embeddable":true,"href":"https:\/\/13.com.ar\/index.php\/wp-json\/wp\/v2\/comments?post=36792"}],"version-history":[{"count":0,"href":"https:\/\/13.com.ar\/index.php\/wp-json\/wp\/v2\/posts\/36792\/revisions"}],"wp:featuredmedia":[{"embeddable":true,"href":"https:\/\/13.com.ar\/index.php\/wp-json\/wp\/v2\/media\/36793"}],"wp:attachment":[{"href":"https:\/\/13.com.ar\/index.php\/wp-json\/wp\/v2\/media?parent=36792"}],"wp:term":[{"taxonomy":"category","embeddable":true,"href":"https:\/\/13.com.ar\/index.php\/wp-json\/wp\/v2\/categories?post=36792"},{"taxonomy":"post_tag","embeddable":true,"href":"https:\/\/13.com.ar\/index.php\/wp-json\/wp\/v2\/tags?post=36792"}],"curies":[{"name":"wp","href":"https:\/\/api.w.org\/{rel}","templated":true}]}}