{"id":36790,"date":"2025-06-25T06:27:31","date_gmt":"2025-06-25T09:27:31","guid":{"rendered":"https:\/\/13.com.ar\/index.php\/franco-colapinto-llega-a-su-quinta-carrera-con-alpine-un-deadline-que-flavio-briatore-fijo-y-luego-olvido\/"},"modified":"2025-06-25T06:27:31","modified_gmt":"2025-06-25T09:27:31","slug":"franco-colapinto-llega-a-su-quinta-carrera-con-alpine-un-deadline-que-flavio-briatore-fijo-y-luego-olvido","status":"publish","type":"post","link":"https:\/\/13.com.ar\/index.php\/franco-colapinto-llega-a-su-quinta-carrera-con-alpine-un-deadline-que-flavio-briatore-fijo-y-luego-olvido\/","title":{"rendered":"Franco Colapinto llega a su quinta carrera con Alpine, un &#8220;deadline&#8221; que Flavio Briatore fij\u00f3 y luego olvid\u00f3"},"content":{"rendered":"<p> <br \/>\n<br \/><img decoding=\"async\" src=\"https:\/\/13.com.ar\/wp-content\/uploads\/2025\/06\/Franco-Colapinto-llega-a-su-quinta-carrera-con-Alpine-un.jpg\" \/><\/p>\n<div id=\"element-body-0\">\n<p>Lleg\u00f3 el <strong>Gran Premio de Austria<\/strong>, ese que apareci\u00f3 en el calendario como el \u00faltimo para <strong>Franco Colapinto<\/strong> cuando el 7 de mayo <strong>Alpine <\/strong>anunci\u00f3 al argentino como nuevo compa\u00f1ero de <strong>Pierre Gasly<\/strong><em> \u201cpara las pr\u00f3ximas cinco carreras\u201d<\/em>. Ya pasaron Imola, Montecarlo, Espa\u00f1a y Canad\u00e1. Sin embargo, ese <em>deadline <\/em>que el propio <strong>Flavio Briatore<\/strong> fij\u00f3 en ese comunicado de bienvenida no se aplicar\u00e1 cuando termine la actividad en el Red Bull Ring de Spielberg este fin de semana.<\/p>\n<\/div>\n<div id=\"element-body-1\">\n<p>El G<strong>rupo Renault<\/strong>, que tiene a un CEO de salida ya que Luca de Meo abandonar\u00e1 la estructura el 15 de julio, viv\u00eda tiempos convulsionados ya entonces -con muchos cambios de nombres en el \u00faltimo tiempo- y ten\u00eda que adoptar ese tipo de reacci\u00f3n p\u00fablica: <strong>hablar de una &#8220;rotaci\u00f3n de pilotos&#8221; y darle solo cinco carreras al argentino era una muestra de paridad de oportunidades<\/strong>. Aunque en los papeles eso no era cierto y lo m\u00e1s probable es que no exista esa cl\u00e1usula en el contrato confidencial entre las partes.<\/p>\n<\/div>\n<div id=\"element-body-2\">\n<blockquote class=\"twitter-tweet\">\n<p lang=\"en\" dir=\"ltr\">\u00a1VamosFranco! \ud83c\udde6\ud83c\uddf7<a rel=\"nofollow\" target=\"_blank\" href=\"https:\/\/twitter.com\/FranColapinto?ref_src=twsrc%5Etfw\">@FranColapinto<\/a> will be making the step up to race driver for the next five races. <a rel=\"nofollow\" target=\"_blank\" href=\"https:\/\/t.co\/tafrINGm4B\">pic.twitter.com\/tafrINGm4B<\/a><\/p>\n<p>\u2014 BWT Alpine Formula One Team (@AlpineF1Team) <a rel=\"nofollow\" target=\"_blank\" href=\"https:\/\/twitter.com\/AlpineF1Team\/status\/1920010748731834545?ref_src=twsrc%5Etfw\">May 7, 2025<\/a><\/p><\/blockquote>\n<\/div>\n<div id=\"element-body-3\">\n<p><em>\u201c<\/em><strong><em>La fecha l\u00edmite es para ustedes<\/em><\/strong><em>. Necesitamos apoyar a Franco\u201d<\/em>, fue la declaraci\u00f3n m\u00e1s reciente del empresario italiano que lleg\u00f3 al Grupo Renault como asesor ejecutivo en Alpine hace un a\u00f1o y, poco despu\u00e9s, fue clave para el desembarco del bonaerense que se hab\u00eda quedado sin lugar en Williams por los contratos a largo plazo de <strong>Alex Albon<\/strong> y <strong>Carlos Sainz<\/strong>. As\u00ed como cuando comunic\u00f3 su llegada a la escuder\u00eda francesa como reserva habl\u00f3 de un fichaje para integrar<em> \u201cun gran grupo de j\u00f3venes pilotos a los que recurrir y con los que trabajar en el desarrollo del equipo para futuros \u00e9xitos\u201d<\/em> (y solo tard\u00f3 cuatro meses en aprobar su ascenso en el lugar de Jack Doohan), antes de que Colapinto se sentara en el A525 por primera vez Briatore ya dec\u00eda que <em>\u201cFranco va a hacer las carreras que necesite, dicen que son 5 carreras, pero no hay l\u00edmite\u201d<\/em>.<\/p>\n<\/div>\n<div id=\"element-body-4\">\n<p>En di\u00e1logo con el diario cordob\u00e9s <strong>La Voz<\/strong>, hace dos semanas en Montreal, ampli\u00f3 su postura y <strong>se\u00f1al\u00f3 como culpable del \u201crumor\u201d, que en realidad fue una informaci\u00f3n publicada por Alpine, a la prensa argentina<\/strong>. <em>&#8220;Franco es parte del equipo, no s\u00e9 de qu\u00e9 rumores hablan. El problema es que la prensa publica mucha basura. La culpa es de ustedes, no de nosotros -se diferenci\u00f3-. Todas estas cosas vienen de Argentina. Se tendr\u00edan que culpar a ustedes mismos. No tienen que preguntarme porque son ustedes los que ponen tanta mierda. Si siguen as\u00ed, no es bueno para Franco tampoco\u201d<\/em>.<\/p>\n<\/div>\n<div id=\"element-body-5\">\n<p>El piloto, por su parte, tambi\u00e9n se hab\u00eda referido a ese posible lapso de cinco carreras cuando <strong>Clar\u00edn <\/strong>lo entrevist\u00f3 en Italia y compar\u00f3 su situaci\u00f3n actual con aquella que un a\u00f1o antes hab\u00eda vivido en Williams al reemplazar al estadounidense<strong> Logan Sargeant<\/strong> en las \u00faltimas nueve carreras.<em> &#8220;\u00bfQu\u00e9 tiene de diferente esta vez? <\/em><strong><em>Que es cinco carreras y no se acaba<\/em><\/strong><em>&#8230; Bueno, no se acaba ni la temporada ni es que me van a bajar despu\u00e9s, tranquila. Hay muchas cosas que veremos y se valorar\u00e1n, supongo. No es que son solo cinco carreras. Veremos c\u00f3mo va todo. Yo, en lo personal, estoy mucho m\u00e1s tranquilo&#8221;<\/em>, hab\u00eda anticipado.<\/p>\n<\/div>\n<div id=\"element-body-6\">\n<p><strong>Otro indicio, m\u00e1s all\u00e1 de que Briatore ya lo confirm\u00f3 p\u00fablicamente, es el viaje que su pap\u00e1, An\u00edbal Colapinto, tiene planificado a Inglaterra, siguiente GP de la temporada<\/strong>. Mientras que Andrea, su mam\u00e1, asisti\u00f3 a las citas en Montecarlo y Catalu\u00f1a -y festej\u00f3 con el piloto su cumplea\u00f1os n\u00famero 22-, su pap\u00e1 iba a estar en el debut pero no pudo viajar a Italia por un problema familiar y tuvo que cancelar a \u00faltimo momento su asistencia a Canad\u00e1, por lo que -seg\u00fan pudo averiguar este medio- el plan es estar del 4 al 6 de julio en Silverstone.<\/p>\n<\/div>\n<p><h2>Un pasado para ilusionarse y un circuito con curvas r\u00e1pidas que puede ayudar al motor Renault<\/h2>\n<\/p>\n<div id=\"element-body-8\">\n<p>Quien el 15 de septiembre de 2024 se convirti\u00f3 en el primer argentino en sumar puntos en un gran premio de <strong>F\u00f3rmula 1<\/strong> desde <strong>Carlos Reutemann<\/strong> en 1982 conoce muy bien la pista austr\u00edaca en la que correr\u00e1 este fin de semana. <strong>La \u00faltima vez que estuvo all\u00ed, hace un a\u00f1o pero en un F\u00f3rmula 2, se subi\u00f3 al segundo lugar de un podio<\/strong> <strong>que comparti\u00f3 con dos pilotos con los que ahora corre en la F1<\/strong>: Gabriel Bortoleto (1\u00b0) e Isack Hadjar (3\u00b0), ahora en Sauber y Racing Bulls. Para los curiosos, la Sprint Race la gan\u00f3 otro que dio el salto: Oliver Bearman, el compa\u00f1ero de Esteban Ocon en Haas.<\/p>\n<\/div>\n<div id=\"element-body-9\">\n<blockquote class=\"twitter-tweet\">\n<p lang=\"es\" dir=\"ltr\">Austria 2024<\/p>\n<p>Franco Colapinto, Gabriel Bortoleto e Isack Hadjar en el podio de la F2. Hoy los tres corren en la F\u00f3rmula 1\ud83d\udc4f\ud83c\udffc\ud83d\ude0a <a rel=\"nofollow\" target=\"_blank\" href=\"https:\/\/t.co\/2Zo0xanDbR\">pic.twitter.com\/2Zo0xanDbR<\/a><\/p>\n<p>\u2014 FC43 (@dailycolapinto) <a rel=\"nofollow\" target=\"_blank\" href=\"https:\/\/twitter.com\/dailycolapinto\/status\/1937170833278898230?ref_src=twsrc%5Etfw\">June 23, 2025<\/a><\/p><\/blockquote>\n<\/div>\n<div id=\"element-body-10\">\n<p>Esa fue la \u00faltima pero no la primera. <strong>Colapinto conoci\u00f3 Spielberg en 2021<\/strong>, cuando corri\u00f3 en la European Le Mans Series y en la Formula Regional European by Alpine. En esa \u00faltima categor\u00eda, donde acab\u00f3 sexto el campeonato, hizo la pole de las dos carreras del fin de semana y gan\u00f3 la Sprint. En 2022, el bonaerense ya hab\u00eda desembarcado en las teloneras de la F1: en la F\u00f3rmula 3 fue tercero en la Sprint y sexto en la Future el primer a\u00f1o y 13\u00b0 y 4\u00b0, respectivamente, en el segundo.<\/p>\n<\/div>\n<div id=\"element-body-11\">\n<p>\u201cEs un circuito que conozco bien por haber competido all\u00ed en categor\u00edas juveniles, m\u00e1s recientemente logrando un podio en la carrera principal de F\u00f3rmula 2 del a\u00f1o pasado\u201d, record\u00f3 en declaraciones publicadas por Alpine. Y calific\u00f3 al Red Bull Ring como <em>\u201c<\/em><strong><em>un verdadero circuito de pilotos<\/em><\/strong><em>, lo que significa que hay que hacerlo todo perfecto y mantener un buen ritmo constante, ya que la vuelta es muy corta\u201d<\/em>. <em>\u201cLa presi\u00f3n estar\u00e1 en lograr maximizar todo en la clasificaci\u00f3n para darnos la mejor oportunidad posible de sumar puntos en la carrera\u201d<\/em>, puntualiz\u00f3.<\/p>\n<\/div>\n<div id=\"element-body-12\">\n<p>En di\u00e1logo con ESPN en Montreal, el piloto hab\u00eda destacado que el circuito de curvas r\u00e1pidas pod\u00eda ser una ventaja para <strong>un motor Renault que pierde alrededor de 30 caballos de fuerza en relaci\u00f3n a sus rivales<\/strong>. <em>&#8220;Hay algunas cosas muy buenas en nuestro coche. Creo que somos muy fuertes en las curvas r\u00e1pidas, y Austria est\u00e1 llena de curvas r\u00e1pidas. Creo que ser\u00e1 un poco un compromiso: seremos buenos en algunas zonas y en otras no tanto. Solo necesitamos sacar el m\u00e1ximo rendimiento a nuestro paquete, y ya veremos&#8221;<\/em>, pronostic\u00f3 quien viene de hacer su mejor clasificaci\u00f3n (12\u00b0, aunque larg\u00f3 d\u00e9cimo) y carrera (13\u00b0, mismo resultado que en M\u00f3naco) desde su llegada a Alpine.<\/p>\n<\/div>\n<p><script async src=\"\/\/platform.twitter.com\/widgets.js\" charset=\"utf-8\"><\/script><br \/>\n<br \/><br \/>\n<br \/><a href=\"https:\/\/www.clarin.com\/deportes\/franco-colapinto-llega-quinta-carrera-alpine-deadline-flavio-briatore-fijo-luego-olvido_0_o1rWLVvm5M.html\">Fuente Clarin.com <\/a><\/p>\n","protected":false},"excerpt":{"rendered":"<p>Lleg\u00f3 el Gran Premio de Austria, ese que apareci\u00f3 en el calendario como el \u00faltimo para Franco Colapinto cuando el 7 de mayo Alpine anunci\u00f3 al argentino como nuevo compa\u00f1ero de Pierre Gasly \u201cpara las pr\u00f3ximas cinco carreras\u201d. Ya pasaron Imola, Montecarlo, Espa\u00f1a y Canad\u00e1. Sin embargo, ese deadline que el propio Flavio Briatore fij\u00f3 [&hellip;]<\/p>\n","protected":false},"author":1,"featured_media":36791,"comment_status":"open","ping_status":"open","sticky":false,"template":"","format":"standard","meta":{"footnotes":""},"categories":[2],"tags":[3963,7843,604,1053,18,22116,7081,17256,3011,2041,1875,13164,8449],"class_list":["post-36790","post","type-post","status-publish","format-standard","has-post-thumbnail","hentry","category-ultimas-noticias","tag-alpine","tag-briatore","tag-carrera","tag-colapinto","tag-con","tag-deadline","tag-fijo","tag-flavio","tag-franco","tag-llega","tag-luego","tag-olvido","tag-quinta"],"_links":{"self":[{"href":"https:\/\/13.com.ar\/index.php\/wp-json\/wp\/v2\/posts\/36790","targetHints":{"allow":["GET"]}}],"collection":[{"href":"https:\/\/13.com.ar\/index.php\/wp-json\/wp\/v2\/posts"}],"about":[{"href":"https:\/\/13.com.ar\/index.php\/wp-json\/wp\/v2\/types\/post"}],"author":[{"embeddable":true,"href":"https:\/\/13.com.ar\/index.php\/wp-json\/wp\/v2\/users\/1"}],"replies":[{"embeddable":true,"href":"https:\/\/13.com.ar\/index.php\/wp-json\/wp\/v2\/comments?post=36790"}],"version-history":[{"count":0,"href":"https:\/\/13.com.ar\/index.php\/wp-json\/wp\/v2\/posts\/36790\/revisions"}],"wp:featuredmedia":[{"embeddable":true,"href":"https:\/\/13.com.ar\/index.php\/wp-json\/wp\/v2\/media\/36791"}],"wp:attachment":[{"href":"https:\/\/13.com.ar\/index.php\/wp-json\/wp\/v2\/media?parent=36790"}],"wp:term":[{"taxonomy":"category","embeddable":true,"href":"https:\/\/13.com.ar\/index.php\/wp-json\/wp\/v2\/categories?post=36790"},{"taxonomy":"post_tag","embeddable":true,"href":"https:\/\/13.com.ar\/index.php\/wp-json\/wp\/v2\/tags?post=36790"}],"curies":[{"name":"wp","href":"https:\/\/api.w.org\/{rel}","templated":true}]}}