{"id":3657,"date":"2025-02-10T19:00:08","date_gmt":"2025-02-10T22:00:08","guid":{"rendered":"https:\/\/13.com.ar\/index.php\/tras-el-tragico-accidente-en-la-pampa-rodrigo-garro-volvio-a-jugar-en-corinthians-y-los-hinchas-le-dieron-un-brutal-recibimiento\/"},"modified":"2025-02-10T19:00:08","modified_gmt":"2025-02-10T22:00:08","slug":"tras-el-tragico-accidente-en-la-pampa-rodrigo-garro-volvio-a-jugar-en-corinthians-y-los-hinchas-le-dieron-un-brutal-recibimiento","status":"publish","type":"post","link":"https:\/\/13.com.ar\/index.php\/tras-el-tragico-accidente-en-la-pampa-rodrigo-garro-volvio-a-jugar-en-corinthians-y-los-hinchas-le-dieron-un-brutal-recibimiento\/","title":{"rendered":"Tras el tr\u00e1gico accidente en La Pampa, Rodrigo Garro volvi\u00f3 a jugar en Corinthians y los hinchas le dieron un brutal recibimiento"},"content":{"rendered":"<p> <br \/>\n<br \/><img decoding=\"async\" src=\"https:\/\/13.com.ar\/wp-content\/uploads\/2025\/02\/Tras-el-tragico-accidente-en-La-Pampa-Rodrigo-Garro-volvio.jpg\" \/><\/p>\n<div>\n<p>Tras dos meses de ausencia, <strong>Rodrigo Garro <\/strong>volvi\u00f3 a jugar este domingo en el partido en el que el <strong>Corinthians <\/strong>venci\u00f3 2 a 0 a S\u00e3o Bernardo FC por los octavos de final del campeonato Paulista. El volante de 27 a\u00f1os ingres\u00f3 a los 54 minutos y tuvo un conmovedor recibimiento, que incluy\u00f3 fuegos artificiales. Los hinchas lo aplaudieron de pie, para demostrarle el cari\u00f1o y el respeto que tienen por el futbolista argentino, quien atraves\u00f3 un dif\u00edcil momento durante las vacaciones.<\/p>\n<\/div>\n<div>\n<p>En su vuelta, el delantero luci\u00f3 el n\u00famero &#8216;8&#8217; en su camiseta que mantendr\u00e1 durante toda la temporada, <strong>el mismo que usaba S\u00f3crates, el m\u00e1ximo \u00eddolo de la instituci\u00f3n<\/strong>. Al ingresar al campo de juego, las tribunas del estadio Neo Qu\u00edmica Arena se iluminaron con un mosaico formado con ese n\u00famero, mientras el club celebraba con fuegos artificiales, uno de los momentos m\u00e1s emotivos de la noche.<\/p>\n<\/div>\n<div>\n<p>Una vez finalizado el partido, Garr\u00f3 se refiri\u00f3 al episodio: &#8220;Estoy bien, claramente no fue un inicio de a\u00f1o f\u00e1cil para m\u00ed, para mi familia.<strong> La vida a veces se da vuelta en un segundo <\/strong>pero toca ser fuerte, tengo una familia que no me deja caer nunca\u201d. <\/p>\n<\/div>\n<div>\n<p>Adem\u00e1s, expres\u00f3 su agradecimiento al cuerpo t\u00e9cnico encabezado por el riojano Ram\u00f3n D\u00edaz, que tambi\u00e9n lo acompa\u00f1\u00f3 en este duro momento: &#8220;Ellos son parte de que hoy yo haya podido volver a jugar y de que <strong>est\u00e9 mentalmente bien<\/strong>\u201d.<\/p>\n<\/div>\n<div>\n<p>Por su parte, el DT riojano elogi\u00f3 al talentoso enganche: &#8220;En los pocos minutos que jug\u00f3, Garro demostr\u00f3 la jerarqu\u00eda que tiene. Seguramente si sigue a este nivel tendr\u00e1 una oportunidad en la Selecci\u00f3n Argentina, porque la categor\u00eda y el tiempo que tiene es de un jugador de primer nivel. Me alegro por \u00e9l&#8221;.<\/p>\n<\/div>\n<div>\n<p>Desde que arranc\u00f3 su ciclo en el Corinthians a mediados del 2024, Rodrigo Garro fue un jugador fundamental para el equipo brasile\u00f1o: disput\u00f3 62 partidos, meti\u00f3 13 goles y 14 asistencias. Su desequilibrio en el uno contra uno y su precisi\u00f3n en los pases, lo convirtieron en una pieza decisiva del ataque del Tim\u00e3o.<\/p>\n<\/div>\n<div>\n<p>Tras lo sucedido en La Pampa, el futbolista fue imputado por <strong>homicidio culposo<\/strong>. El test de alcoholemia realizado en ese momento arroj\u00f3 <strong>un nivel de 0,54 gramos de alcohol por litro de sangre<\/strong>. A pesar de la gravedad de los hechos, el fiscal a cargo no solicit\u00f3 medidas m\u00e1s estrictas, como <strong>la prohibici\u00f3n de salida del pa\u00eds <\/strong>o la detenci\u00f3n porque <strong>argument\u00f3 que no exist\u00edan elementos que indicaran riesgo de fuga o de entorpecimiento del proceso<\/strong>.<\/p>\n<\/div>\n<div>\n<p>En caso de ser condenado, el exfutbolista de Talleres podr\u00eda recibir <strong>una sentencia de dos a cinco a\u00f1os<\/strong>. Todav\u00eda se est\u00e1 a la espera del comienzo del juicio. Hasta el momento, <strong>el juez solo orden\u00f3 la inhabilitaci\u00f3n de Garro para conducir<\/strong>.<\/p>\n<\/div>\n<p><br \/>\n<br \/><a href=\"https:\/\/www.clarin.com\/deportes\/tragico-accidente-pampa-rodrigo-garro-volvio-jugar-corinthians-hinchas-dieron-brutal-recibimiento_0_ik1YGaFj2r.html\">Fuente Clarin.com <\/a><\/p>\n","protected":false},"excerpt":{"rendered":"<p>Tras dos meses de ausencia, Rodrigo Garro volvi\u00f3 a jugar este domingo en el partido en el que el Corinthians venci\u00f3 2 a 0 a S\u00e3o Bernardo FC por los octavos de final del campeonato Paulista. El volante de 27 a\u00f1os ingres\u00f3 a los 54 minutos y tuvo un conmovedor recibimiento, que incluy\u00f3 fuegos artificiales. [&hellip;]<\/p>\n","protected":false},"author":1,"featured_media":3658,"comment_status":"open","ping_status":"open","sticky":false,"template":"","format":"standard","meta":{"footnotes":""},"categories":[2],"tags":[973,427,5695,3831,5694,3593,1706,28,5693,5696,597,3465,312,504],"class_list":["post-3657","post","type-post","status-publish","format-standard","has-post-thumbnail","hentry","category-ultimas-noticias","tag-accidente","tag-brutal","tag-corinthians","tag-dieron","tag-garro","tag-hinchas","tag-jugar","tag-los","tag-pampa","tag-recibimiento","tag-rodrigo","tag-tragico","tag-tras","tag-volvio"],"_links":{"self":[{"href":"https:\/\/13.com.ar\/index.php\/wp-json\/wp\/v2\/posts\/3657","targetHints":{"allow":["GET"]}}],"collection":[{"href":"https:\/\/13.com.ar\/index.php\/wp-json\/wp\/v2\/posts"}],"about":[{"href":"https:\/\/13.com.ar\/index.php\/wp-json\/wp\/v2\/types\/post"}],"author":[{"embeddable":true,"href":"https:\/\/13.com.ar\/index.php\/wp-json\/wp\/v2\/users\/1"}],"replies":[{"embeddable":true,"href":"https:\/\/13.com.ar\/index.php\/wp-json\/wp\/v2\/comments?post=3657"}],"version-history":[{"count":0,"href":"https:\/\/13.com.ar\/index.php\/wp-json\/wp\/v2\/posts\/3657\/revisions"}],"wp:featuredmedia":[{"embeddable":true,"href":"https:\/\/13.com.ar\/index.php\/wp-json\/wp\/v2\/media\/3658"}],"wp:attachment":[{"href":"https:\/\/13.com.ar\/index.php\/wp-json\/wp\/v2\/media?parent=3657"}],"wp:term":[{"taxonomy":"category","embeddable":true,"href":"https:\/\/13.com.ar\/index.php\/wp-json\/wp\/v2\/categories?post=3657"},{"taxonomy":"post_tag","embeddable":true,"href":"https:\/\/13.com.ar\/index.php\/wp-json\/wp\/v2\/tags?post=3657"}],"curies":[{"name":"wp","href":"https:\/\/api.w.org\/{rel}","templated":true}]}}