{"id":3653,"date":"2025-02-10T18:44:57","date_gmt":"2025-02-10T21:44:57","guid":{"rendered":"https:\/\/13.com.ar\/index.php\/ya-no-puedo-salir-a-la-vereda\/"},"modified":"2025-02-10T18:44:57","modified_gmt":"2025-02-10T21:44:57","slug":"ya-no-puedo-salir-a-la-vereda","status":"publish","type":"post","link":"https:\/\/13.com.ar\/index.php\/ya-no-puedo-salir-a-la-vereda\/","title":{"rendered":"Ya no puedo salir a la vereda"},"content":{"rendered":"<p> <br \/>\n<\/p>\n<div id=\"cuerpo\">\n<div class=\"sc-80531b6b-0 chRIGJ container-text text-embed\">\n<p>Las im\u00e1genes de Natalia, primero pidiendo &#8220;por favor&#8221; y luego explotando de bronca y angustia tras ser despojada por dos delincuentes del Peugeot 208 familiar, recorrieron las redes sociales y los medios de comunicaci\u00f3n en los \u00faltimos d\u00edas.<\/p>\n<\/div>\n<div class=\"sc-80531b6b-0 chRIGJ container-text text-embed\">\n<p>Y no es para menos porque el registro audiovisual, captado por una de las c\u00e1maras de seguridad apostada en el lugar, muestra el momento exacto en el que la mujer y su familia fueron sorprendidos el s\u00e1bado 8 mientras llegaban a &#8216;Grito de Gol&#8217;, el sal\u00f3n de fiestas ubicado en Grito de Alcorta al 1831, en el <strong>Partido de Mor\u00f3n<\/strong>, en el que <strong>festejar\u00edan el cumplea\u00f1os n\u00famero 9 de su hijo, Lorenzo<\/strong>.<\/p>\n<\/div>\n<div class=\"sc-80531b6b-0 chRIGJ container-text text-embed\">\n<p>L\u00f3gicamente, la celebraci\u00f3n qued\u00f3 trunca por el salvaje episodio de inseguridad y el ni\u00f1o, quien segundos antes de la llegada de los asaltantes descendi\u00f3 del auto con dos manojos de globos atados, <strong>no ocult\u00f3 su enojo<\/strong> por la violenta situaci\u00f3n que padeci\u00f3 junto a su madre, su padre y su abuela.<\/p>\n<\/div>\n<div class=\"sc-80531b6b-0 chRIGJ container-text text-embed\">\n<p>&#8220;\u00bfA vos te gustan que te roben? No. Entonces, vos tampoco ten\u00e9s que arruinarle las cosas a la gente&#8221;, reflexion\u00f3 el peque\u00f1o, a quien apodan Lolo, quien acompa\u00f1\u00f3 a su mam\u00e1 a una entrevista con <em>TN<\/em>.<\/p>\n<\/div>\n<div class=\"sc-198be8ec-0 cynXbu image-embed  image-embed \"><picture class=\"sc-198be8ec-1 kOjRiQ\"><source media=\"(min-width: 975px)\" width=\"720\" height=\"480\" \/><img alt=\"El peque\u00f1o celebraba su cumplea\u00f1os n\u00famero nueve.\" loading=\"lazy\" width=\"720\" height=\"480\" decoding=\"async\" data-nimg=\"1\" style=\"color:transparent\" src=\"https:\/\/13.com.ar\/wp-content\/uploads\/2025\/02\/Ya-no-puedo-salir-a-la-vereda.jpg\"\/><span class=\"epigraphe\">El peque\u00f1o celebraba su cumplea\u00f1os n\u00famero nueve.<\/span><span class=\"bkg\"\/><span class=\"picture-open\"><button class=\"open-image\" aria-label=\"Open Image\"\/><\/span><\/picture><\/div>\n<div class=\"sc-80531b6b-0 chRIGJ container-text text-embed\">\n<p>All\u00ed <strong>pidi\u00f3 por mayor seguridad<\/strong> y cont\u00f3 -y lament\u00f3- la manera en la que procede para poder divertirse cotidianamente: &#8220;No puedo jugar con mis amigos. <strong>Si yo quiero un d\u00eda salir a la calle<\/strong> con alg\u00fan amigo, <strong>no puedo<\/strong>. Si estoy adelante en mi casa, tengo que pasarme atr\u00e1s. Y es m\u00e1s chiquito mi patio, y <strong>no puedo jugar<\/strong>&#8220;.<\/p>\n<\/div>\n<div class=\"sc-80531b6b-0 chRIGJ container-text text-embed\">\n<p>&#8220;No podemos descansar. Es un <strong>protocolo de seguridad que ten\u00e9s que hacerte propiamente<\/strong>: mirar a los costados, que no venga nadie adelante, que no est\u00e9 nadie cerca de la casa, que las puertas y el port\u00f3n se abran r\u00e1pido, dar la vuelta manzana si hay gente&#8221;, agreg\u00f3 Natalia, quien asegur\u00f3 sentirse con &#8220;enojo, rabia y mucha bronca&#8221; porque es la <strong>tercera vez que le roban el auto<\/strong>.<\/p>\n<\/div>\n<div class=\"sc-80531b6b-0 chRIGJ container-text text-embed\">\n<p>La primera ocasi\u00f3n fue el lunes <strong>12 de julio de 2021<\/strong>, cuando llev\u00f3 a su hijo a la escuela. Se encontraba sola cuando fue interceptada por <strong>tres hombres armados<\/strong> cerca de las ocho de la ma\u00f1ana en la intersecci\u00f3n de las calles Humait\u00e1 y Concejal Miguel Ramella, <strong>a un kil\u00f3metro del reciente robo<\/strong>. Dos d\u00edas despu\u00e9s de ese primer asalto (en el que perdi\u00f3 su Fiat Argo de color gris), una amiga suya pas\u00f3 a buscarla para llevarla al trabajo y volvi\u00f3 a ser atacada.<\/p>\n<\/div>\n<div class=\"sc-ad4aedf2-0 dPPgNJ border-video video-embed horizontal border-video video-embed horizontal\">\n<div class=\"sc-ad4aedf2-1 hnFuni videoText videoText\">\n<h2>Video<\/h2>\n<p>Le robaron el auto a una familia mientras preparaba el cumplea\u00f1os de su hijo<\/p>\n<\/div>\n<\/div>\n<div class=\"sc-80531b6b-0 chRIGJ container-text text-embed\">\n<p>En esta \u00faltima oportunidad, adem\u00e1s del veh\u00edculo, su esposo -Mariano- perdi\u00f3 las llaves de su casa, del trabajo, dinero en efectivo, las tarjetas de d\u00e9bito y cr\u00e9dito, y elementos que estaban destinados al cumplea\u00f1os de Lorenzo.<\/p>\n<\/div>\n<div class=\"sc-80531b6b-0 chRIGJ container-text text-embed\">\n<p> &#8220;Hicieron gastos de $750.000 en el transcurso de la noche del s\u00e1bado y la madrugada del domingo. Aparentemente, son en estaciones de servicio y helader\u00edas&#8221;, detall\u00f3 la mujer, quien tambi\u00e9n anticip\u00f3 que planea llevar a cabo el festejo de Lolo pr\u00f3ximamente, junto al de su pareja, para tratar de apaciguar el mal momento padecido.<\/p>\n<\/div>\n<\/div>\n<p><br \/>\n<br \/><a href=\"https:\/\/www.clarin.com\/zonales\/nene-robaron-cumple-puedo-salir-vereda_0_TpIoECDTDj.html\">Fuente Clarin.com <\/a><\/p>\n","protected":false},"excerpt":{"rendered":"<p>Las im\u00e1genes de Natalia, primero pidiendo &#8220;por favor&#8221; y luego explotando de bronca y angustia tras ser despojada por dos delincuentes del Peugeot 208 familiar, recorrieron las redes sociales y los medios de comunicaci\u00f3n en los \u00faltimos d\u00edas. Y no es para menos porque el registro audiovisual, captado por una de las c\u00e1maras de seguridad [&hellip;]<\/p>\n","protected":false},"author":1,"featured_media":3654,"comment_status":"open","ping_status":"open","sticky":false,"template":"","format":"standard","meta":{"footnotes":""},"categories":[2],"tags":[5615,1660,5687],"class_list":["post-3653","post","type-post","status-publish","format-standard","has-post-thumbnail","hentry","category-ultimas-noticias","tag-puedo","tag-salir","tag-vereda"],"_links":{"self":[{"href":"https:\/\/13.com.ar\/index.php\/wp-json\/wp\/v2\/posts\/3653","targetHints":{"allow":["GET"]}}],"collection":[{"href":"https:\/\/13.com.ar\/index.php\/wp-json\/wp\/v2\/posts"}],"about":[{"href":"https:\/\/13.com.ar\/index.php\/wp-json\/wp\/v2\/types\/post"}],"author":[{"embeddable":true,"href":"https:\/\/13.com.ar\/index.php\/wp-json\/wp\/v2\/users\/1"}],"replies":[{"embeddable":true,"href":"https:\/\/13.com.ar\/index.php\/wp-json\/wp\/v2\/comments?post=3653"}],"version-history":[{"count":0,"href":"https:\/\/13.com.ar\/index.php\/wp-json\/wp\/v2\/posts\/3653\/revisions"}],"wp:featuredmedia":[{"embeddable":true,"href":"https:\/\/13.com.ar\/index.php\/wp-json\/wp\/v2\/media\/3654"}],"wp:attachment":[{"href":"https:\/\/13.com.ar\/index.php\/wp-json\/wp\/v2\/media?parent=3653"}],"wp:term":[{"taxonomy":"category","embeddable":true,"href":"https:\/\/13.com.ar\/index.php\/wp-json\/wp\/v2\/categories?post=3653"},{"taxonomy":"post_tag","embeddable":true,"href":"https:\/\/13.com.ar\/index.php\/wp-json\/wp\/v2\/tags?post=3653"}],"curies":[{"name":"wp","href":"https:\/\/api.w.org\/{rel}","templated":true}]}}