{"id":36223,"date":"2025-06-23T12:03:42","date_gmt":"2025-06-23T15:03:42","guid":{"rendered":"https:\/\/13.com.ar\/index.php\/una-joven-brasilera-cayo-en-un-volcan-de-indonesia-y-lleva-tres-dias-esperando-ser-rescatada\/"},"modified":"2025-06-23T12:03:42","modified_gmt":"2025-06-23T15:03:42","slug":"una-joven-brasilera-cayo-en-un-volcan-de-indonesia-y-lleva-tres-dias-esperando-ser-rescatada","status":"publish","type":"post","link":"https:\/\/13.com.ar\/index.php\/una-joven-brasilera-cayo-en-un-volcan-de-indonesia-y-lleva-tres-dias-esperando-ser-rescatada\/","title":{"rendered":"Una joven brasilera cay\u00f3 en un volc\u00e1n de Indonesia y lleva tres d\u00edas esperando ser rescatada"},"content":{"rendered":"<p> <br \/>\n<br \/><img decoding=\"async\" src=\"https:\/\/13.com.ar\/wp-content\/uploads\/2025\/06\/Una-joven-brasilera-cayo-en-un-volcan-de-Indonesia-y.jpg\" \/><\/p>\n<div id=\"element-body-0\">\n<p>Est\u00e1 sola. No tiene agua, ni comida, ni ropa para abrigarse. As\u00ed se encuentra <strong>Juliana Marins <\/strong>-la brasilera que se cay\u00f3 en el <strong>volc\u00e1n Rinjani en Lombok, Indonesia<\/strong>&#8211; desde la madrugada del <strong>s\u00e1bado 21 de junio<\/strong> (el anochecer del viernes 20 en Brasil).<\/p>\n<\/div>\n<div id=\"element-body-1\">\n<p>La joven de 26 a\u00f1os resbal\u00f3 mientras realizaba senderismo en el lugar con el apoyo de una <strong>empresa de turismo<\/strong> y se precipit\u00f3 unos <strong>300 metros <\/strong>desde de un acantilado que rodea el camino junto al cr\u00e1ter del volc\u00e1n.<\/p>\n<\/div>\n<div id=\"element-body-2\">\n<p>De acuerdo a lo que indicaron algunas personas que se hallan en el lugar, Juliana qued\u00f3 muy debilitada despu\u00e9s de la ca\u00edda y <strong>no puede moverse<\/strong>. La mujer fue localizada por otros turistas gracias al empleo de un dron. El <strong>video <\/strong>muestra que sobrevivi\u00f3 al golpe y que estaba en una grieta entre las rocas.<\/p>\n<\/div>\n<div id=\"element-body-3\">\n<p>Fue este grupo el que unas tres horas despu\u00e9s de la ca\u00edda <strong>se comunic\u00f3 con su familia<\/strong> a trav\u00e9s de las redes sociales.<\/p>\n<\/div>\n<div id=\"element-body-4\">\n<p>Mariana Marins, la hermana de la joven, explic\u00f3 que los turistas le contaron a la<strong> familia<\/strong> sobre la situaci\u00f3n de Juliana con fotos y videos, adem\u00e1s de enviar la<strong> ubicaci\u00f3n<\/strong> exacta de donde se encontraba.<\/p>\n<\/div>\n<div id=\"element-body-7\">\n<p>Una de las compa\u00f1eras de caminata de Juliana le cont\u00f3 a<em> TV Globo <\/em>que <strong>el grupo ascendi\u00f3 1500 metros el primer d\u00eda<\/strong> hasta un campamento. Hay un video que muestra a las dos j\u00f3venes, decepcionadas por la vista completamente cubierta por las nubes, bromeando con la c\u00e1mara, public\u00f3 <em>dw.com<\/em>.<\/p>\n<\/div>\n<div id=\"element-body-8\">\n<p>A la ma\u00f1ana siguiente, reanudaron la ruta tambi\u00e9n en condiciones adversas. Seg\u00fan otros miembros del grupo, hac\u00eda fr\u00edo, estaba oscuro, nublado y resbaladizo, y parte del grupo se adelant\u00f3 a <strong>Juliana<\/strong>, quien <strong>tuvo dificultades<\/strong> para seguir la ruta.<\/p>\n<\/div>\n<div id=\"element-body-9\">\n<p>&#8220;Juliana estaba desesperada porque no sab\u00eda qu\u00e9 hacer, y eso culmin\u00f3 en su desaparici\u00f3n. Cuando se dio cuenta de que tardaba demasiado, lleg\u00f3 [el gu\u00eda] y vio que se hab\u00eda ca\u00eddo all\u00ed&#8221;, relat\u00f3 Mariana en el programa Fant\u00e1stico de <em>TV Globo<\/em>. <\/p>\n<\/div>\n<div id=\"element-body-10\">\n<p>La mujer compart\u00eda la informaci\u00f3n que le dieron los empleados del parque en el que se encuentra el volc\u00e1n.<\/p>\n<\/div>\n<div id=\"element-body-11\">\n<p>Seg\u00fan el \u00faltimo medio citado, hay <strong>detalles contradictorios<\/strong> sobre las condiciones en las que se produjo la ca\u00edda, que han llegado virtualmente a la familia en Brasil.<\/p>\n<\/div>\n<div id=\"element-body-12\">\n<p>Los funcionarios del parque informaron que <strong>el gu\u00eda la hab\u00eda abandonado <\/strong>cuando ella dijo que estaba demasiado cansada para continuar el sendero. Sus compa\u00f1eros de excursi\u00f3n, por el contrario, comentaron que el <strong>gu\u00eda estaba cerca <\/strong>de ella al momento del accidente.<\/p>\n<\/div>\n<p><h2>Por qu\u00e9 se complica rescatar a la mujer brasilera que cay\u00f3 desde un volc\u00e1n en Indonesia<\/h2>\n<\/p>\n<div id=\"element-body-14\">\n<p>Desde el preciso momento de la ca\u00edda hasta ahora, el rescate de Juliana <strong>ha enfrentado enormes dificultades<\/strong> que se han convertido en el principal obst\u00e1culo para su localizaci\u00f3n y evacuaci\u00f3n. <\/p>\n<\/div>\n<div id=\"element-body-15\">\n<p>En este sentido, a horas de ocurrida la tragedia, un equipo de rescate lleg\u00f3 a pie, pero no logr\u00f3 acceder hasta donde se encontraba ella. Necesitaban m\u00e1s equipamiento, argumentaron.<\/p>\n<\/div>\n<div id=\"element-body-16\">\n<p>Y la situaci\u00f3n sigue siendo complicada y <strong>la b\u00fasqueda tuvo que suspenderse<\/strong> nuevamente por complicaciones clim\u00e1ticas. <\/p>\n<\/div>\n<div id=\"element-body-18\">\n<p>Sucede que, como publica <em>CNN Brasil<\/em>, la regi\u00f3n del volc\u00e1n Rinjani es de <strong>dif\u00edcil acceso<\/strong>, se caracteriza por una <strong>densa niebla y la presencia de roc\u00edo<\/strong> que hacen que las rocas sean resbaladizas, lo que dificulta mucho el rescate. <\/p>\n<\/div>\n<div id=\"element-body-19\">\n<p>La niebla tambi\u00e9n provoc\u00f3 que Juliana se deslizara monta\u00f1a abajo. Y a esto hay que agregar que el terreno es muy <strong>empinado<\/strong>. <\/p>\n<\/div>\n<div id=\"element-body-21\">\n<p><em>Juliana Marins<\/em> tiene 26 a\u00f1os y es de <strong>Niter\u00f3i<\/strong>, una ciudad de la Regi\u00f3n Metropolitana de R\u00edo de Janeiro. Es licenciada en Publicidad y Propaganda por la Universidad Federal de R\u00edo de Janeiro (UFRJ). <\/p>\n<\/div>\n<div id=\"element-body-22\">\n<p>Anteriormente, pas\u00f3 dos meses en Egipto durante sus estudios universitarios y trabaj\u00f3 en la producci\u00f3n de un canal de televisi\u00f3n dedicado a los <strong>deportes extremos<\/strong>.<\/p>\n<\/div>\n<div id=\"element-body-23\">\n<p>Como inform\u00f3 CNN Brasil, la joven tambi\u00e9n es<strong> bailarina profesional de pole dance<\/strong> y realiza presentaciones art\u00edsticas. Adem\u00e1s, suele compartir grabaciones de sus shows y actuaciones en sus redes sociales.<\/p>\n<\/div>\n<div id=\"element-body-24\">\n<p>Seg\u00fan su hermana Mariana, Juliana ha estado viajando de <strong>mochilera<\/strong> en Asia desde febrero pasado y ya visit\u00f3 pa\u00edses como Vietnam, Tailandia y Filipinas.<\/p>\n<\/div>\n<p><br \/>\n<br \/><a href=\"https:\/\/www.clarin.com\/internacional\/joven-brasilera-cayo-volcan-indonesia-lleva-dias-esperando-rescatada_0_BeVStSnJqs.html\">Fuente Clarin.com <\/a><\/p>\n","protected":false},"excerpt":{"rendered":"<p>Est\u00e1 sola. No tiene agua, ni comida, ni ropa para abrigarse. As\u00ed se encuentra Juliana Marins -la brasilera que se cay\u00f3 en el volc\u00e1n Rinjani en Lombok, Indonesia&#8211; desde la madrugada del s\u00e1bado 21 de junio (el anochecer del viernes 20 en Brasil). La joven de 26 a\u00f1os resbal\u00f3 mientras realizaba senderismo en el lugar [&hellip;]<\/p>\n","protected":false},"author":1,"featured_media":36224,"comment_status":"open","ping_status":"open","sticky":false,"template":"","format":"standard","meta":{"footnotes":""},"categories":[2],"tags":[18029,1269,500,8081,4179,2842,2365,14811,1234,434,73,14021],"class_list":["post-36223","post","type-post","status-publish","format-standard","has-post-thumbnail","hentry","category-ultimas-noticias","tag-brasilera","tag-cayo","tag-dias","tag-esperando","tag-indonesia","tag-joven","tag-lleva","tag-rescatada","tag-ser","tag-tres","tag-una","tag-volcan"],"_links":{"self":[{"href":"https:\/\/13.com.ar\/index.php\/wp-json\/wp\/v2\/posts\/36223","targetHints":{"allow":["GET"]}}],"collection":[{"href":"https:\/\/13.com.ar\/index.php\/wp-json\/wp\/v2\/posts"}],"about":[{"href":"https:\/\/13.com.ar\/index.php\/wp-json\/wp\/v2\/types\/post"}],"author":[{"embeddable":true,"href":"https:\/\/13.com.ar\/index.php\/wp-json\/wp\/v2\/users\/1"}],"replies":[{"embeddable":true,"href":"https:\/\/13.com.ar\/index.php\/wp-json\/wp\/v2\/comments?post=36223"}],"version-history":[{"count":0,"href":"https:\/\/13.com.ar\/index.php\/wp-json\/wp\/v2\/posts\/36223\/revisions"}],"wp:featuredmedia":[{"embeddable":true,"href":"https:\/\/13.com.ar\/index.php\/wp-json\/wp\/v2\/media\/36224"}],"wp:attachment":[{"href":"https:\/\/13.com.ar\/index.php\/wp-json\/wp\/v2\/media?parent=36223"}],"wp:term":[{"taxonomy":"category","embeddable":true,"href":"https:\/\/13.com.ar\/index.php\/wp-json\/wp\/v2\/categories?post=36223"},{"taxonomy":"post_tag","embeddable":true,"href":"https:\/\/13.com.ar\/index.php\/wp-json\/wp\/v2\/tags?post=36223"}],"curies":[{"name":"wp","href":"https:\/\/api.w.org\/{rel}","templated":true}]}}