{"id":36218,"date":"2025-06-23T11:33:30","date_gmt":"2025-06-23T14:33:30","guid":{"rendered":"https:\/\/13.com.ar\/index.php\/cuando-midio-la-cena-de-despedida-de-gran-hermano-con-santiago-del-moro-como-invitado-especial-y-ventilando-cosas-del-afuera\/"},"modified":"2025-06-23T11:33:30","modified_gmt":"2025-06-23T14:33:30","slug":"cuando-midio-la-cena-de-despedida-de-gran-hermano-con-santiago-del-moro-como-invitado-especial-y-ventilando-cosas-del-afuera","status":"publish","type":"post","link":"https:\/\/13.com.ar\/index.php\/cuando-midio-la-cena-de-despedida-de-gran-hermano-con-santiago-del-moro-como-invitado-especial-y-ventilando-cosas-del-afuera\/","title":{"rendered":"cu\u00e1ndo midi\u00f3 la cena de despedida de Gran Hermano con Santiago del Moro como invitado especial y ventilando cosas del afuera"},"content":{"rendered":"<p> <br \/>\n<br \/><img decoding=\"async\" src=\"https:\/\/13.com.ar\/wp-content\/uploads\/2025\/06\/cuando-midio-la-cena-de-despedida-de-Gran-Hermano-con.jpg\" \/><\/p>\n<div id=\"element-body-0\">\n<p><strong>Otro fin de semana XL que modific\u00f3 las cifras habituales<\/strong> de rating, pero que tuvo un domingo mejor que el anterior: el 15 junio, d\u00eda del padre, lo m\u00e1s visto hab\u00eda llegado a los 8,8, de la mano de <strong>Pasapalabra<\/strong>. Esta vez, 22 de junio,<strong> arriba de todo se ubic\u00f3 Gran hermano (a las 22.20, por Telefe) con 13,6 puntos<\/strong>. Seguramente el canal esperaba mayor caudal de p\u00fablico del otro lado, teniendo en cuenta que se trataba de la \u00faltima gran cena, con Santiago del Moro ingresando a la casa para empezar a romper el aislamiento.<\/p>\n<\/div>\n<div id=\"element-body-1\">\n<p>El conductor lleg\u00f3 para comer junto a los cuatro finalistas: <strong>Eugenia, Luz, Tato y Ulises<\/strong>. Adem\u00e1s de contarles qu\u00e9 premios se llevar\u00e1n del primero al cuarto puesto, les anunci\u00f3 que en ese mismo instante <strong>se abr\u00eda la inscripci\u00f3n para una nueva edici\u00f3n, llamada &#8220;Generaci\u00f3n dorada&#8221;<\/strong>, que estar\u00e1 integrada por personajes famosos y gente no conocida (al menos hasta ese momento). Comieron <strong>hamburguesas auspiciadas con papas fritas<\/strong>.<\/p>\n<\/div>\n<div id=\"element-body-2\">\n<p>Y tambi\u00e9n les revel\u00f3 varias cosas del afuera, como <strong>las reacciones que se generaron a partir de las salidas de su ex compa\u00f1eros y las campa\u00f1as <\/strong>que cada uno de los cuatro est\u00e1 recibiendo rumbo a la final que arranca este mismo lunes.<\/p>\n<\/div>\n<div id=\"element-body-3\">\n<p>El segundo puesto fue para DirecTV Go: espiando la casa, con 13,3 puntos, delante de la segunda parte de GH, con 10,7 (recordemos que en canal divide la medici\u00f3n de lo m\u00e1s exitoso como para no licuar tanto el promedio).<\/p>\n<\/div>\n<div id=\"element-body-5\">\n<p>El <em>Top Five<\/em> de este 22 de junio se complet\u00f3 con <strong>Pasapalabra<\/strong> y sus 9,7 puntos, seguido por <strong>la goleada de la Juventus al Wydad Casablanca con 9,4<\/strong> puntos, por la fase de grupos del Mundial de Clubes. Los cinco casilleros fueron <strong>ocupados por Telef<\/strong>e.<\/p>\n<\/div>\n<div id=\"element-body-6\">\n<p>Por el lado de El Trece, arriba de todo se ubic\u00f3 el ciclo <em>Cine shampoo<\/em>, que marc\u00f3 5,4 puntos.<\/p>\n<\/div>\n<div id=\"element-body-8\">\n<p>En Elnueve gan\u00f3 <strong>Implacables<\/strong> <strong>con 1,3<\/strong>, en Am\u00e9rica se impuso<strong> GPS con 1,6<\/strong>, y en la TV P\u00fablica pic\u00f3 en punta <strong>La final de TC, con 2,7 puntos<\/strong>.<\/p>\n<\/div>\n<div id=\"element-body-10\">\n<p>Net TV obtuvo su mejor puntuaci\u00f3n con<strong> <\/strong><em>Cine Club<\/em>, que midi\u00f3 0,6, y <em>e<\/em>n Bravo gano la lata <strong>Destilando amor<\/strong>.<\/p>\n<\/div>\n<div id=\"element-body-11\">\n<p><strong>Telefe fue el canal m\u00e1s visto, con un promedio general de 8 puntos<\/strong> contra los<strong> 3,8 de El Trece<\/strong>. Am\u00e9rica midi\u00f3 <strong>1,1<\/strong>, tres d\u00e9cimas m\u00e1s que lo que logr\u00f3 su competidor directo, El nueve (0,8). Luego se ubic\u00f3 <strong>la TV P\u00fablica con 0,7, seguida por el 0,3 de Net <\/strong>y el <strong>0,1 de Bravo<\/strong>.<\/p>\n<\/div>\n<div id=\"element-body-12\">\n<p>Este lunes 23 de junio, en <strong>Gran hermano<\/strong>, comenzar\u00e1 la final de esta temporada: de acuerdo a la decisi\u00f3n del p\u00fablico<strong> se ir\u00e1 el participante que menos votos haya recibido entre los cuatro finalistas<\/strong>: Eugenia, Luz, Tato y Ulises. El reality saldr\u00e1 al aire luego del estreno de <strong>La voz Argentina<\/strong>, que este lunes arranca otra temporada, ya sin Marley y conducida por Nico Occhiato, fundador y estrella de Luzu TV. El jurado estar\u00e1 integrado por <strong>Lali Esp\u00f3sito, Soledad Pastorutti, Miranda! y Luck Ra<\/strong>.<\/p>\n<\/div>\n<div id=\"element-body-13\">\n<p>Y el martes se conocer\u00e1n las posiciones finales del podio de <strong>GH<\/strong> y se sabr\u00e1 qui\u00e9n fue el elegido para apagar la luz.<\/p>\n<\/div>\n<p><br \/>\n<br \/><a href=\"https:\/\/www.clarin.com\/espectaculos\/rating-domingo-midio-cena-despedida-gran-hermano-santiago-moro-invitado-especial-ventilando-cosas-afuera_0_5kVEDhtPDg.html\">Fuente Clarin.com <\/a><\/p>\n","protected":false},"excerpt":{"rendered":"<p>Otro fin de semana XL que modific\u00f3 las cifras habituales de rating, pero que tuvo un domingo mejor que el anterior: el 15 junio, d\u00eda del padre, lo m\u00e1s visto hab\u00eda llegado a los 8,8, de la mano de Pasapalabra. Esta vez, 22 de junio, arriba de todo se ubic\u00f3 Gran hermano (a las 22.20, [&hellip;]<\/p>\n","protected":false},"author":1,"featured_media":36219,"comment_status":"open","ping_status":"open","sticky":false,"template":"","format":"standard","meta":{"footnotes":""},"categories":[2],"tags":[7994,10388,66,18,2799,677,100,4665,3442,925,926,10926,8747,5899,414,21963],"class_list":["post-36218","post","type-post","status-publish","format-standard","has-post-thumbnail","hentry","category-ultimas-noticias","tag-afuera","tag-cena","tag-como","tag-con","tag-cosas","tag-cuando","tag-del","tag-despedida","tag-especial","tag-gran","tag-hermano","tag-invitado","tag-midio","tag-moro","tag-santiago","tag-ventilando"],"_links":{"self":[{"href":"https:\/\/13.com.ar\/index.php\/wp-json\/wp\/v2\/posts\/36218","targetHints":{"allow":["GET"]}}],"collection":[{"href":"https:\/\/13.com.ar\/index.php\/wp-json\/wp\/v2\/posts"}],"about":[{"href":"https:\/\/13.com.ar\/index.php\/wp-json\/wp\/v2\/types\/post"}],"author":[{"embeddable":true,"href":"https:\/\/13.com.ar\/index.php\/wp-json\/wp\/v2\/users\/1"}],"replies":[{"embeddable":true,"href":"https:\/\/13.com.ar\/index.php\/wp-json\/wp\/v2\/comments?post=36218"}],"version-history":[{"count":0,"href":"https:\/\/13.com.ar\/index.php\/wp-json\/wp\/v2\/posts\/36218\/revisions"}],"wp:featuredmedia":[{"embeddable":true,"href":"https:\/\/13.com.ar\/index.php\/wp-json\/wp\/v2\/media\/36219"}],"wp:attachment":[{"href":"https:\/\/13.com.ar\/index.php\/wp-json\/wp\/v2\/media?parent=36218"}],"wp:term":[{"taxonomy":"category","embeddable":true,"href":"https:\/\/13.com.ar\/index.php\/wp-json\/wp\/v2\/categories?post=36218"},{"taxonomy":"post_tag","embeddable":true,"href":"https:\/\/13.com.ar\/index.php\/wp-json\/wp\/v2\/tags?post=36218"}],"curies":[{"name":"wp","href":"https:\/\/api.w.org\/{rel}","templated":true}]}}