{"id":3614,"date":"2025-02-10T16:53:03","date_gmt":"2025-02-10T19:53:03","guid":{"rendered":"https:\/\/13.com.ar\/index.php\/como-se-gesto-la-ruptura-de-milei-y-cavallo\/"},"modified":"2025-02-10T16:53:03","modified_gmt":"2025-02-10T19:53:03","slug":"como-se-gesto-la-ruptura-de-milei-y-cavallo","status":"publish","type":"post","link":"https:\/\/13.com.ar\/index.php\/como-se-gesto-la-ruptura-de-milei-y-cavallo\/","title":{"rendered":"c\u00f3mo se gest\u00f3 la ruptura de Milei y Cavallo"},"content":{"rendered":"<p> <br \/>\n<br \/><img decoding=\"async\" src=\"https:\/\/13.com.ar\/wp-content\/uploads\/2025\/02\/como-se-gesto-la-ruptura-de-Milei-y-Cavallo.jpg\" \/><\/p>\n<div id=\"cuerpo\">\n<div class=\"sc-80531b6b-0 chRIGJ container-text text-embed\">\n<p>La historia de amor y odio entre Javier Milei y Domingo Cavallo no comenz\u00f3 ayer. Pero sin dudas alcanz\u00f3 <strong>un punto de inflexi\u00f3n <\/strong>este lunes con la decisi\u00f3n del Presidente de echar de la OEA a Sonia Cavallo, la hija del exministro de Econom\u00eda. La <em>vendetta<\/em> coron\u00f3 as\u00ed una serie de desavenencias en torno al rumbo econ\u00f3mico que emergieron casi desde el d\u00eda 1 de la gesti\u00f3n y que tuvieron por centro la pol\u00edtica cambiaria y monetaria.<\/p>\n<\/div>\n<div class=\"sc-80531b6b-0 chRIGJ container-text text-embed\">\n<p>&#8220;\u00bfC\u00f3mo va a hacer subir el d\u00f3lar si yo le estoy sacando todos los pesos que andan dando vueltas? El d\u00f3lar se tiene que caer como un piano. <strong>Le voy a decir, en especial al impresentable de Cavallo<\/strong>&#8220;, lanz\u00f3 este lunes el Presidente, en una entrevista en A24. &#8220;Mientras \u00e9l insultaba a todo el mundo cuando hablaban de devaluaci\u00f3n,<strong> defend\u00eda el tipo de cambio de la convertibilidad. Y este programa es much\u00edsimo m\u00e1s exitoso&#8221;,<\/strong> dispar\u00f3.<\/p>\n<\/div>\n<div class=\"sc-80531b6b-0 chRIGJ container-text text-embed\">\n<p>La reacci\u00f3n de Milei fue una respuesta directa al \u00faltimo post del exministro en su blog, donde dijo que la baja de la inflaci\u00f3n desde diciembre no se deb\u00eda solo al equilibrio fiscal y la estabilidad del d\u00f3lar sino tambi\u00e9n a &#8220;una <strong>ca\u00edda relativa del gasto nominal de las familias dentro del pa\u00eds,<\/strong> teniendo en cuenta que <strong>la apreciaci\u00f3n del peso ha alentado los viajes de compras y turismo<\/strong> a pa\u00edses vecinos&#8221; y neg\u00f3 que el dinero del FMI alcanzara para levantar el cepo.<\/p>\n<\/div>\n<div class=\"sc-80531b6b-0 chRIGJ container-text text-embed\">\n<p>Esa lectura de Cavallo ya hab\u00eda sido precedida por otra a principios de enero, cuando el exfuncionario dijo que <strong>la apreciaci\u00f3n cambiaria &#8220;puede estimarse en alrededor del 20%<\/strong>&#8221; y compar\u00f3 ese nivel de atraso del d\u00f3lar con el que exist\u00eda en los tres a\u00f1os previos de la convertibilidad, lo que llev\u00f3 a una deflaci\u00f3n muy costosa que transform\u00f3 la recesi\u00f3n en &#8220;una verdadera depresi\u00f3n econ\u00f3mica&#8221;. &#8220;<strong>Es irritante e insultante la estupidez que dijo<\/strong>&#8220;, le respondi\u00f3 Milei.<\/p>\n<\/div>\n<p><h2>El mentor de Milei<\/h2>\n<\/p>\n<div class=\"sc-80531b6b-0 chRIGJ container-text text-embed\">\n<p>No siempre las relaciones entre los dos economistas estuvieron cruzadas por la bronca y el desprecio. El destino y su adoraci\u00f3n compartida por el modelo menemista hizo que en los \u00faltimos a\u00f1os forjaran<strong> un v\u00ednculo cercano, bastante parecido a la amistad<\/strong>. Milei encontr\u00f3 en el padre de la convertibilidad un referente y un consejero, y el exministro de Econom\u00eda, un agitador y propagandista de las ideas liberales con ambiciones de poder.<\/p>\n<\/div>\n<div class=\"sc-80531b6b-0 chRIGJ container-text text-embed\">\n<p>En agosto de 2020, en plena pandemia, el actual jefe de Estado cre\u00eda que la convertibilidad hab\u00eda sido &#8220;el mejor programa&#8221; y consideraba al exfuncionario \u201c<strong>el mejor ministro de Econom\u00eda de toda la historia<\/strong>\u201d. Era la \u00e9poca en que el economista visitaba en forma frecuente canales de TV, se dejaba aconsejar por Cavallo y olfateaba la posibilidad de convertirse en diputado por la Ciudad, como ocurri\u00f3 en diciembre de 2021.<\/p>\n<\/div>\n<div class=\"sc-80531b6b-0 chRIGJ container-text text-embed\">\n<p>La carrera presidencial aceler\u00f3 el acercamiento de Milei a figuras cercanas al exministro. <strong>Carlos Kikuchi<\/strong>, el principal armador nacional de La Libertad Avanza y quien qued\u00f3 en la mira por las denuncias de ventas de candidaturas, fue periodista y vocero de Cavallo. <strong>Joaqu\u00edn Cottani<\/strong>, exsecretario de Pol\u00edtica Econ\u00f3mica de Luis Caputo, fue subsecretario de Financiamiento del &#8220;mingo&#8221;. Y el jefe de Gabinete, <strong>Guillermo Francos<\/strong>, fund\u00f3 con \u00e9l Acci\u00f3n por la Rep\u00fablica. Cottani fue eyectado del cargo <strong>lo mismo que otro delf\u00edn del ex ministro de Econom\u00eda, Osvaldo Giordano, <\/strong>que fuera designado titular de la Anses.<\/p>\n<\/div>\n<p><h2>La trastienda de la pelea<\/h2>\n<\/p>\n<div class=\"sc-80531b6b-0 chRIGJ container-text text-embed\">\n<p>Pese a sus diferencias con la dolarizaci\u00f3n, Cavallo acompa\u00f1\u00f3 el plan de ajuste que sali\u00f3 a luz en diciembre de 2023. Se trataba de una devaluaci\u00f3n del 50% (d\u00f3lar a $ 800) con liberaci\u00f3n de precios, suba de tarifas y fuerte ajuste fiscal. Pero a los pocos meses de andar, <strong>el padre de la convertibilidad empez\u00f3 a tomar distancia<\/strong>, alertando sobre el freno en la baja de la inflaci\u00f3n y los riesgos de planchar el d\u00f3lar para bajar los precios.<\/p>\n<\/div>\n<div class=\"sc-80531b6b-0 chRIGJ container-text text-embed\">\n<p><strong>La mayor discrepancia era el cepo<\/strong>. Mientras el Gobierno impulsaba una salida gradual, el exministro propon\u00eda acelerar el ritmo de devaluaci\u00f3n y levantar al menos las restricciones financieras. El mercado ten\u00eda entonces la expectativa de que el gobierno levantara el cepo a mitad de 2024. &#8220;Hasta que no se liberalice y reunifique el mercado cambiario, no veo que haya una reactivaci\u00f3n importante de la econom\u00eda&#8221;, dijo en abril.<\/p>\n<\/div>\n<div class=\"sc-80531b6b-0 chRIGJ container-text text-embed\">\n<p>En los meses siguientes, Cavallo se\u00f1al\u00f3 que el gobierno manten\u00eda los controles para acumular reservas y controlar el tipo de cambio oficial y paralelo (CCL). Del otro lado,<strong> Milei lo acusaba de querer &#8220;hacer saltar el tipo de cambio&#8221;<\/strong> con una devaluaci\u00f3n que ir\u00eda a precios, y fue sumando condiciones para salir del cepo, como la de alcanzar la &#8220;inflaci\u00f3n cero&#8221;. La trifulca verbal pas\u00f3 a mayores en junio cuando el Presidente decidi\u00f3 deshacerse de Cottani.<\/p>\n<\/div>\n<div class=\"sc-80531b6b-0 chRIGJ container-text text-embed\">\n<p>Los cruces continuaron cuando el tambi\u00e9n exministro de Econom\u00eda de Fernando De la R\u00faa anticip\u00f3 un incremento de la inflaci\u00f3n en noviembre y diciembre -lo que termin\u00f3 ocurriendo solo en diciembre, al subir 2,7% mensual desde el 2,4% de noviembre- e insisti\u00f3 en levantar el cepo antes de las elecciones de 2025. Lo que sigue es conocido: <strong>Cavallo pas\u00f3 a la lista de los &#8220;econochantas&#8221;<\/strong>  mientras Milei\u00a0 anticipaba la semana pasada que el cepo se extender\u00e1 hasta 2026.<\/p>\n<\/div>\n<\/div>\n<p><br \/>\n<br \/><a href=\"https:\/\/www.clarin.com\/economia\/mejor-ministro-historia-impresentable-gesto-ruptura-milei-cavallo_0_2BG0vahTZ7.html\">Fuente Clarin.com <\/a><\/p>\n","protected":false},"excerpt":{"rendered":"<p>La historia de amor y odio entre Javier Milei y Domingo Cavallo no comenz\u00f3 ayer. Pero sin dudas alcanz\u00f3 un punto de inflexi\u00f3n este lunes con la decisi\u00f3n del Presidente de echar de la OEA a Sonia Cavallo, la hija del exministro de Econom\u00eda. La vendetta coron\u00f3 as\u00ed una serie de desavenencias en torno al [&hellip;]<\/p>\n","protected":false},"author":1,"featured_media":3615,"comment_status":"open","ping_status":"open","sticky":false,"template":"","format":"standard","meta":{"footnotes":""},"categories":[2],"tags":[4462,66,462,77,5640],"class_list":["post-3614","post","type-post","status-publish","format-standard","has-post-thumbnail","hentry","category-ultimas-noticias","tag-cavallo","tag-como","tag-gesto","tag-milei","tag-ruptura"],"_links":{"self":[{"href":"https:\/\/13.com.ar\/index.php\/wp-json\/wp\/v2\/posts\/3614","targetHints":{"allow":["GET"]}}],"collection":[{"href":"https:\/\/13.com.ar\/index.php\/wp-json\/wp\/v2\/posts"}],"about":[{"href":"https:\/\/13.com.ar\/index.php\/wp-json\/wp\/v2\/types\/post"}],"author":[{"embeddable":true,"href":"https:\/\/13.com.ar\/index.php\/wp-json\/wp\/v2\/users\/1"}],"replies":[{"embeddable":true,"href":"https:\/\/13.com.ar\/index.php\/wp-json\/wp\/v2\/comments?post=3614"}],"version-history":[{"count":0,"href":"https:\/\/13.com.ar\/index.php\/wp-json\/wp\/v2\/posts\/3614\/revisions"}],"wp:featuredmedia":[{"embeddable":true,"href":"https:\/\/13.com.ar\/index.php\/wp-json\/wp\/v2\/media\/3615"}],"wp:attachment":[{"href":"https:\/\/13.com.ar\/index.php\/wp-json\/wp\/v2\/media?parent=3614"}],"wp:term":[{"taxonomy":"category","embeddable":true,"href":"https:\/\/13.com.ar\/index.php\/wp-json\/wp\/v2\/categories?post=3614"},{"taxonomy":"post_tag","embeddable":true,"href":"https:\/\/13.com.ar\/index.php\/wp-json\/wp\/v2\/tags?post=3614"}],"curies":[{"name":"wp","href":"https:\/\/api.w.org\/{rel}","templated":true}]}}