{"id":3592,"date":"2025-02-10T16:02:45","date_gmt":"2025-02-10T19:02:45","guid":{"rendered":"https:\/\/13.com.ar\/index.php\/otros-dos-macristas-de-peso-piden-un-acuerdo-con-milei-en-provincia-y-hay-tension-maxima-en-el-pro\/"},"modified":"2025-02-10T16:02:45","modified_gmt":"2025-02-10T19:02:45","slug":"otros-dos-macristas-de-peso-piden-un-acuerdo-con-milei-en-provincia-y-hay-tension-maxima-en-el-pro","status":"publish","type":"post","link":"https:\/\/13.com.ar\/index.php\/otros-dos-macristas-de-peso-piden-un-acuerdo-con-milei-en-provincia-y-hay-tension-maxima-en-el-pro\/","title":{"rendered":"Otros dos macristas de peso piden un acuerdo con Milei en Provincia y hay tensi\u00f3n m\u00e1xima en el PRO"},"content":{"rendered":"<p> <br \/>\n<br \/><img decoding=\"async\" src=\"https:\/\/13.com.ar\/wp-content\/uploads\/2025\/02\/Otros-dos-macristas-de-peso-piden-un-acuerdo-con-Milei.jpg\" \/><\/p>\n<div>\n<p>En medio de los cortocircuitos constantes entre La Libertad Avanza y el PRO, dos referentes bonaerenses de ese espacio abrieron la puerta a una posibel coalici\u00f3n electoral entre ambos partidos este a\u00f1o. Reunidos en Mar del Plata, Diego Santilli y Guillermo Montenegro declararon: \u201cSi vamos juntos este a\u00f1o, en 2027 ganamos la Provincia y terminamos con el kirchnerismo\u201d.<\/p>\n<\/div>\n<div>\n<p>El diputado nacional asegur\u00f3: &#8220;No podemos ser funcionales al kirchnerismo en la Provincia. Lo vengo planteando desde el 2021: tenemos que consolidar una alternativa amplia y potente contra Kicillof y el kirchnerismo, que han abandonado a los bonaerenses y que con sus pol\u00edticas defienden m\u00e1s a los delincuentes que a los laburantes&#8221;.<\/p>\n<\/div>\n<div>\n<p>En tanto, el intendente de General Pueyrred\u00f3n, cabecera de Mar del Plata, se expres\u00f3 en la misma l\u00ednea. &#8220;Estamos convencidos de que hay que trabajar en sinton\u00eda con La Libertad Avanza para sacar al kirchnerismo de la provincia de Buenos Aires, su \u00faltima guarida, donde cada d\u00eda los argentinos sufrimos un nuevo homicidio. Es el momento de priorizar una provincia normal ante las mezquindades personales: si vamos juntos este a\u00f1o, en 2027 ganamos la Provincia y terminamos con los K&#8221;, sostuvo.<\/p>\n<\/div>\n<p><br \/>\n<br \/><a href=\"https:\/\/www.clarin.com\/politica\/guino-santilli-montenegro-milei-vamos-juntos-ano-2027-ganamos-provincia-terminamos-kirchnerismo_0_AE7VYWZcpH.html\">Fuente Clarin.com <\/a><\/p>\n","protected":false},"excerpt":{"rendered":"<p>En medio de los cortocircuitos constantes entre La Libertad Avanza y el PRO, dos referentes bonaerenses de ese espacio abrieron la puerta a una posibel coalici\u00f3n electoral entre ambos partidos este a\u00f1o. Reunidos en Mar del Plata, Diego Santilli y Guillermo Montenegro declararon: \u201cSi vamos juntos este a\u00f1o, en 2027 ganamos la Provincia y terminamos [&hellip;]<\/p>\n","protected":false},"author":1,"featured_media":3593,"comment_status":"open","ping_status":"open","sticky":false,"template":"","format":"standard","meta":{"footnotes":""},"categories":[2],"tags":[267,18,59,942,5619,2925,77,1103,3902,4321,1111,490,1264],"class_list":["post-3592","post","type-post","status-publish","format-standard","has-post-thumbnail","hentry","category-ultimas-noticias","tag-acuerdo","tag-con","tag-dos","tag-hay","tag-macristas","tag-maxima","tag-milei","tag-otros","tag-peso","tag-piden","tag-pro","tag-provincia","tag-tension"],"_links":{"self":[{"href":"https:\/\/13.com.ar\/index.php\/wp-json\/wp\/v2\/posts\/3592","targetHints":{"allow":["GET"]}}],"collection":[{"href":"https:\/\/13.com.ar\/index.php\/wp-json\/wp\/v2\/posts"}],"about":[{"href":"https:\/\/13.com.ar\/index.php\/wp-json\/wp\/v2\/types\/post"}],"author":[{"embeddable":true,"href":"https:\/\/13.com.ar\/index.php\/wp-json\/wp\/v2\/users\/1"}],"replies":[{"embeddable":true,"href":"https:\/\/13.com.ar\/index.php\/wp-json\/wp\/v2\/comments?post=3592"}],"version-history":[{"count":0,"href":"https:\/\/13.com.ar\/index.php\/wp-json\/wp\/v2\/posts\/3592\/revisions"}],"wp:featuredmedia":[{"embeddable":true,"href":"https:\/\/13.com.ar\/index.php\/wp-json\/wp\/v2\/media\/3593"}],"wp:attachment":[{"href":"https:\/\/13.com.ar\/index.php\/wp-json\/wp\/v2\/media?parent=3592"}],"wp:term":[{"taxonomy":"category","embeddable":true,"href":"https:\/\/13.com.ar\/index.php\/wp-json\/wp\/v2\/categories?post=3592"},{"taxonomy":"post_tag","embeddable":true,"href":"https:\/\/13.com.ar\/index.php\/wp-json\/wp\/v2\/tags?post=3592"}],"curies":[{"name":"wp","href":"https:\/\/api.w.org\/{rel}","templated":true}]}}