{"id":3588,"date":"2025-02-10T15:56:56","date_gmt":"2025-02-10T18:56:56","guid":{"rendered":"https:\/\/13.com.ar\/index.php\/el-ministro-de-axel-kicillof-dijo-que-la-ola-de-inseguridad-esta-vinculada-a-la-devaluacion-de-javier-milei\/"},"modified":"2025-02-10T15:56:56","modified_gmt":"2025-02-10T18:56:56","slug":"el-ministro-de-axel-kicillof-dijo-que-la-ola-de-inseguridad-esta-vinculada-a-la-devaluacion-de-javier-milei","status":"publish","type":"post","link":"https:\/\/13.com.ar\/index.php\/el-ministro-de-axel-kicillof-dijo-que-la-ola-de-inseguridad-esta-vinculada-a-la-devaluacion-de-javier-milei\/","title":{"rendered":"El ministro de Axel Kicillof dijo que la ola de inseguridad est\u00e1 vinculada a la devaluaci\u00f3n de Javier Milei"},"content":{"rendered":"<p> <br \/>\n<br \/><img decoding=\"async\" src=\"https:\/\/13.com.ar\/wp-content\/uploads\/2025\/02\/El-ministro-de-Axel-Kicillof-dijo-que-la-ola-de.jpg\" \/><\/p>\n<div>\n<p>En medio de la <strong>escalada de episodios de inseguridad<\/strong> que se registran en el Conurbano bonaerense, el ministro de Seguridad de Axel Kicillof<strong>, Javier Alonso<\/strong>, <strong>vincul\u00f3 la devaluaci\u00f3n<\/strong> realizada en diciembre de 2023 por <strong>Javier Milei <\/strong>con el <strong>aumento de los delitos<\/strong> durante el primer semestre de 2024.<\/p>\n<\/div>\n<div>\n<p><strong>&#8220;La gran devaluaci\u00f3n que hizo Milei <\/strong>en diciembre <strong>gener\u00f3 un pico de conflictividad en la calle&#8221;, <\/strong>coment\u00f3 Alonso en declaraciones a <em>Futurock <\/em>donde sostuvo que el dato surge de la observaci\u00f3n de los datos y la suba de la curva tres meses despu\u00e9s de que asumi\u00f3 el libertario.<\/p>\n<\/div>\n<div>\n<p>&#8220;Se ve cuando ves las curvas, con un <strong>pico de delito que creci\u00f3 hacia marzo y abril<\/strong>, fundamentalmente la sustracci\u00f3n de automotor y robo en v\u00eda p\u00fablica&#8221;, puntualiz\u00f3 Alonso, en medio de las cr\u00edticas por una ola actual de inseguridad y cr\u00edmenes en la Provincia.<\/p>\n<\/div>\n<div>\n<p>El ministro precis\u00f3 tambi\u00e9n que tras el pico registrado entre marzo y abril la curva de delitos <strong>&#8220;se aplac\u00f3&#8221;<\/strong>. &#8220;Se trabaj\u00f3 much\u00edsimo en la calle y cerramos el a\u00f1o con un promedio de aumento del delito del 7%&#8221;, indic\u00f3.<\/p>\n<\/div>\n<div>\n<p>Seg\u00fan los datos brindados durante el reportaje,<strong> en 2024 se produjeron en la Provincia de Buenos Aires 810 homicidios. <\/strong>&#8220;Hace 20 a\u00f1os ten\u00edamos 2700, hace 10, 1700; es un logro muy importante&#8221;, consider\u00f3.<\/p>\n<\/div>\n<p><br \/>\n<br \/><a href=\"https:\/\/www.clarin.com\/politica\/ministro-axel-kicillof-dijo-ola-inseguridad-vinculada-devaluacion-javier-milei_0_LYNEKNYSBK.html\">Fuente Clarin.com <\/a><\/p>\n","protected":false},"excerpt":{"rendered":"<p>En medio de la escalada de episodios de inseguridad que se registran en el Conurbano bonaerense, el ministro de Seguridad de Axel Kicillof, Javier Alonso, vincul\u00f3 la devaluaci\u00f3n realizada en diciembre de 2023 por Javier Milei con el aumento de los delitos durante el primer semestre de 2024. &#8220;La gran devaluaci\u00f3n que hizo Milei en [&hellip;]<\/p>\n","protected":false},"author":1,"featured_media":3589,"comment_status":"open","ping_status":"open","sticky":false,"template":"","format":"standard","meta":{"footnotes":""},"categories":[2],"tags":[1687,3067,1572,300,2381,273,488,77,2640,1203,5618],"class_list":["post-3588","post","type-post","status-publish","format-standard","has-post-thumbnail","hentry","category-ultimas-noticias","tag-axel","tag-devaluacion","tag-dijo","tag-esta","tag-inseguridad","tag-javier","tag-kicillof","tag-milei","tag-ministro","tag-ola","tag-vinculada"],"_links":{"self":[{"href":"https:\/\/13.com.ar\/index.php\/wp-json\/wp\/v2\/posts\/3588","targetHints":{"allow":["GET"]}}],"collection":[{"href":"https:\/\/13.com.ar\/index.php\/wp-json\/wp\/v2\/posts"}],"about":[{"href":"https:\/\/13.com.ar\/index.php\/wp-json\/wp\/v2\/types\/post"}],"author":[{"embeddable":true,"href":"https:\/\/13.com.ar\/index.php\/wp-json\/wp\/v2\/users\/1"}],"replies":[{"embeddable":true,"href":"https:\/\/13.com.ar\/index.php\/wp-json\/wp\/v2\/comments?post=3588"}],"version-history":[{"count":0,"href":"https:\/\/13.com.ar\/index.php\/wp-json\/wp\/v2\/posts\/3588\/revisions"}],"wp:featuredmedia":[{"embeddable":true,"href":"https:\/\/13.com.ar\/index.php\/wp-json\/wp\/v2\/media\/3589"}],"wp:attachment":[{"href":"https:\/\/13.com.ar\/index.php\/wp-json\/wp\/v2\/media?parent=3588"}],"wp:term":[{"taxonomy":"category","embeddable":true,"href":"https:\/\/13.com.ar\/index.php\/wp-json\/wp\/v2\/categories?post=3588"},{"taxonomy":"post_tag","embeddable":true,"href":"https:\/\/13.com.ar\/index.php\/wp-json\/wp\/v2\/tags?post=3588"}],"curies":[{"name":"wp","href":"https:\/\/api.w.org\/{rel}","templated":true}]}}