{"id":35855,"date":"2025-06-21T20:32:29","date_gmt":"2025-06-21T23:32:29","guid":{"rendered":"https:\/\/13.com.ar\/index.php\/el-propio-ser-de-cristina-no-la-deja-ir-a-su-lugar-en-el-mundo\/"},"modified":"2025-06-21T20:32:29","modified_gmt":"2025-06-21T23:32:29","slug":"el-propio-ser-de-cristina-no-la-deja-ir-a-su-lugar-en-el-mundo","status":"publish","type":"post","link":"https:\/\/13.com.ar\/index.php\/el-propio-ser-de-cristina-no-la-deja-ir-a-su-lugar-en-el-mundo\/","title":{"rendered":"\u201cEl propio ser de Cristina no la deja ir a su lugar en el mundo\u201d"},"content":{"rendered":"<p> <br \/>\n<br \/><img decoding=\"async\" src=\"https:\/\/13.com.ar\/wp-content\/uploads\/2025\/06\/El-propio-ser-de-Cristina-no-la-deja-ir-a.jpg\" \/><\/p>\n<div id=\"cuerpo\">\n<div class=\"sc-45461e9c-0 eqiBeF container-text text-embed \" id=\"element-body-0\">\n<p>Qu\u00e9 lindo y que suerte tienen aquellos que puedan elegir su lugar en el mundo para vivir. Qu\u00e9 lindo debe ser poder optar, como propietario, entre \u201cvarios\u201d lugares en el mundo como para poder estar un tiempo o vivir.<\/p>\n<\/div>\n<div class=\"sc-45461e9c-0 eqiBeF container-text text-embed \" id=\"element-body-1\">\n<p>Siempre se repet\u00eda que la \u201cdoctora\u201d Kirchner mencionaba como<strong> \u201csu lugar en el mundo\u201d a El Calafate<\/strong>, lugar en donde ella ten\u00eda una casa de 520 m2 . Ojal\u00e1 qui\u00e9n lea esta carta pueda dimensionar lo que significa <strong>una casa de esa magnitud <\/strong>compar\u00e1ndola con departamentos de 2, 3 ambientes, o casas con medidas, m\u00e1s normales. All\u00ed Cristina realizaba, por ejemplo, y en \u00e9pocas en las que era vicepresidente de Alberto Fern\u00e1ndez, viajes en aviones presidenciales para pasar las Fiestas o alguna conmemoraci\u00f3n en especial.<strong> El lugar por cierto es paradis\u00edaco.<\/strong><\/p>\n<\/div>\n<div class=\"sc-45461e9c-0 eqiBeF container-text text-embed \" id=\"element-body-2\">\n<p>Mi primera pregunta es, \u00bfno ser\u00eda el lugar elegido por cualquier mortal si tuviese la situaci\u00f3n procesal de la \u201cdoctora?. Si tuviese la ventaja (por la situaci\u00f3n que sea) de tener una condena domiciliaria, de estar privado de la libertad, <strong>\u00bfusted no elegir\u00eda un lugar como El Calafate para pasar dicha condena?<\/strong><\/p>\n<\/div>\n<div class=\"sc-45461e9c-0 eqiBeF container-text text-embed \" id=\"element-body-3\">\n<p>Julio De Vido, por ejemplo, paso parte de su prisi\u00f3n domiciliaria una chacra en Z\u00e1rate, lugar en donde el ex funcionario tiene un predio de unas 4 has. dentro de un barrio exclusivo de 700 has., y con una casa algo m\u00e1s chica que El Calafate, de 300 m2.<\/p>\n<\/div>\n<div class=\"sc-45461e9c-0 eqiBeF container-text text-embed \" id=\"element-body-4\">\n<p>Soy una persona de edad avanzada, digamos, para no decir \u201cviejo\u201d, pero en mi \u00e9poca hab\u00eda una diferenciaci\u00f3n bastante clara, unos eran <strong>\u201cladrones de gallinas\u201d <\/strong>y otros<strong> \u201cladrones de guante blanco\u201d<\/strong>. Obviamente el ladr\u00f3n de gallinas no ten\u00eda muchas opciones, iba a una prisi\u00f3n com\u00fan y le daban un espacio que con suerte era de 2&#215;2; estos reos ni siquiera se pon\u00edan a pensar en si podr\u00edan o no salir a un balc\u00f3n para \u201cregar las plantas\u201d o saludar a vecinos. Pero, \u00bfc\u00f3mo podr\u00eda explicarse que siendo, primeramente, militantes pol\u00edticos con actividades privadas normales y luego funcionarios p\u00fablicos de distinto rango <strong>hayan \u201ccosechado\u201d tanto dinero?<\/strong> <\/p>\n<\/div>\n<div class=\"sc-45461e9c-0 eqiBeF container-text text-embed \" id=\"element-body-5\">\n<p>Por favor, para todos aquellos que entendiblemente (por el motivo que sea) apoyan a la ex presidente, al ex ministro (y a tantos ex de los gobiernos en cuesti\u00f3n), <strong>\u00bfno les resulta raro ese crecimiento desmedido de bienes?<\/strong> \u00a1En serio!, porque no entiendo c\u00f3mo se puede llegar a tantas propiedades con el sueldo de un funcionario p\u00fablico. <strong>\u00a1No cierra por ning\u00fan lado! \u00a1No tiene explicaci\u00f3n! \u00a1No tiene justificaci\u00f3n! \u00a1Y ah\u00ed no hay vuelta que darle! <\/strong>Se siente como una tomadura de pelo, como una burla, como una humillaci\u00f3n hacia el resto de la poblaci\u00f3n.<\/p>\n<\/div>\n<div class=\"sc-45461e9c-0 eqiBeF container-text text-embed \" id=\"element-body-6\">\n<p>Entonces, \u00bfpor qu\u00e9 la \u201cdoctora\u201d, teniendo entre otras la propiedad mencionada, elige San Jos\u00e9 1111, en Constituci\u00f3n?. Y es porque a Cristina lo \u00fanico que realmente le interesa de manera desmedida <strong>es su propio ser.<\/strong> Se puede y se debe tener algo de ego, eso es natural, pero cuando este se transforma en algo fuera de lo com\u00fan, se denomina (como lo menciona el doctor Castro) en s\u00edndrome de Hubris o hybris, cuya traducci\u00f3n de la inteligencia artificial es:<em> \u201cEste t\u00e9rmino, de origen griego, describe un <\/em><strong><em>estado de orgullo, arrogancia y exceso de confianza en uno mismo, a menudo asociado con la p\u00e9rdida de la humildad y la empat\u00eda hacia los dem\u00e1s\u201d.<\/em><\/strong><\/p>\n<\/div>\n<div class=\"sc-45461e9c-0 eqiBeF container-text text-embed \" id=\"element-body-7\">\n<p>Y me quedo con este \u00faltimo concepto, pensando en los vecinos de San Jos\u00e9 1111. <strong>Existe en este s\u00edndrome un desprecio por las opiniones y las necesidades de los dem\u00e1s.<\/strong> O sea, la t\u00edpica: lo que vos opin\u00e1s o pens\u00e1s no me interesa (algo muy similar al fascismo) porque s\u00f3lo \u201cYo\u201d tengo la raz\u00f3n, por lo tanto, \u201cTu\u201d necesidad me tiene sin cuidado. Si el barrio sufre, si el pa\u00eds pierde credibilidad, si el gobierno fracasa, no me interesa porque s\u00f3lo \u201cYo\u201d puedo gobernar; todos los dem\u00e1s, los que piensan distinto, los que dictaminan (jueces por caso) distinto, est\u00e1n equivocados. Esto nos deja con una conclusi\u00f3n, \u00a1terminemos con la democracia! No tiene sentido ya que s\u00f3lo hay una opci\u00f3n,\u2026 \u201c\u00a1el gobierno de Cristina!\u201d. Porque si no recordaremos la canci\u00f3n: <strong><em>\u201cSi la tocan a Cristina va a haber kilombo\u201d.<\/em><\/strong><\/p>\n<\/div>\n<div class=\"sc-45461e9c-0 eqiBeF container-text text-embed \" id=\"element-body-8\">\n<p>As\u00ed nunca saldremos del pozo. Necesitamos dirigentes que entiendan la base del pensamiento pol\u00edtico: la b\u00fasqueda del bien com\u00fan, dejando los propios intereses de lado.<\/p>\n<\/div>\n<div class=\"sc-45461e9c-0 eqiBeF container-text text-embed \" id=\"element-body-9\">\n<p><strong>Fernando Monod N\u00fa\u00f1ez \/ <\/strong>fernando.monod@gmail.com<\/p>\n<\/div>\n<p><h2>Cuando la puerta se cierre a sus espaldas (II)<\/h2>\n<\/p>\n<div class=\"sc-45461e9c-0 eqiBeF container-text text-embed \" id=\"element-body-13\">\n<p>El 14 de agosto de 2022 se publicaba en esta secci\u00f3n la carta <strong><em>\u201cEl terraplanismo K: su fe es incompatible con la ciencia jur\u00eddica\u201d<\/em><\/strong>, del lector Gast\u00f3n Bivort. All\u00ed, el relato era sobre el juicio a Cristina Kirchner por la causa Vialidad, y de aquellos que utilizan la franquicia peronista\/kirchnerista para servirse del poder. Luego, este cronista escribi\u00f3 el comentario<strong><em> \u201cCuando la puerta se cierra a sus espaldas\u201d<\/em><\/strong>, referido a la condena de 6 a\u00f1os de prisi\u00f3n domiciliara que hoy empez\u00f3 a cumplir Cristina Kirchner.<\/p>\n<\/div>\n<div class=\"sc-45461e9c-0 eqiBeF container-text text-embed \" id=\"element-body-14\">\n<p>Ese texto, <strong>escrito quiz\u00e1 con una cuota de premura<\/strong>, ya es un hecho consumado. Hablaba de la ideolog\u00eda K y de lo que hoy podr\u00eda pensar la ex vice presa en su casa, <strong>detr\u00e1s de las rejas de su balc\u00f3n.<\/strong> Y dec\u00eda algo as\u00ed: <em>\u201cHace 2.400 a\u00f1os que la humanidad acepta como un hecho matem\u00e1tico que la Tierra es redonda. Arist\u00f3teles, Aristarco de Samos, Erat\u00f3stenes y Claudio Ptolomeo basaron sus c\u00e1lculos geogr\u00e1ficos y astron\u00f3micos en la <\/em><strong><em>teor\u00eda de su esfericidad<\/em><\/strong><em>. \/\/ Pero hay otra asociaci\u00f3n m\u00e1s irracional: <\/em><strong><em>el terraplanismo K y su universo<\/em><\/strong><em>, que se basa en la necedad y el negacionismo. \/\/ Ellos s\u00f3lo inyectan conspiraciones para exculparse. Y desde ese lugar espolean con sus efectos \u00f3pticos, mentiras diseminadas de extensas diatribas, ofensivas sobre la Justicia, victimizaci\u00f3n, relatos <\/em><strong><em>y otros delirios<\/em><\/strong><em>. \/\/ Me pregunto con extrema curiosidad \u00bfqu\u00e9 sentimiento invadir\u00e1 a Cristina cuando, en el d\u00eda del juicio final, no alcance la redenci\u00f3n, la puerta de su casa se cierre a sus espaldas, y la soledad sea su \u00fanica socia en la Tierra? <\/em><strong><em>Esa, ser\u00e1 para ella la verdadera condena. Pero no la \u00faltima<\/em><\/strong><em>\u201d<\/em>. <\/p>\n<\/div>\n<div class=\"sc-45461e9c-0 eqiBeF container-text text-embed \" id=\"element-body-15\">\n<p>Hoy, en 2025, se me planta otro interrogante. \u00bfDespu\u00e9s de saltar y bailar en el balc\u00f3n del teatro Constituci\u00f3n, ser\u00e1 consciente que la condenaron a un aislamiento social de 6 a\u00f1os, respirando el mismo aire, caminando por la paredes bajo el mismo techo? <strong>\u00bfO tambi\u00e9n ser\u00e1 v\u00edctima de su propio terraplanismo?<\/strong>. Y ahora que sus laderos mediaron algunos <em>amenities<\/em> para que su pasar sea m\u00e1s tolerable, \u00bfpondr\u00e1 plantas para regar en el balc\u00f3n?<\/p>\n<\/div>\n<\/div>\n<p><br \/>\n<br \/><a href=\"https:\/\/www.clarin.com\/cartas-al-pais\/lectores-propio-cristina-deja-ir-lugar-mundo_0_pOSae4opnI.html\">Fuente Clarin.com <\/a><\/p>\n","protected":false},"excerpt":{"rendered":"<p>Qu\u00e9 lindo y que suerte tienen aquellos que puedan elegir su lugar en el mundo para vivir. Qu\u00e9 lindo debe ser poder optar, como propietario, entre \u201cvarios\u201d lugares en el mundo como para poder estar un tiempo o vivir. Siempre se repet\u00eda que la \u201cdoctora\u201d Kirchner mencionaba como \u201csu lugar en el mundo\u201d a El [&hellip;]<\/p>\n","protected":false},"author":1,"featured_media":35856,"comment_status":"open","ping_status":"open","sticky":false,"template":"","format":"standard","meta":{"footnotes":""},"categories":[2],"tags":[497,482,1071,143,843,1234],"class_list":["post-35855","post","type-post","status-publish","format-standard","has-post-thumbnail","hentry","category-ultimas-noticias","tag-cristina","tag-deja","tag-lugar","tag-mundo","tag-propio","tag-ser"],"_links":{"self":[{"href":"https:\/\/13.com.ar\/index.php\/wp-json\/wp\/v2\/posts\/35855","targetHints":{"allow":["GET"]}}],"collection":[{"href":"https:\/\/13.com.ar\/index.php\/wp-json\/wp\/v2\/posts"}],"about":[{"href":"https:\/\/13.com.ar\/index.php\/wp-json\/wp\/v2\/types\/post"}],"author":[{"embeddable":true,"href":"https:\/\/13.com.ar\/index.php\/wp-json\/wp\/v2\/users\/1"}],"replies":[{"embeddable":true,"href":"https:\/\/13.com.ar\/index.php\/wp-json\/wp\/v2\/comments?post=35855"}],"version-history":[{"count":0,"href":"https:\/\/13.com.ar\/index.php\/wp-json\/wp\/v2\/posts\/35855\/revisions"}],"wp:featuredmedia":[{"embeddable":true,"href":"https:\/\/13.com.ar\/index.php\/wp-json\/wp\/v2\/media\/35856"}],"wp:attachment":[{"href":"https:\/\/13.com.ar\/index.php\/wp-json\/wp\/v2\/media?parent=35855"}],"wp:term":[{"taxonomy":"category","embeddable":true,"href":"https:\/\/13.com.ar\/index.php\/wp-json\/wp\/v2\/categories?post=35855"},{"taxonomy":"post_tag","embeddable":true,"href":"https:\/\/13.com.ar\/index.php\/wp-json\/wp\/v2\/tags?post=35855"}],"curies":[{"name":"wp","href":"https:\/\/api.w.org\/{rel}","templated":true}]}}