{"id":35853,"date":"2025-06-21T20:29:30","date_gmt":"2025-06-21T23:29:30","guid":{"rendered":"https:\/\/13.com.ar\/index.php\/ayrton-costa-sintio-un-pinchazo-y-no-jugaria-ante-auckland-city\/"},"modified":"2025-06-21T20:29:30","modified_gmt":"2025-06-21T23:29:30","slug":"ayrton-costa-sintio-un-pinchazo-y-no-jugaria-ante-auckland-city","status":"publish","type":"post","link":"https:\/\/13.com.ar\/index.php\/ayrton-costa-sintio-un-pinchazo-y-no-jugaria-ante-auckland-city\/","title":{"rendered":"Ayrton Costa sinti\u00f3 &#8220;un pinchazo&#8221; y no jugar\u00eda ante Auckland City"},"content":{"rendered":"<p> <br \/>\n<br \/><img decoding=\"async\" src=\"https:\/\/13.com.ar\/wp-content\/uploads\/2025\/06\/Ayrton-Costa-sintio-un-pinchazo-y-no-jugaria-ante-Auckland.jpg\" \/><\/p>\n<div id=\"element-body-0\">\n<p><strong>Ayrton Costa est\u00e1 lesionado. <\/strong>El zaguero central zurdo que lleg\u00f3 al Mundial de Clubes por la ventana tras recibir a \u00faltimo momento el permiso de la Embajada de Estados Unidos para viajar a disputar el torneo sinti\u00f3 <strong><em>&#8220;un pinchazo&#8221;<\/em><\/strong> en uno de sus gemelos en la derrota ante Bayern M\u00fanich, este viernes, en el Hard Rock Stadium de Miami y se perder\u00eda el duelo del martes, ante el Auckland City, en Nashville. El que definir\u00e1 la suerte de Boca en el Grupo C. Este s\u00e1bado no se lo vio por el predio de la Universidad de Barry ya que estuvo en el consultorio m\u00e9dico.<\/p>\n<\/div>\n<div id=\"element-body-1\">\n<p>El defensor nacido en Quilmes lleg\u00f3 al partido con el Bayern M\u00fanich muy justo desde lo f\u00edsico, con una sobrecarga muscular despu\u00e9s del desgaste que le signific\u00f3 jugar ante Benfica -lo hizo en gran nivel- apenas 48 horas despu\u00e9s de volar desde Buenos Aires a suelo estadounidense.<\/p>\n<\/div>\n<div id=\"element-body-2\">\n<p>Ante Bayern M\u00fanich, el central ex Independiente tambi\u00e9n cumpli\u00f3 con una buena tarea, pero reconoci\u00f3 que sinti\u00f3 dolor en uno de sus gemelos. <strong><em>&#8220;Al final me sent\u00ed muy cansado pero cuando veo a la gente cantar, tengo ganas de seguir corriendo&#8221;,<\/em><\/strong> dijo tras el partido.<\/p>\n<\/div>\n<div id=\"element-body-4\">\n<p>Costa ser\u00e1 una baja sensible para Miguel \u00c1ngel Russo, sobre todo porque el entrenador decidi\u00f3 que jugara en lugar de Marcos Rojo. <strong>El central con pasado en la Selecci\u00f3n Argentina qued\u00f3 muy relegado despu\u00e9s de su ausencia al entrenamiento previo al partido con Independiente<\/strong>, por los cuartos de final del Torneo Apertura. Y tambi\u00e9n es fuertemente cuestionado por los hinchas tras sus declaraciones luego del Supercl\u00e1sico cuando indic\u00f3 que no se sent\u00eda &#8220;en deuda&#8221; con el p\u00fablico de Boca.<\/p>\n<\/div>\n<div id=\"element-body-5\">\n<p>Rojo asoma como la primera variante ante la ausencia de Ayrton Costa, pero <strong>este s\u00e1bado tampoco se lo vio por la Universidad de Barry<\/strong>. Siempre se hab\u00eda entrenado con el grupo desde que Boca lleg\u00f3 a Estados Unidos. Pero Russo lo dej\u00f3 en el banco y no le dio minutos. Todo indica que si <strong>Marco Pellegrino est\u00e1 bien f\u00edsicamente ser\u00e1 el titular ante Auckland City<\/strong>. Boca le compr\u00f3 su pase al Milan de Italia en 4 millones de d\u00f3lares y en la \u00faltima temporada jug\u00f3 a pr\u00e9stamo en Hurac\u00e1n. Aunque lleg\u00f3 al Mundial de Clubes desgarrado.<\/p>\n<\/div>\n<div id=\"element-body-7\">\n<p>Sin embargo, Pellegrino se entren\u00f3 con normalidad los d\u00edas previos al partido con Bayern M\u00fanich y trabaja con el grupo casi desde su llegada a Estados Unidos -lo hizo unos d\u00edas despu\u00e9s que el resto de la delegaci\u00f3n tras cerrarse su pase-. Ser\u00e1 una decisi\u00f3n que terminar\u00e1 de definir el futuro de Rojo en Boca: si Russo vuelve a relegar al ex Estudiantes, la suerte estar\u00e1 echada.<\/p>\n<\/div>\n<div id=\"element-body-9\">\n<p>Pero esa no es la \u00fanico preocupaci\u00f3n de Russo de cara al partido del martes en el GEODIS Park, de Nashville. Tambi\u00e9n habr\u00e1 que esperar c\u00f3mo se recupera Miguel Merentiel. El uruguayo termin\u00f3 muy cansado el partido ante Bayern M\u00fanich y arrastra una sobrecarga en sus gemelos que obligar\u00e1 al cuerpo t\u00e9cnico a ser prudente. Boca necesitar\u00e1 de los goles de la Bestia frente al equipo neozeland\u00e9s y esperar que Bayern M\u00fanich derrote a Benfica por una amplia diferencia (son 7 goles los que tiene que descontarle el equipo argentino al portugu\u00e9s en caso de quedar igualados en puntos). Aunque tambi\u00e9n se abri\u00f3 una puerta para el regreso de Edinson Cavani.<\/p>\n<\/div>\n<p><br \/>\n<br \/><a href=\"https:\/\/www.clarin.com\/deportes\/boca-ayrton-costa-sintio-pinchazo-jugaria-auckland-city_0_DCt6gAMstE.html\">Fuente Clarin.com <\/a><\/p>\n","protected":false},"excerpt":{"rendered":"<p>Ayrton Costa est\u00e1 lesionado. El zaguero central zurdo que lleg\u00f3 al Mundial de Clubes por la ventana tras recibir a \u00faltimo momento el permiso de la Embajada de Estados Unidos para viajar a disputar el torneo sinti\u00f3 &#8220;un pinchazo&#8221; en uno de sus gemelos en la derrota ante Bayern M\u00fanich, este viernes, en el Hard [&hellip;]<\/p>\n","protected":false},"author":1,"featured_media":35854,"comment_status":"open","ping_status":"open","sticky":false,"template":"","format":"standard","meta":{"footnotes":""},"categories":[2],"tags":[2759,20112,16690,1365,1740,10058,12236,5277],"class_list":["post-35853","post","type-post","status-publish","format-standard","has-post-thumbnail","hentry","category-ultimas-noticias","tag-ante","tag-auckland","tag-ayrton","tag-city","tag-costa","tag-jugaria","tag-pinchazo","tag-sintio"],"_links":{"self":[{"href":"https:\/\/13.com.ar\/index.php\/wp-json\/wp\/v2\/posts\/35853","targetHints":{"allow":["GET"]}}],"collection":[{"href":"https:\/\/13.com.ar\/index.php\/wp-json\/wp\/v2\/posts"}],"about":[{"href":"https:\/\/13.com.ar\/index.php\/wp-json\/wp\/v2\/types\/post"}],"author":[{"embeddable":true,"href":"https:\/\/13.com.ar\/index.php\/wp-json\/wp\/v2\/users\/1"}],"replies":[{"embeddable":true,"href":"https:\/\/13.com.ar\/index.php\/wp-json\/wp\/v2\/comments?post=35853"}],"version-history":[{"count":0,"href":"https:\/\/13.com.ar\/index.php\/wp-json\/wp\/v2\/posts\/35853\/revisions"}],"wp:featuredmedia":[{"embeddable":true,"href":"https:\/\/13.com.ar\/index.php\/wp-json\/wp\/v2\/media\/35854"}],"wp:attachment":[{"href":"https:\/\/13.com.ar\/index.php\/wp-json\/wp\/v2\/media?parent=35853"}],"wp:term":[{"taxonomy":"category","embeddable":true,"href":"https:\/\/13.com.ar\/index.php\/wp-json\/wp\/v2\/categories?post=35853"},{"taxonomy":"post_tag","embeddable":true,"href":"https:\/\/13.com.ar\/index.php\/wp-json\/wp\/v2\/tags?post=35853"}],"curies":[{"name":"wp","href":"https:\/\/api.w.org\/{rel}","templated":true}]}}