{"id":35851,"date":"2025-06-21T19:47:32","date_gmt":"2025-06-21T22:47:32","guid":{"rendered":"https:\/\/13.com.ar\/index.php\/aumento-de-las-jubilaciones-y-discapacidad-las-dos-complicaciones-politicas-que-espera-el-gobierno-en-los-meses-que-faltan-hasta-las-elecciones\/"},"modified":"2025-06-21T19:47:32","modified_gmt":"2025-06-21T22:47:32","slug":"aumento-de-las-jubilaciones-y-discapacidad-las-dos-complicaciones-politicas-que-espera-el-gobierno-en-los-meses-que-faltan-hasta-las-elecciones","status":"publish","type":"post","link":"https:\/\/13.com.ar\/index.php\/aumento-de-las-jubilaciones-y-discapacidad-las-dos-complicaciones-politicas-que-espera-el-gobierno-en-los-meses-que-faltan-hasta-las-elecciones\/","title":{"rendered":"Aumento de las jubilaciones y discapacidad, las dos complicaciones pol\u00edticas que espera el Gobierno en los meses que faltan hasta las elecciones"},"content":{"rendered":"<p> <br \/>\n<br \/><img decoding=\"async\" src=\"https:\/\/13.com.ar\/wp-content\/uploads\/2025\/06\/Aumento-de-las-jubilaciones-y-discapacidad-las-dos-complicaciones-politicas.jpg\" \/><\/p>\n<div id=\"element-body-0\">\n<p>En las \u00faltimas semanas, el Gobierno <strong>consigui\u00f3 mejorar una situaci\u00f3n pol\u00edtica que se le hab\u00eda complicado<\/strong> con las primeras elecciones del a\u00f1o. Hace poco m\u00e1s de un mes, el vocero Manuel Adorni <strong>dej\u00f3 en tercer lugar de la votaci\u00f3n porte\u00f1a al PRO<\/strong>, el partido que Javier Milei identifica como su aliado m\u00e1s t\u00f3xico. La semana pasada, Cristina Kirchner, la jefa de la oposici\u00f3n y la figura m\u00e1s notoria e influyente del peronismo en 50 a\u00f1os, <strong>qued\u00f3 presa por corrupci\u00f3n<\/strong> y se enred\u00f3 en discusiones con los jueces sobre las salidas al balc\u00f3n de su departamento y la lista de personas que pueden visitarla en su presidio hogare\u00f1o. Pero en la Casa Rosada <strong>no ven el cielo despejado<\/strong>.<\/p>\n<\/div>\n<div id=\"element-body-2\">\n<p>&#8220;Los meses que quedan hasta la elecci\u00f3n de octubre van a ser dif\u00edciles. El kirchnerismo va a tratar de complicarnos en el Congreso con temas que <strong>nos hagan m\u00e1s duro mantener el super\u00e1vit fiscal<\/strong>&#8220;, eval\u00faa un hombre con despacho en la Casa Rosada y con acceso directo a Milei.<\/p>\n<\/div>\n<div id=\"element-body-3\">\n<p>En el Gobierno miran con atenci\u00f3n dos golpes que pueden venir desde el Poder Legislativo. Uno es el proyecto que ordena una suba en los haberes de los jubilados, que prev\u00e9<strong> una suba de 16,4% del ingreso mensual <\/strong>para quienes perciben el haber m\u00ednimo y <strong>de 7,2% para los que cobran m\u00e1s<\/strong>. El otro es la ley que eleva el presupuesto del \u00e1rea de discapacidad del Estado, que seg\u00fan la Oficina del Presupuesto del Congreso tendr\u00e1 un costo fiscal de <strong>entre 0.22 y 0.42 puntos del PBI<\/strong>. Los dos tienen media sanci\u00f3n en Diputados y la oposici\u00f3n quiere acelerar su tratamiento en el Senado.<\/p>\n<\/div>\n<div id=\"element-body-4\">\n<p>Los dos proyectos son complicados de manejar para el Gobierno en un a\u00f1o electoral, en principio porque es impopular vetar leyes que buscan mejorar los recursos para jubilados y para discapacitados. Pero,<strong> incluso si Milei toma la decisi\u00f3n de frenarlos<\/strong>, se volver\u00e1 muy trabajoso para el oficialismo conseguir el tercio de legisladores en alguna de las dos c\u00e1maras para blindar un veto presidencial.<\/p>\n<\/div>\n<div id=\"element-body-5\">\n<p>&#8220;Nuestra pelea con (Mauricio) Macri <strong>nos puede complicar bastante para sostener el veto<\/strong> del Presidente al aumento de jubilaciones, porque ah\u00ed el PRO vot\u00f3 dividido&#8221;, admite ante <strong>Clar\u00edn<\/strong> uno de los operadores legislativos de Milei, que sigue el d\u00eda a d\u00eda de los posicionamientos de diputados y senadores de todos los bloques.<\/p>\n<\/div>\n<div id=\"element-body-6\">\n<p>Seg\u00fan el Ministerio de Econom\u00eda, subir las jubilaciones como dice el proyecto <strong>costar\u00e1 al menos un 0,7% del PBI<\/strong>, con lo cual ya se puede prever de qu\u00e9 manera tomar\u00e1n los mercados financieros una ley como esa. Este \u00faltimo viernes, sin esa norma en vigencia,<strong> el Riesgo Pa\u00eds de la Argentina cerr\u00f3 en 720 puntos<\/strong>. Los economistas cercanos al Gobierno insisten en que esa cifra <strong>debe bajar al menos a los 400 puntos<\/strong> para que el Presidente pueda cumplir el a\u00f1o pr\u00f3ximo su plan de volver a tomar financiamiento en los mercados internacionales a tasas sustentables.<\/p>\n<\/div>\n<div id=\"element-body-8\">\n<p>El Gobierno descuenta que, tarde o temprano, los senadores de la oposici\u00f3n conseguir\u00e1n vencer la resistencia del oficialismo, que<strong> se niega a habilitar el debate en las comisiones <\/strong>del proyecto de aumento jubilatorio que les giraron desde Diputados y votar la ley. La clave ser\u00e1 el n\u00famero con que se apruebe.<\/p>\n<\/div>\n<div id=\"element-body-9\">\n<p>Si la oposici\u00f3n consigue que lo voten dos tercios de los senadores -ese n\u00famero tambi\u00e9n habilitar\u00eda <strong>un tratamiento expr\u00e9s<\/strong> sin esperar el dictamen de las comisiones- la posibilidad de que el veto presidencial se mantenga depender\u00e1 de que los oficialistas consigan armar un tercio duro y propio en la C\u00e1mara baja. Ah\u00ed,<strong> la perspectiva para Milei es mala<\/strong>, porque s\u00f3lo 67 diputados votaron en contra del aumento y el tercio del cuerpo que necesita Milei es 86. El \u00fanico mecanismo que tiene disponible el Gobierno para cambiar esos n\u00fameros es lograr que algunos de los que se abstuvieron o faltaron se pasen a su bando, algo muy dif\u00edcil en medio de una campa\u00f1a electoral.<\/p>\n<\/div>\n<div id=\"element-body-10\">\n<p>En el c\u00edrculo m\u00e1s cercano a Milei creen que, incluso en medio del barrial del confinamiento por corrupci\u00f3n, <strong>Cristina conseguir\u00e1 armar las listas de candidatos a legisladores nacionales por el peronismo de este a\u00f1o<\/strong>. &#8220;Es probable que sea la \u00faltima vez que lo haga, pero hay que reconocerle a Cristina que en estos dos a\u00f1os, incluso con deserciones y fugas moment\u00e1neas, ella consigui\u00f3 mantener unidos los dos bloques en el Senado y Diputados. Eso puede cambiar despu\u00e9s de la elecci\u00f3n, pero hasta ahora sigue igual&#8221;, estima un dirigente mile\u00edsta. All\u00ed descansa el poder de fuego que todav\u00eda mantiene la ex presidenta, que alcanza para mantener en alerta al Gobierno, a pesar de las declaraciones celebratorias que derramaron en los \u00faltimos d\u00edas los voceros oficialistas.<\/p>\n<\/div>\n<p><br \/>\n<br \/><a href=\"https:\/\/www.clarin.com\/politica\/aumento-jubilaciones-discapacidad-complicaciones-politicas-espera-gobierno-meses-faltan-elecciones_0_1b5CqsGjke.html\">Fuente Clarin.com <\/a><\/p>\n","protected":false},"excerpt":{"rendered":"<p>En las \u00faltimas semanas, el Gobierno consigui\u00f3 mejorar una situaci\u00f3n pol\u00edtica que se le hab\u00eda complicado con las primeras elecciones del a\u00f1o. Hace poco m\u00e1s de un mes, el vocero Manuel Adorni dej\u00f3 en tercer lugar de la votaci\u00f3n porte\u00f1a al PRO, el partido que Javier Milei identifica como su aliado m\u00e1s t\u00f3xico. La semana [&hellip;]<\/p>\n","protected":false},"author":1,"featured_media":35852,"comment_status":"open","ping_status":"open","sticky":false,"template":"","format":"standard","meta":{"footnotes":""},"categories":[2],"tags":[544,8124,9753,59,404,463,6749,71,476,3384,48,28,1075,3591],"class_list":["post-35851","post","type-post","status-publish","format-standard","has-post-thumbnail","hentry","category-ultimas-noticias","tag-aumento","tag-complicaciones","tag-discapacidad","tag-dos","tag-elecciones","tag-espera","tag-faltan","tag-gobierno","tag-hasta","tag-jubilaciones","tag-las","tag-los","tag-meses","tag-politicas"],"_links":{"self":[{"href":"https:\/\/13.com.ar\/index.php\/wp-json\/wp\/v2\/posts\/35851","targetHints":{"allow":["GET"]}}],"collection":[{"href":"https:\/\/13.com.ar\/index.php\/wp-json\/wp\/v2\/posts"}],"about":[{"href":"https:\/\/13.com.ar\/index.php\/wp-json\/wp\/v2\/types\/post"}],"author":[{"embeddable":true,"href":"https:\/\/13.com.ar\/index.php\/wp-json\/wp\/v2\/users\/1"}],"replies":[{"embeddable":true,"href":"https:\/\/13.com.ar\/index.php\/wp-json\/wp\/v2\/comments?post=35851"}],"version-history":[{"count":0,"href":"https:\/\/13.com.ar\/index.php\/wp-json\/wp\/v2\/posts\/35851\/revisions"}],"wp:featuredmedia":[{"embeddable":true,"href":"https:\/\/13.com.ar\/index.php\/wp-json\/wp\/v2\/media\/35852"}],"wp:attachment":[{"href":"https:\/\/13.com.ar\/index.php\/wp-json\/wp\/v2\/media?parent=35851"}],"wp:term":[{"taxonomy":"category","embeddable":true,"href":"https:\/\/13.com.ar\/index.php\/wp-json\/wp\/v2\/categories?post=35851"},{"taxonomy":"post_tag","embeddable":true,"href":"https:\/\/13.com.ar\/index.php\/wp-json\/wp\/v2\/tags?post=35851"}],"curies":[{"name":"wp","href":"https:\/\/api.w.org\/{rel}","templated":true}]}}